{"id":82827,"date":"2022-10-27T12:14:39","date_gmt":"2022-10-27T12:14:39","guid":{"rendered":"https:\/\/estado29.mx\/?p=82827"},"modified":"2022-10-27T12:14:40","modified_gmt":"2022-10-27T12:14:40","slug":"invita-itj-a-participar-en-el-concurso-de-calaveritas-literarias","status":"publish","type":"post","link":"https:\/\/estado29.mx\/?p=82827","title":{"rendered":"Invita itj a participar en el \u201cconcurso de calaveritas literarias\u201d"},"content":{"rendered":"\n<p>*Habr\u00e1 premios econ\u00f3micos para los tres primeros lugares<\/p>\n\n\n\n<p>Con el objetivo de fomentar la creatividad en el sector juvenil e incentivar el gusto por la expresi\u00f3n literaria, el Instituto Tlaxcalteca de la Juventud (ITJ) invita a las y los j\u00f3venes de entre 12 y 29 a\u00f1os de edad, a participar en el \u201cConcurso de Calaveritas Literarias\u201d.<\/p>\n\n\n\n<p>De acuerdo con la convocatoria, las inscripciones estar\u00e1n abiertas hasta el d\u00eda viernes 28 de octubre a las 14:00 horas.<\/p>\n\n\n\n<p>Para esta actividad, deber\u00e1n escribir una calaverita literaria de tres estrofas como m\u00ednimo, con tem\u00e1tica relacionada a la juventud en los diversos sectores de la sociedad.<\/p>\n\n\n\n<p>Los participantes tendr\u00e1n que grabarse recitando su calaverita literaria disfrazados de alg\u00fan personaje representativo de la cultura del d\u00eda de muertos. El video ser\u00e1 enviado mediante mensaje directo a la p\u00e1gina oficial de Facebook del ITJ.<\/p>\n\n\n\n<p>Los aspectos a considerar en el concurso ser\u00e1n la creatividad, el tema elegido, la rima y que no haga uso de lenguaje ofensivo o agresivo.<\/p>\n\n\n\n<p>Los videos se publicar\u00e1n en la p\u00e1gina oficial de Facebook del Instituto Tlaxcalteca de la Juventud y se elegir\u00e1n a tres ganadores de acuerdo con el n\u00famero de reacciones que haya obtenido cada material.<\/p>\n\n\n\n<p>La fecha l\u00edmite para obtener reacciones ser\u00e1 el d\u00eda 2 de noviembre a las 15:00 horas.<\/p>\n\n\n\n<p>El primer lugar ser\u00e1 premiado con 2 mil pesos, el segundo lugar con mil 500 y el tercer lugar con mil pesos; la premiaci\u00f3n tendr\u00e1 lugar el d\u00eda 4 de noviembre de 2022, en las instalaciones del ITJ.<\/p>\n\n\n\n<p>Para mayor informaci\u00f3n, los interesados pueden acudir a las oficinas del instituto, ubicadas en calle Heroico Colegio Militar, n\u00famero 5, colonia Adolfo L\u00f3pez Mateos, en el interior del Parque de la Juventud, o comunicarse a las redes sociales del Instituto en Facebook, Instagram o Twitter.<\/p>\n\n\n\n<p>Las bases pueden ser consultadas y descargadas en el siguiente link https:\/\/linktr.ee\/itj_tlax<\/p>\n","protected":false},"excerpt":{"rendered":"<p>*Habr\u00e1 premios econ\u00f3micos para los tres primeros lugares Con el objetivo de fomentar la creatividad en el sector juvenil e incentivar el gusto por la expresi\u00f3n literaria, el Instituto Tlaxcalteca de la Juventud (ITJ) invita a las y los j\u00f3venes de entre 12 y 29 a\u00f1os de edad, a participar en el \u201cConcurso de Calaveritas [&hellip;]<\/p>\n","protected":false},"author":4,"featured_media":82828,"comment_status":"open","ping_status":"open","sticky":false,"template":"","format":"standard","meta":{"om_disable_all_campaigns":false,"_monsterinsights_skip_tracking":false,"_monsterinsights_sitenote_active":false,"_monsterinsights_sitenote_note":"","_monsterinsights_sitenote_category":0,"jnews-multi-image_gallery":[],"jnews_single_post":{"subtitle":"","format":"standard","video":"","gallery":"","source_name":"","source_url":"","via_name":"","via_url":"","override_template":"0","override":[{"template":"1","single_blog_custom":"","parallax":"1","fullscreen":"1","layout":"right-sidebar","sidebar":"default-sidebar","second_sidebar":"default-sidebar","sticky_sidebar":"1","share_position":"top","share_float_style":"share-monocrhome","show_share_counter":"1","show_view_counter":"1","show_featured":"1","show_post_meta":"1","show_post_author":"1","show_post_author_image":"1","show_post_date":"1","post_date_format":"default","post_date_format_custom":"Y\/m\/d","show_post_category":"1","show_post_reading_time":"0","post_reading_time_wpm":"300","show_zoom_button":"0","zoom_button_out_step":"2","zoom_button_in_step":"3","show_post_tag":"1","show_prev_next_post":"1","show_popup_post":"1","number_popup_post":"1","show_author_box":"1","show_post_related":"0","show_inline_post_related":"0"}],"override_image_size":"0","image_override":[{"single_post_thumbnail_size":"crop-500","single_post_gallery_size":"crop-500"}],"trending_post":"0","trending_post_position":"meta","trending_post_label":"Trending","sponsored_post":"0","sponsored_post_label":"Sponsored by","sponsored_post_name":"","sponsored_post_url":"","sponsored_post_logo_enable":"0","sponsored_post_logo":"","sponsored_post_desc":"","disable_ad":"0"},"jnews_primary_category":{"id":""},"footnotes":""},"categories":[82,80,43,52],"tags":[150,110,96],"class_list":["post-82827","post","type-post","status-publish","format-standard","has-post-thumbnail","hentry","category-cultura","category-educacion","category-estado","category-gobierno-de-tlaxcala","tag-gobierno-del-estado","tag-municipios","tag-tlaxcala"],"aioseo_notices":[],"_links":{"self":[{"href":"https:\/\/estado29.mx\/index.php?rest_route=\/wp\/v2\/posts\/82827","targetHints":{"allow":["GET"]}}],"collection":[{"href":"https:\/\/estado29.mx\/index.php?rest_route=\/wp\/v2\/posts"}],"about":[{"href":"https:\/\/estado29.mx\/index.php?rest_route=\/wp\/v2\/types\/post"}],"author":[{"embeddable":true,"href":"https:\/\/estado29.mx\/index.php?rest_route=\/wp\/v2\/users\/4"}],"replies":[{"embeddable":true,"href":"https:\/\/estado29.mx\/index.php?rest_route=%2Fwp%2Fv2%2Fcomments&post=82827"}],"version-history":[{"count":1,"href":"https:\/\/estado29.mx\/index.php?rest_route=\/wp\/v2\/posts\/82827\/revisions"}],"predecessor-version":[{"id":82829,"href":"https:\/\/estado29.mx\/index.php?rest_route=\/wp\/v2\/posts\/82827\/revisions\/82829"}],"wp:featuredmedia":[{"embeddable":true,"href":"https:\/\/estado29.mx\/index.php?rest_route=\/wp\/v2\/media\/82828"}],"wp:attachment":[{"href":"https:\/\/estado29.mx\/index.php?rest_route=%2Fwp%2Fv2%2Fmedia&parent=82827"}],"wp:term":[{"taxonomy":"category","embeddable":true,"href":"https:\/\/estado29.mx\/index.php?rest_route=%2Fwp%2Fv2%2Fcategories&post=82827"},{"taxonomy":"post_tag","embeddable":true,"href":"https:\/\/estado29.mx\/index.php?rest_route=%2Fwp%2Fv2%2Ftags&post=82827"}],"curies":[{"name":"wp","href":"https:\/\/api.w.org\/{rel}","templated":true}]}}