{"id":82836,"date":"2022-10-27T12:20:37","date_gmt":"2022-10-27T12:20:37","guid":{"rendered":"https:\/\/estado29.mx\/?p=82836"},"modified":"2022-10-27T12:20:37","modified_gmt":"2022-10-27T12:20:37","slug":"dan-continuidad-gobierno-del-estado-y-embajada-de-eua-al-programa-anti-trata-de-personas","status":"publish","type":"post","link":"https:\/\/estado29.mx\/?p=82836","title":{"rendered":"Dan continuidad gobierno del estado y embajada de EUA al programa anti-trata de personas"},"content":{"rendered":"\n<p>*Se desarrollar\u00e1n asesor\u00edas y capacitaciones a personal de la PGJE y de la Uipet en temas de trata de personas, delitos patrimoniales y extinci\u00f3n de dominio<\/p>\n\n\n\n<p>El secretario de Gobierno, Sergio Gonz\u00e1lez Hern\u00e1ndez sostuvo una reuni\u00f3n con autoridades de la Oficina Internacional para el Desarrollo de Sistemas de Procuraci\u00f3n de Justicia (Opdat), con el objetivo de dar seguimiento a las mesas de trabajo del programa anti-trata de personas que se aplica con la Procuradur\u00eda General de Justicia del Estado (PGJE) y la Unidad de Inteligencia Patrimonial y Econ\u00f3mica de Tlaxcala (Uipet).<\/p>\n\n\n\n<p>Durante el encuentro, el encargado de la pol\u00edtica interna del estado dio la bienvenida al equipo de trabajo de la Embajada de los Estados Unidos de Am\u00e9rica en M\u00e9xico, a quienes reiter\u00f3 la disposici\u00f3n del gobierno que encabeza Lorena Cu\u00e9llar Cisneros de dar continuidad a las estrategias de seguridad, capacitaci\u00f3n y asesor\u00eda.<\/p>\n\n\n\n<p>Se\u00f1al\u00f3 que esta uni\u00f3n permitir\u00e1 profesionalizar al personal de ambas dependencias para potencializar su desempe\u00f1o y brindar mejores resultados a la ciudadan\u00eda, al mismo tiempo que reconoci\u00f3 la convicci\u00f3n de la Opdat de hacer lo mejor desde las v\u00edas del conocimiento y la experiencia.<\/p>\n\n\n\n<p>Gonz\u00e1lez Hern\u00e1ndez agradeci\u00f3 el respaldo que han recibido en temas sensibles para el gobierno y para el pueblo de Tlaxcala, como es el combate a la trata de personas, por lo que puntualiz\u00f3 que el apostarle a la prevenci\u00f3n es un eje fundamental, pues destac\u00f3 que en materia de seguridad ha habido avances importantes en la entidad.<\/p>\n\n\n\n<p>A su vez, la fiscal residente de la Opdat y titular del Programa Anti-trata de Personas, Gigi Scoles ratific\u00f3 el compromiso de mantener trabajo conjunto con el Gobierno del Estado, para conocer las \u00e1reas de oportunidad y sumarse a ellas, \u201cestamos trabajando, queremos saber sus necesidades y saber de qu\u00e9 modo podemos apoyar en cr\u00edmenes financieros ligados a la trata\u201d.&nbsp;<\/p>\n\n\n\n<p>Indic\u00f3 que de igual manera realizan trabajo coordinado con el Estado de M\u00e9xico, con el prop\u00f3sito de mejorar la comunicaci\u00f3n y colaboraci\u00f3n entre entidades que enfrentan casos financieros y de trata de personas para su combate, ordenaci\u00f3n, investigaci\u00f3n y judicializaci\u00f3n.<\/p>\n\n\n\n<p>Los representantes de la Opdat permanecer\u00e1n en Tlaxcala para desarrollar reuniones de trabajo con titulares de la PGJE y de la Uipet, a fin de brindar explicaci\u00f3n de los apoyos en capacitaciones y asesor\u00edas especializadas en temas de trata de personas, delitos patrimoniales y extinci\u00f3n de dominio.<\/p>\n\n\n\n<p>En la reuni\u00f3n estuvieron presentes el fiscal residente de la Opdat y titular del programa anti-lavado de dinero, Adri\u00e1n Gallegos; los asesores legales mexicanos de los programas anti-trata de personas, Elizabeth L\u00f3pez y anti-trata lavado de dinero, Rafael Montiel, as\u00ed como la subprocuradora General de Justicia del Estado, Mar\u00eda Azucena Jim\u00e9nez Pacheco y el director de Evaluaci\u00f3n y Seguimiento del Sistema de Justicia Penal de la Segob, Rafael Hern\u00e1ndez Hern\u00e1ndez.<\/p>\n","protected":false},"excerpt":{"rendered":"<p>*Se desarrollar\u00e1n asesor\u00edas y capacitaciones a personal de la PGJE y de la Uipet en temas de trata de personas, delitos patrimoniales y extinci\u00f3n de dominio El secretario de Gobierno, Sergio Gonz\u00e1lez Hern\u00e1ndez sostuvo una reuni\u00f3n con autoridades de la Oficina Internacional para el Desarrollo de Sistemas de Procuraci\u00f3n de Justicia (Opdat), con el objetivo [&hellip;]<\/p>\n","protected":false},"author":4,"featured_media":82837,"comment_status":"open","ping_status":"open","sticky":false,"template":"","format":"standard","meta":{"om_disable_all_campaigns":false,"_monsterinsights_skip_tracking":false,"_monsterinsights_sitenote_active":false,"_monsterinsights_sitenote_note":"","_monsterinsights_sitenote_category":0,"jnews-multi-image_gallery":[],"jnews_single_post":{"subtitle":"","format":"standard","video":"","gallery":"","source_name":"","source_url":"","via_name":"","via_url":"","override_template":"0","override":[{"template":"1","single_blog_custom":"","parallax":"1","fullscreen":"1","layout":"right-sidebar","sidebar":"default-sidebar","second_sidebar":"default-sidebar","sticky_sidebar":"1","share_position":"top","share_float_style":"share-monocrhome","show_share_counter":"1","show_view_counter":"1","show_featured":"1","show_post_meta":"1","show_post_author":"1","show_post_author_image":"1","show_post_date":"1","post_date_format":"default","post_date_format_custom":"Y\/m\/d","show_post_category":"1","show_post_reading_time":"0","post_reading_time_wpm":"300","show_zoom_button":"0","zoom_button_out_step":"2","zoom_button_in_step":"3","show_post_tag":"1","show_prev_next_post":"1","show_popup_post":"1","number_popup_post":"1","show_author_box":"1","show_post_related":"0","show_inline_post_related":"0"}],"override_image_size":"0","image_override":[{"single_post_thumbnail_size":"crop-500","single_post_gallery_size":"crop-500"}],"trending_post":"0","trending_post_position":"meta","trending_post_label":"Trending","sponsored_post":"0","sponsored_post_label":"Sponsored by","sponsored_post_name":"","sponsored_post_url":"","sponsored_post_logo_enable":"0","sponsored_post_logo":"","sponsored_post_desc":"","disable_ad":"0"},"jnews_primary_category":{"id":""},"footnotes":""},"categories":[43,52],"tags":[852,853,284,851],"class_list":["post-82836","post","type-post","status-publish","format-standard","has-post-thumbnail","hentry","category-estado","category-gobierno-de-tlaxcala","tag-eua","tag-opdat","tag-sepe","tag-trata-de-personas"],"aioseo_notices":[],"_links":{"self":[{"href":"https:\/\/estado29.mx\/index.php?rest_route=\/wp\/v2\/posts\/82836","targetHints":{"allow":["GET"]}}],"collection":[{"href":"https:\/\/estado29.mx\/index.php?rest_route=\/wp\/v2\/posts"}],"about":[{"href":"https:\/\/estado29.mx\/index.php?rest_route=\/wp\/v2\/types\/post"}],"author":[{"embeddable":true,"href":"https:\/\/estado29.mx\/index.php?rest_route=\/wp\/v2\/users\/4"}],"replies":[{"embeddable":true,"href":"https:\/\/estado29.mx\/index.php?rest_route=%2Fwp%2Fv2%2Fcomments&post=82836"}],"version-history":[{"count":1,"href":"https:\/\/estado29.mx\/index.php?rest_route=\/wp\/v2\/posts\/82836\/revisions"}],"predecessor-version":[{"id":82838,"href":"https:\/\/estado29.mx\/index.php?rest_route=\/wp\/v2\/posts\/82836\/revisions\/82838"}],"wp:featuredmedia":[{"embeddable":true,"href":"https:\/\/estado29.mx\/index.php?rest_route=\/wp\/v2\/media\/82837"}],"wp:attachment":[{"href":"https:\/\/estado29.mx\/index.php?rest_route=%2Fwp%2Fv2%2Fmedia&parent=82836"}],"wp:term":[{"taxonomy":"category","embeddable":true,"href":"https:\/\/estado29.mx\/index.php?rest_route=%2Fwp%2Fv2%2Fcategories&post=82836"},{"taxonomy":"post_tag","embeddable":true,"href":"https:\/\/estado29.mx\/index.php?rest_route=%2Fwp%2Fv2%2Ftags&post=82836"}],"curies":[{"name":"wp","href":"https:\/\/api.w.org\/{rel}","templated":true}]}}