{"id":82906,"date":"2022-11-01T13:19:44","date_gmt":"2022-11-01T13:19:44","guid":{"rendered":"https:\/\/estado29.mx\/?p=82906"},"modified":"2022-11-01T13:19:45","modified_gmt":"2022-11-01T13:19:45","slug":"amplia-cesesp-campana-de-canje-de-armas-2022-por-una-semana","status":"publish","type":"post","link":"https:\/\/estado29.mx\/?p=82906","title":{"rendered":"Ampl\u00eda CESESP campa\u00f1a de canje de armas 2022 por una semana"},"content":{"rendered":"\n<p><\/p>\n\n\n\n<p>*Las sedes ser\u00e1n los municipios de Tlaxcala capital en el recinto ferial, Apetatitl\u00e1n, Apizaco e Ixtacuixtla, del 31 de octubre al 5 de noviembre<\/p>\n\n\n\n<p>A partir de este lunes 31 de octubre y hasta el pr\u00f3ximo s\u00e1bado 5 de noviembre, la Comisi\u00f3n Ejecutiva del Sistema Estatal de Seguridad P\u00fablica (Cesesp) determin\u00f3 ampliar el periodo de la campa\u00f1a de \u201cCanje de Armas 2022\u201d, para que la poblaci\u00f3n intercambie dichos artefactos de fuego o r\u00e9plicas por electrodom\u00e9sticos, juguetes o est\u00edmulos econ\u00f3micos.<\/p>\n\n\n\n<p>A trav\u00e9s del Centro Estatal de Prevenci\u00f3n Social (CEPS) y en coordinaci\u00f3n con la 23 Zona Militar de la Secretar\u00eda de la Defensa Nacional (Sedena), las mesas receptoras estar\u00e1n ubicadas en los municipios de Tlaxcala, Apizaco, Apetatitl\u00e1n e Ixtacuixtla.<\/p>\n\n\n\n<p>En estos tres \u00faltimos, el horario de atenci\u00f3n ser\u00e1 de las 10:00 a las 16:00 horas de lunes a viernes, mientras que el s\u00e1bado de 10:00 a 14:00 horas.<\/p>\n\n\n\n<p>En el caso de Tlaxcala, la mesa receptora cambi\u00f3 de sede, de los portales del Centro Hist\u00f3rico al exterior del recinto ferial de la capital, a un costado del sal\u00f3n \u201cJoaqu\u00edn Cisneros\u201d, y el horario se extiende de las 10:00 a las 18:00 horas.<\/p>\n\n\n\n<p>\u201cEsta determinaci\u00f3n responde a la participaci\u00f3n activa de ciudadanos que acudieron a los municipios donde se instalaron mesas receptoras de armas de fuego, con el objetivo de formar parte en la construcci\u00f3n de un estado libre del uso de estos artefactos\u201d, refiri\u00f3 el comisionado ejecutivo del Sistema Estatal de Seguridad P\u00fablica, Maximino Hern\u00e1ndez Pulido.<\/p>\n\n\n\n<p>Asimismo, recalc\u00f3 que la \u201cCampa\u00f1a Canje de Armas 2022\u201d tiene el prop\u00f3sito de sensibilizar a la poblaci\u00f3n respecto al peligro que representa para las familias, la tenencia de armas de fuego en los hogares.<\/p>\n\n\n\n<p>En ese sentido, la Cesesp exhorta a toda la ciudadan\u00eda participar en la campa\u00f1a y sumarse a la construcci\u00f3n de espacios libres de violencia para todas y todos los tlaxcaltecas.<\/p>\n","protected":false},"excerpt":{"rendered":"<p>*Las sedes ser\u00e1n los municipios de Tlaxcala capital en el recinto ferial, Apetatitl\u00e1n, Apizaco e Ixtacuixtla, del 31 de octubre al 5 de noviembre A partir de este lunes 31 de octubre y hasta el pr\u00f3ximo s\u00e1bado 5 de noviembre, la Comisi\u00f3n Ejecutiva del Sistema Estatal de Seguridad P\u00fablica (Cesesp) determin\u00f3 ampliar el periodo de [&hellip;]<\/p>\n","protected":false},"author":4,"featured_media":82907,"comment_status":"open","ping_status":"open","sticky":false,"template":"","format":"standard","meta":{"om_disable_all_campaigns":false,"_monsterinsights_skip_tracking":false,"_monsterinsights_sitenote_active":false,"_monsterinsights_sitenote_note":"","_monsterinsights_sitenote_category":0,"jnews-multi-image_gallery":[],"jnews_single_post":{"subtitle":"","format":"standard","video":"","gallery":"","source_name":"","source_url":"","via_name":"","via_url":"","override_template":"0","override":[{"template":"1","single_blog_custom":"","parallax":"1","fullscreen":"1","layout":"right-sidebar","sidebar":"default-sidebar","second_sidebar":"default-sidebar","sticky_sidebar":"1","share_position":"top","share_float_style":"share-monocrhome","show_share_counter":"1","show_view_counter":"1","show_featured":"1","show_post_meta":"1","show_post_author":"1","show_post_author_image":"1","show_post_date":"1","post_date_format":"default","post_date_format_custom":"Y\/m\/d","show_post_category":"1","show_post_reading_time":"0","post_reading_time_wpm":"300","show_zoom_button":"0","zoom_button_out_step":"2","zoom_button_in_step":"3","show_post_tag":"1","show_prev_next_post":"1","show_popup_post":"1","number_popup_post":"1","show_author_box":"1","show_post_related":"0","show_inline_post_related":"0"}],"override_image_size":"0","image_override":[{"single_post_thumbnail_size":"crop-500","single_post_gallery_size":"crop-500"}],"trending_post":"0","trending_post_position":"meta","trending_post_label":"Trending","sponsored_post":"0","sponsored_post_label":"Sponsored by","sponsored_post_name":"","sponsored_post_url":"","sponsored_post_logo_enable":"0","sponsored_post_logo":"","sponsored_post_desc":"","disable_ad":"0"},"jnews_primary_category":{"id":""},"footnotes":""},"categories":[1],"tags":[110,119,118,96],"class_list":["post-82906","post","type-post","status-publish","format-standard","has-post-thumbnail","hentry","category-uncategorized","tag-municipios","tag-seguridad","tag-ssc","tag-tlaxcala"],"aioseo_notices":[],"_links":{"self":[{"href":"https:\/\/estado29.mx\/index.php?rest_route=\/wp\/v2\/posts\/82906","targetHints":{"allow":["GET"]}}],"collection":[{"href":"https:\/\/estado29.mx\/index.php?rest_route=\/wp\/v2\/posts"}],"about":[{"href":"https:\/\/estado29.mx\/index.php?rest_route=\/wp\/v2\/types\/post"}],"author":[{"embeddable":true,"href":"https:\/\/estado29.mx\/index.php?rest_route=\/wp\/v2\/users\/4"}],"replies":[{"embeddable":true,"href":"https:\/\/estado29.mx\/index.php?rest_route=%2Fwp%2Fv2%2Fcomments&post=82906"}],"version-history":[{"count":1,"href":"https:\/\/estado29.mx\/index.php?rest_route=\/wp\/v2\/posts\/82906\/revisions"}],"predecessor-version":[{"id":82908,"href":"https:\/\/estado29.mx\/index.php?rest_route=\/wp\/v2\/posts\/82906\/revisions\/82908"}],"wp:featuredmedia":[{"embeddable":true,"href":"https:\/\/estado29.mx\/index.php?rest_route=\/wp\/v2\/media\/82907"}],"wp:attachment":[{"href":"https:\/\/estado29.mx\/index.php?rest_route=%2Fwp%2Fv2%2Fmedia&parent=82906"}],"wp:term":[{"taxonomy":"category","embeddable":true,"href":"https:\/\/estado29.mx\/index.php?rest_route=%2Fwp%2Fv2%2Fcategories&post=82906"},{"taxonomy":"post_tag","embeddable":true,"href":"https:\/\/estado29.mx\/index.php?rest_route=%2Fwp%2Fv2%2Ftags&post=82906"}],"curies":[{"name":"wp","href":"https:\/\/api.w.org\/{rel}","templated":true}]}}