{"id":82909,"date":"2022-11-01T13:21:00","date_gmt":"2022-11-01T13:21:00","guid":{"rendered":"https:\/\/estado29.mx\/?p=82909"},"modified":"2022-11-01T13:21:00","modified_gmt":"2022-11-01T13:21:00","slug":"reabre-sepe-la-escuela-normal-rural-lic-benito-juarez","status":"publish","type":"post","link":"https:\/\/estado29.mx\/?p=82909","title":{"rendered":"Reabre sepe la escuela normal rural \u201cLic. Benito Ju\u00e1rez\u201d"},"content":{"rendered":"\n<p>*La autoridad educativa present\u00f3 al nuevo cuadro directivo a las alumnas del internado, quienes se comprometieron a retomar actividades escolares de manera inmediata<\/p>\n\n\n\n<p>El titular de la Secretar\u00eda de Educaci\u00f3n P\u00fablica del Estado (SEPE) y director general de la Unidad de Servicios Educativos de Tlaxcala (USET), Homero Meneses Hern\u00e1ndez recibi\u00f3 las instalaciones de la Escuela Normal Rural \u201cLic. Benito Ju\u00e1rez\u201d de Panotla, al tiempo que llam\u00f3 a las alumnas, a trav\u00e9s del comit\u00e9 estudiantil, a retomar actividades escolares de manera inmediata y sumarse a los trabajos del nuevo cuadro directivo.<\/p>\n\n\n\n<p>Las autoridades educativas dieron a conocer los nombramientos del nuevo cuadro directivo ante las alumnas integrantes del Comit\u00e9 Estudiantil, en la direcci\u00f3n de la Escuela Normal, fue designado \u00cdker Palacios Rodr\u00edguez; la subdirecci\u00f3n Administrativa la asume Itzetl Ponce L\u00f3pez y la subdirecci\u00f3n acad\u00e9mica, Darney Mendoza Morales.<\/p>\n\n\n\n<p>En un marco de respeto y di\u00e1logo, el titular de la SEPE-USET solicit\u00f3 a las alumnas normalistas sumarse a los trabajos acad\u00e9micos que se iniciar\u00e1n con el apoyo del personal de la Direcci\u00f3n General de Educaci\u00f3n Superior para el Magisterio (Dgesum).<\/p>\n\n\n\n<p>\u201cAl nuevo cuadro directivo le pido que realice los trabajos, defina las estrategias y dise\u00f1e las acciones que habr\u00e1n de emprenderse para iniciar el semestre y con el apoyo del personal de la Direcci\u00f3n General de Educaci\u00f3n Superior para el Magisterio, estamos seguros que se lograr\u00e1 avanzar para lograr cumplir con los planes y programas de estudio establecidos en el ciclo escolar 2022-2023\u201d, mencion\u00f3.<\/p>\n\n\n\n<p>En su intervenci\u00f3n, el director de Desarrollo Acad\u00e9mico de la Dgesum, C\u00e9sar Romero Mojica afirm\u00f3 que \u201chabr\u00e1 acompa\u00f1amiento en la formaci\u00f3n acad\u00e9mica hacia las alumnas, por lo que habr\u00e1 mayor comunicaci\u00f3n\u201d.<\/p>\n\n\n\n<p>Tras el proceso de entrega-recepci\u00f3n, las autoridades ingresaron a la Normal Rural y realizaron un recorrido por las instalaciones para verificar las condiciones de la instituci\u00f3n y la nueva directiva inst\u00f3 al alumnado a trabajar de forma conjunta para avanzar acad\u00e9micamente y as\u00ed lograr la formaci\u00f3n integral de las futuras generaciones educativas.<\/p>\n\n\n\n<p>Las alumnas refrendaron el compromiso por iniciar las actividades escolares de manera presencial, a fin de cumplir con los planes y programas de estudio.<\/p>\n\n\n\n<p>Meneses Hern\u00e1ndez estuvo acompa\u00f1ado por los titulares de las \u00e1reas de la Contralor\u00eda, Jur\u00eddico, Educaci\u00f3n Terminal, as\u00ed como personal de la Dgesum, de la Secretar\u00eda de Educaci\u00f3n P\u00fablica (SEP) y el secretario general de la secci\u00f3n 31 del Sindicato Nacional de Trabajadores de la Educaci\u00f3n (SNTE), Cutberto Ch\u00e1vez de la Rosa.<\/p>\n","protected":false},"excerpt":{"rendered":"<p>*La autoridad educativa present\u00f3 al nuevo cuadro directivo a las alumnas del internado, quienes se comprometieron a retomar actividades escolares de manera inmediata El titular de la Secretar\u00eda de Educaci\u00f3n P\u00fablica del Estado (SEPE) y director general de la Unidad de Servicios Educativos de Tlaxcala (USET), Homero Meneses Hern\u00e1ndez recibi\u00f3 las instalaciones de la Escuela [&hellip;]<\/p>\n","protected":false},"author":4,"featured_media":82910,"comment_status":"open","ping_status":"open","sticky":false,"template":"","format":"standard","meta":{"om_disable_all_campaigns":false,"_monsterinsights_skip_tracking":false,"_monsterinsights_sitenote_active":false,"_monsterinsights_sitenote_note":"","_monsterinsights_sitenote_category":0,"jnews-multi-image_gallery":[],"jnews_single_post":{"subtitle":"","format":"standard","video":"","gallery":"","source_name":"","source_url":"","via_name":"","via_url":"","override_template":"0","override":[{"template":"1","single_blog_custom":"","parallax":"1","fullscreen":"1","layout":"right-sidebar","sidebar":"default-sidebar","second_sidebar":"default-sidebar","sticky_sidebar":"1","share_position":"top","share_float_style":"share-monocrhome","show_share_counter":"1","show_view_counter":"1","show_featured":"1","show_post_meta":"1","show_post_author":"1","show_post_author_image":"1","show_post_date":"1","post_date_format":"default","post_date_format_custom":"Y\/m\/d","show_post_category":"1","show_post_reading_time":"0","post_reading_time_wpm":"300","show_zoom_button":"0","zoom_button_out_step":"2","zoom_button_in_step":"3","show_post_tag":"1","show_prev_next_post":"1","show_popup_post":"1","number_popup_post":"1","show_author_box":"1","show_post_related":"0","show_inline_post_related":"0"}],"override_image_size":"0","image_override":[{"single_post_thumbnail_size":"crop-500","single_post_gallery_size":"crop-500"}],"trending_post":"0","trending_post_position":"meta","trending_post_label":"Trending","sponsored_post":"0","sponsored_post_label":"Sponsored by","sponsored_post_name":"","sponsored_post_url":"","sponsored_post_logo_enable":"0","sponsored_post_logo":"","sponsored_post_desc":"","disable_ad":"0"},"jnews_primary_category":{"id":""},"footnotes":""},"categories":[80,43,52],"tags":[150,110,284,96],"class_list":["post-82909","post","type-post","status-publish","format-standard","has-post-thumbnail","hentry","category-educacion","category-estado","category-gobierno-de-tlaxcala","tag-gobierno-del-estado","tag-municipios","tag-sepe","tag-tlaxcala"],"aioseo_notices":[],"_links":{"self":[{"href":"https:\/\/estado29.mx\/index.php?rest_route=\/wp\/v2\/posts\/82909","targetHints":{"allow":["GET"]}}],"collection":[{"href":"https:\/\/estado29.mx\/index.php?rest_route=\/wp\/v2\/posts"}],"about":[{"href":"https:\/\/estado29.mx\/index.php?rest_route=\/wp\/v2\/types\/post"}],"author":[{"embeddable":true,"href":"https:\/\/estado29.mx\/index.php?rest_route=\/wp\/v2\/users\/4"}],"replies":[{"embeddable":true,"href":"https:\/\/estado29.mx\/index.php?rest_route=%2Fwp%2Fv2%2Fcomments&post=82909"}],"version-history":[{"count":1,"href":"https:\/\/estado29.mx\/index.php?rest_route=\/wp\/v2\/posts\/82909\/revisions"}],"predecessor-version":[{"id":82911,"href":"https:\/\/estado29.mx\/index.php?rest_route=\/wp\/v2\/posts\/82909\/revisions\/82911"}],"wp:featuredmedia":[{"embeddable":true,"href":"https:\/\/estado29.mx\/index.php?rest_route=\/wp\/v2\/media\/82910"}],"wp:attachment":[{"href":"https:\/\/estado29.mx\/index.php?rest_route=%2Fwp%2Fv2%2Fmedia&parent=82909"}],"wp:term":[{"taxonomy":"category","embeddable":true,"href":"https:\/\/estado29.mx\/index.php?rest_route=%2Fwp%2Fv2%2Fcategories&post=82909"},{"taxonomy":"post_tag","embeddable":true,"href":"https:\/\/estado29.mx\/index.php?rest_route=%2Fwp%2Fv2%2Ftags&post=82909"}],"curies":[{"name":"wp","href":"https:\/\/api.w.org\/{rel}","templated":true}]}}