{"id":82915,"date":"2022-11-01T13:26:48","date_gmt":"2022-11-01T13:26:48","guid":{"rendered":"https:\/\/estado29.mx\/?p=82915"},"modified":"2022-11-01T13:26:49","modified_gmt":"2022-11-01T13:26:49","slug":"gobierno-del-estado-redoblara-esfuerzos-para-erradicar-la-violencia-contra-las-mujeres","status":"publish","type":"post","link":"https:\/\/estado29.mx\/?p=82915","title":{"rendered":"Gobierno del estado redoblar\u00e1 esfuerzos para erradicar la violencia contra las mujeres"},"content":{"rendered":"\n<p>*Tlaxcala, en la media nacional de prevalencia total de violencia contra las mujeres de 15 a\u00f1os y m\u00e1s a lo largo de la vida por entidad federativa con el 68.6 por ciento en 2021<\/p>\n\n\n\n<p>El Gobierno del Estado reiter\u00f3 el compromiso de impulsar acciones certeras que permitan construir un entorno m\u00e1s seguro para las mujeres a trav\u00e9s del Sistema Estatal para Prevenir, Atender, Sancionar y Erradicar la Violencia contra las Mujeres (Sepasev), derivado de los resultados de la Encuesta Nacional sobre la Din\u00e1mica de las Relaciones en los Hogares (Endireh) 2021, Tlaxcala, del Instituto Nacional de Estad\u00edstica y Geograf\u00eda (Inegi).<\/p>\n\n\n\n<p>Las cifras colocaron a Tlaxcala en la media nacional de prevalencia total de violencia contra las mujeres de 15 a\u00f1os y m\u00e1s a lo largo de la vida por entidad federativa con el 68.6 por ciento, donde el Estado de M\u00e9xico obtuvo el mayor porcentaje con 78.7 y Chiapas el menor con el 48.7, siendo 70 el porcentaje nacional.<\/p>\n\n\n\n<p>Durante el encuentro v\u00eda Zoom, el director de Evaluaci\u00f3n y Seguimiento del Sistema de Justicia Penal de la Secretar\u00eda de Gobierno (Segob), Rafael Hern\u00e1ndez Hern\u00e1ndez, en representaci\u00f3n del titular de la pol\u00edtica interna del estado, Sergio Gonz\u00e1lez Hern\u00e1ndez, enfatiz\u00f3 que estos temas son de suma importancia para la gobernadora Lorena Cu\u00e9llar Cisneros, a fin de coadyuvar en las tareas que permitan erradicar la violencia contra las mujeres.<\/p>\n\n\n\n<p>Se\u00f1al\u00f3 que incluso durante las Mesas de Construcci\u00f3n de Paz y Seguridad que encabeza la mandataria estatal, se analizan las estrategias a ejecutar para reducir los \u00edndices de violencia contra este sector de la poblaci\u00f3n, \u201cestamos trabajando en ello y estamos coadyuvando con las Mesas de Seguridad y de Paz de las tres regiones\u201d.<\/p>\n\n\n\n<p>A su vez, la directora general adjunta de Desarrollo, An\u00e1lisis e Indicadores de Gobierno del Inegi, Alejandra R\u00edos C\u00e1zares agradeci\u00f3 la oportunidad de hablar con las instituciones estatales vinculadas a los temas de atenci\u00f3n, prevenci\u00f3n, sanci\u00f3n sobre la violencia contra las mujeres, para que conozcan la informaci\u00f3n de un fen\u00f3meno nacional e internacional, para mejorar la gu\u00eda de las instituciones p\u00fablicas en atenci\u00f3n a las mujeres que son v\u00edctimas de esta situaci\u00f3n.<\/p>\n\n\n\n<p>Mientras, la titular del Instituto Estatal de la Mujer (IEM), Margarita Cisneros Tzoni puntualiz\u00f3 que esta sesi\u00f3n es la pauta para conocer los resultados de la \u00faltima encuesta de la entidad en 2021, que sin lugar a dudas es importante para las diferentes instituciones que participan en este rubro, y cuyo ejercicio se realiza en todos los estados.<\/p>\n\n\n\n<p>\u201cAgradezco al Inegi todas estas facilidades que nos dan para que Tlaxcala conozca esos datos y sea la base para realizar las acciones institucionales, agradezco su valiosa participaci\u00f3n en esta sesi\u00f3n tan importante para dar a conocer los resultados de la \u00faltima encuesta de la entidad 2021, que sin lugar a dudas es algo importante para las diferentes instituciones que estamos participando\u201d, detall\u00f3 la tambi\u00e9n secretaria t\u00e9cnica del Sepasev.<\/p>\n\n\n\n<p>Finalmente, el coordinador estatal del Inegi, Carlos Lozano Garc\u00eda destac\u00f3 que la informaci\u00f3n y los indicadores que generan son transversales para definir, redefinir o reorientar pol\u00edticas p\u00fablicas en materia de la no violencia contra las mujeres, \u201cesta informaci\u00f3n es sumamente valiosa para darle forma y que las instituciones encargadas de dar seguimiento, control y ejecuci\u00f3n de la violencia contra las mujeres, generen nuevas pol\u00edticas p\u00fablicas a efecto de prever esta situaci\u00f3n en Tlaxcala\u201d.<\/p>\n\n\n\n<p>El objetivo de la Endireh es generar informaci\u00f3n sobre las experiencias de violencia que han enfrentado las mujeres de 15 a\u00f1os y m\u00e1s, ya sea f\u00edsica, psicol\u00f3gica, sexual, econ\u00f3mica y patrimonial, en los \u00e1mbitos de pareja, escolar, laboral, comunitario y familiar para estimar su extensi\u00f3n y gravedad, con la finalidad de apoyar en el dise\u00f1o y seguimiento de pol\u00edticas p\u00fablicas orientadas a atender y erradicar este fen\u00f3meno.<\/p>\n\n\n\n<p>De manera espec\u00edfica, en Tlaxcala se aplic\u00f3 este dise\u00f1o estad\u00edstico a 3 mil 714 mujeres de 15 a\u00f1os y m\u00e1s, en 4 mil 417 viviendas, en el periodo del 4 de octubre al 30 de noviembre de 2021.<\/p>\n\n\n\n<p>En esta sesi\u00f3n virtual tambi\u00e9n participaron el titular de la Secretar\u00eda de Trabajo y Competitividad (STyC), Ignacio L\u00f3pez S\u00e1nchez; la directora del Centro de Justicia para las Mujeres (CJM), Gabriela Hern\u00e1ndez Montiel; titulares de las Unidades de Igualdad de G\u00e9nero y de los Institutos Municipales de la Mujer, entre otras autoridades.<\/p>\n","protected":false},"excerpt":{"rendered":"<p>*Tlaxcala, en la media nacional de prevalencia total de violencia contra las mujeres de 15 a\u00f1os y m\u00e1s a lo largo de la vida por entidad federativa con el 68.6 por ciento en 2021 El Gobierno del Estado reiter\u00f3 el compromiso de impulsar acciones certeras que permitan construir un entorno m\u00e1s seguro para las mujeres [&hellip;]<\/p>\n","protected":false},"author":4,"featured_media":82916,"comment_status":"open","ping_status":"open","sticky":false,"template":"","format":"standard","meta":{"om_disable_all_campaigns":false,"_monsterinsights_skip_tracking":false,"_monsterinsights_sitenote_active":false,"_monsterinsights_sitenote_note":"","_monsterinsights_sitenote_category":0,"jnews-multi-image_gallery":[],"jnews_single_post":{"subtitle":"","format":"standard","video":"","gallery":"","source_name":"","source_url":"","via_name":"","via_url":"","override_template":"0","override":[{"template":"1","single_blog_custom":"","parallax":"1","fullscreen":"1","layout":"right-sidebar","sidebar":"default-sidebar","second_sidebar":"default-sidebar","sticky_sidebar":"1","share_position":"top","share_float_style":"share-monocrhome","show_share_counter":"1","show_view_counter":"1","show_featured":"1","show_post_meta":"1","show_post_author":"1","show_post_author_image":"1","show_post_date":"1","post_date_format":"default","post_date_format_custom":"Y\/m\/d","show_post_category":"1","show_post_reading_time":"0","post_reading_time_wpm":"300","show_zoom_button":"0","zoom_button_out_step":"2","zoom_button_in_step":"3","show_post_tag":"1","show_prev_next_post":"1","show_popup_post":"1","number_popup_post":"1","show_author_box":"1","show_post_related":"0","show_inline_post_related":"0"}],"override_image_size":"0","image_override":[{"single_post_thumbnail_size":"crop-500","single_post_gallery_size":"crop-500"}],"trending_post":"0","trending_post_position":"meta","trending_post_label":"Trending","sponsored_post":"0","sponsored_post_label":"Sponsored by","sponsored_post_name":"","sponsored_post_url":"","sponsored_post_logo_enable":"0","sponsored_post_logo":"","sponsored_post_desc":"","disable_ad":"0"},"jnews_primary_category":{"id":""},"footnotes":""},"categories":[43,52],"tags":[150,110,96],"class_list":["post-82915","post","type-post","status-publish","format-standard","has-post-thumbnail","hentry","category-estado","category-gobierno-de-tlaxcala","tag-gobierno-del-estado","tag-municipios","tag-tlaxcala"],"aioseo_notices":[],"_links":{"self":[{"href":"https:\/\/estado29.mx\/index.php?rest_route=\/wp\/v2\/posts\/82915","targetHints":{"allow":["GET"]}}],"collection":[{"href":"https:\/\/estado29.mx\/index.php?rest_route=\/wp\/v2\/posts"}],"about":[{"href":"https:\/\/estado29.mx\/index.php?rest_route=\/wp\/v2\/types\/post"}],"author":[{"embeddable":true,"href":"https:\/\/estado29.mx\/index.php?rest_route=\/wp\/v2\/users\/4"}],"replies":[{"embeddable":true,"href":"https:\/\/estado29.mx\/index.php?rest_route=%2Fwp%2Fv2%2Fcomments&post=82915"}],"version-history":[{"count":1,"href":"https:\/\/estado29.mx\/index.php?rest_route=\/wp\/v2\/posts\/82915\/revisions"}],"predecessor-version":[{"id":82917,"href":"https:\/\/estado29.mx\/index.php?rest_route=\/wp\/v2\/posts\/82915\/revisions\/82917"}],"wp:featuredmedia":[{"embeddable":true,"href":"https:\/\/estado29.mx\/index.php?rest_route=\/wp\/v2\/media\/82916"}],"wp:attachment":[{"href":"https:\/\/estado29.mx\/index.php?rest_route=%2Fwp%2Fv2%2Fmedia&parent=82915"}],"wp:term":[{"taxonomy":"category","embeddable":true,"href":"https:\/\/estado29.mx\/index.php?rest_route=%2Fwp%2Fv2%2Fcategories&post=82915"},{"taxonomy":"post_tag","embeddable":true,"href":"https:\/\/estado29.mx\/index.php?rest_route=%2Fwp%2Fv2%2Ftags&post=82915"}],"curies":[{"name":"wp","href":"https:\/\/api.w.org\/{rel}","templated":true}]}}