{"id":82921,"date":"2022-11-01T13:38:20","date_gmt":"2022-11-01T13:38:20","guid":{"rendered":"https:\/\/estado29.mx\/?p=82921"},"modified":"2022-11-01T13:38:21","modified_gmt":"2022-11-01T13:38:21","slug":"cierra-al-publico-zoologico-del-altiplano-por-trabajos-de-remodelacion","status":"publish","type":"post","link":"https:\/\/estado29.mx\/?p=82921","title":{"rendered":"Cierra al p\u00fablico zool\u00f3gico del altiplano por trabajos de remodelaci\u00f3n"},"content":{"rendered":"\n<p><\/p>\n\n\n\n<p>*Las obras iniciaron este 31 de octubre y se prev\u00e9 que concluyan a finales de diciembre de 2022<\/p>\n\n\n\n<p>El gobierno del estado, a trav\u00e9s de la Secretar\u00eda de Medio Ambiente (SMA), informa que el Zool\u00f3gico del Altiplano permanecer\u00e1 cerrado al p\u00fablico del 31 de octubre al 31 de diciembre del a\u00f1o en curso, debido a que se realizar\u00e1n trabajos de rehabilitaci\u00f3n y remodelaci\u00f3n en las instalaciones.<\/p>\n\n\n\n<p>En fechas pasadas, la gobernadora Lorena Cu\u00e9llar Cisneros realiz\u00f3 diversos recorridos por el lugar para verificar las condiciones f\u00edsicas del inmueble y consider\u00f3 que era necesario mejorar su infraestructura, por lo que en atenci\u00f3n a sus instrucciones es que esta semana arrancaron las labores.<\/p>\n\n\n\n<p>Las obras consistir\u00e1n en la adecuaci\u00f3n del museo de historia natural, remodelaci\u00f3n de la fachada principal y el lobby, as\u00ed como la rehabilitaci\u00f3n en \u00e1reas de espacios temporales, carn\u00edvoros, aviario, \u00f1u, cebras, toros y ant\u00edlopes.<\/p>\n\n\n\n<p>Cabe se\u00f1alar que la Coordinaci\u00f3n Estatal de Protecci\u00f3n Civil (CEPC) recomend\u00f3 a la SMA cerrar las puertas del zool\u00f3gico al p\u00fablico durante el tiempo que duren los trabajos, con la finalidad de salvaguardar la seguridad de los visitantes y evitar incidentes.<\/p>\n\n\n\n<p>Es as\u00ed como el gobierno del estado refrenda su compromiso de trabajar por una nueva historia en el cuidado y salvaguarda de los ejemplares que habitan en el Zool\u00f3gico del Altiplano y, al mismo tiempo, poner a disposici\u00f3n de la ciudadan\u00eda un lugar digno para su sana recreaci\u00f3n.<\/p>\n","protected":false},"excerpt":{"rendered":"<p>*Las obras iniciaron este 31 de octubre y se prev\u00e9 que concluyan a finales de diciembre de 2022 El gobierno del estado, a trav\u00e9s de la Secretar\u00eda de Medio Ambiente (SMA), informa que el Zool\u00f3gico del Altiplano permanecer\u00e1 cerrado al p\u00fablico del 31 de octubre al 31 de diciembre del a\u00f1o en curso, debido a [&hellip;]<\/p>\n","protected":false},"author":4,"featured_media":0,"comment_status":"open","ping_status":"open","sticky":false,"template":"","format":"standard","meta":{"om_disable_all_campaigns":false,"_monsterinsights_skip_tracking":false,"_monsterinsights_sitenote_active":false,"_monsterinsights_sitenote_note":"","_monsterinsights_sitenote_category":0,"jnews-multi-image_gallery":[],"jnews_single_post":{"subtitle":"","format":"standard","video":"","gallery":"","source_name":"","source_url":"","via_name":"","via_url":"","override_template":"0","override":[{"template":"1","single_blog_custom":"","parallax":"1","fullscreen":"1","layout":"right-sidebar","sidebar":"default-sidebar","second_sidebar":"default-sidebar","sticky_sidebar":"1","share_position":"top","share_float_style":"share-monocrhome","show_share_counter":"1","show_view_counter":"1","show_featured":"1","show_post_meta":"1","show_post_author":"1","show_post_author_image":"1","show_post_date":"1","post_date_format":"default","post_date_format_custom":"Y\/m\/d","show_post_category":"1","show_post_reading_time":"0","post_reading_time_wpm":"300","show_zoom_button":"0","zoom_button_out_step":"2","zoom_button_in_step":"3","show_post_tag":"1","show_prev_next_post":"1","show_popup_post":"1","number_popup_post":"1","show_author_box":"1","show_post_related":"0","show_inline_post_related":"0"}],"override_image_size":"0","image_override":[{"single_post_thumbnail_size":"crop-500","single_post_gallery_size":"crop-500"}],"trending_post":"0","trending_post_position":"meta","trending_post_label":"Trending","sponsored_post":"0","sponsored_post_label":"Sponsored by","sponsored_post_name":"","sponsored_post_url":"","sponsored_post_logo_enable":"0","sponsored_post_logo":"","sponsored_post_desc":"","disable_ad":"0"},"jnews_primary_category":{"id":""},"footnotes":""},"categories":[43,52],"tags":[150,96],"class_list":["post-82921","post","type-post","status-publish","format-standard","hentry","category-estado","category-gobierno-de-tlaxcala","tag-gobierno-del-estado","tag-tlaxcala"],"aioseo_notices":[],"_links":{"self":[{"href":"https:\/\/estado29.mx\/index.php?rest_route=\/wp\/v2\/posts\/82921","targetHints":{"allow":["GET"]}}],"collection":[{"href":"https:\/\/estado29.mx\/index.php?rest_route=\/wp\/v2\/posts"}],"about":[{"href":"https:\/\/estado29.mx\/index.php?rest_route=\/wp\/v2\/types\/post"}],"author":[{"embeddable":true,"href":"https:\/\/estado29.mx\/index.php?rest_route=\/wp\/v2\/users\/4"}],"replies":[{"embeddable":true,"href":"https:\/\/estado29.mx\/index.php?rest_route=%2Fwp%2Fv2%2Fcomments&post=82921"}],"version-history":[{"count":1,"href":"https:\/\/estado29.mx\/index.php?rest_route=\/wp\/v2\/posts\/82921\/revisions"}],"predecessor-version":[{"id":82922,"href":"https:\/\/estado29.mx\/index.php?rest_route=\/wp\/v2\/posts\/82921\/revisions\/82922"}],"wp:attachment":[{"href":"https:\/\/estado29.mx\/index.php?rest_route=%2Fwp%2Fv2%2Fmedia&parent=82921"}],"wp:term":[{"taxonomy":"category","embeddable":true,"href":"https:\/\/estado29.mx\/index.php?rest_route=%2Fwp%2Fv2%2Fcategories&post=82921"},{"taxonomy":"post_tag","embeddable":true,"href":"https:\/\/estado29.mx\/index.php?rest_route=%2Fwp%2Fv2%2Ftags&post=82921"}],"curies":[{"name":"wp","href":"https:\/\/api.w.org\/{rel}","templated":true}]}}