{"id":82923,"date":"2022-11-01T13:39:30","date_gmt":"2022-11-01T13:39:30","guid":{"rendered":"https:\/\/estado29.mx\/?p=82923"},"modified":"2022-11-01T13:39:31","modified_gmt":"2022-11-01T13:39:31","slug":"inauguran-concurso-estatal-de-ofrendas-mtro-desiderio-hernandez-xochitiotzin","status":"publish","type":"post","link":"https:\/\/estado29.mx\/?p=82923","title":{"rendered":"Inauguran concurso estatal de ofrendas \u201cMtro. Desiderio Hern\u00e1ndez Xochitiotzin\u201d"},"content":{"rendered":"\n<p>*Ser\u00e1n premiados los primeros cinco lugares de acuerdo con el desarrollo del significado y los elementos tradicionales<\/p>\n\n\n\n<p>Con el prop\u00f3sito de preservar nuestras costumbres y tradiciones, el Gobierno de Tlaxcala y la Secretar\u00eda de Educaci\u00f3n P\u00fablica del Estado (SEPE), a trav\u00e9s de la Direcci\u00f3n de Cultura, Recreaci\u00f3n y Deporte, inaugur\u00f3 el XLI Concurso Estatal de Ofrendas \u201cMtro. Desiderio Hern\u00e1ndez Xochitiotzin\u201d en la Plaza de la Constituci\u00f3n de la capital.<\/p>\n\n\n\n<p>El corte del list\u00f3n inaugural estuvo a cargo de los secretarios de Gobierno, Sergio Gonz\u00e1lez Hern\u00e1ndez; de Educaci\u00f3n P\u00fablica del Estado, Homero Meneses Hern\u00e1ndez; de Cultura, Antonio Mart\u00ednez Vel\u00e1zquez; as\u00ed como de los secretarios generales de las secciones 31 y 55 del Sindicato Nacional de Trabajadores de la Educaci\u00f3n (SNTE), Cutberto Ch\u00e1vez de la Rosa y Jorge Guevara Lozada, respectivamente, y del Patronato para las Exposiciones y Ferias en la Ciudad de Tlaxcala.<\/p>\n\n\n\n<p>Participan la escuela primaria \u201cLuis G. Salamanca\u201d que dedic\u00f3 su ofrenda al profesor Luis Garc\u00eda Salamanca; la Secundaria T\u00e9cnica n\u00famero 4 \u201cJos\u00e9 Agust\u00edn Arrieta\u201d que hizo lo propio para Xicoht\u00e9ncatl Axayacatzin y la Facultad de Dise\u00f1o, Arte y Arquitectura de la Universidad Aut\u00f3noma de Tlaxcala (UATx) que la dedic\u00f3 al arquitecto Guillermo Mart\u00ednez G\u00f3mez.<\/p>\n\n\n\n<p>Asimismo, el Instituto Mexicano de Educaci\u00f3n Integral que dedic\u00f3 la ofrenda al doctor No\u00e9 Aguilar; la Unidad Profesional Interdisciplinaria de Ingenier\u00eda de Tlaxcala (Upiit) del Instituto Polit\u00e9cnico Nacional (IPN), al general L\u00e1zaro C\u00e1rdenas del R\u00edo; la Universidad del Centro Educativo de Puebla enlace Tlaxcala, a Frida Kahlo y el Instituto Mexicano de Psicolog\u00eda, plantel Tlaxcala, a la profesora Josefa Castelar.<\/p>\n\n\n\n<p>El jurado calificador evaluar\u00e1 la rese\u00f1a del significado de la ofrenda, as\u00ed como los elementos tradicionales tlaxcaltecas, como im\u00e1genes religiosas, flores, velas, veladoras, incienso, pan, comida, frutas y dulces, la distribuci\u00f3n de los elementos y utensilios de acuerdo con el punto central de \u201cLa mesa de los fieles difuntos\u201d.<\/p>\n\n\n\n<p>Tambi\u00e9n ser\u00e1 calificada la explicaci\u00f3n, por lo que deber\u00e1 permanecer una persona de guardia, quien har\u00e1 una exposici\u00f3n de la ofrenda al jurado calificador y al p\u00fablico en general.<\/p>\n\n\n\n<p>El gobierno estatal entregar\u00e1 reconocimientos el 2 de noviembre a las 17:00 horas a los participantes y premiar\u00e1 econ\u00f3micamente a los primeros cinco lugares, quienes recibir\u00e1n 12 mil, 10 mil, 8 mil, 6 mil y 4 mil pesos, respectivamente.<\/p>\n","protected":false},"excerpt":{"rendered":"<p>*Ser\u00e1n premiados los primeros cinco lugares de acuerdo con el desarrollo del significado y los elementos tradicionales Con el prop\u00f3sito de preservar nuestras costumbres y tradiciones, el Gobierno de Tlaxcala y la Secretar\u00eda de Educaci\u00f3n P\u00fablica del Estado (SEPE), a trav\u00e9s de la Direcci\u00f3n de Cultura, Recreaci\u00f3n y Deporte, inaugur\u00f3 el XLI Concurso Estatal de [&hellip;]<\/p>\n","protected":false},"author":4,"featured_media":82924,"comment_status":"open","ping_status":"open","sticky":false,"template":"","format":"standard","meta":{"om_disable_all_campaigns":false,"_monsterinsights_skip_tracking":false,"_monsterinsights_sitenote_active":false,"_monsterinsights_sitenote_note":"","_monsterinsights_sitenote_category":0,"jnews-multi-image_gallery":[],"jnews_single_post":{"subtitle":"","format":"standard","video":"","gallery":"","source_name":"","source_url":"","via_name":"","via_url":"","override_template":"0","override":[{"template":"1","single_blog_custom":"","parallax":"1","fullscreen":"1","layout":"right-sidebar","sidebar":"default-sidebar","second_sidebar":"default-sidebar","sticky_sidebar":"1","share_position":"top","share_float_style":"share-monocrhome","show_share_counter":"1","show_view_counter":"1","show_featured":"1","show_post_meta":"1","show_post_author":"1","show_post_author_image":"1","show_post_date":"1","post_date_format":"default","post_date_format_custom":"Y\/m\/d","show_post_category":"1","show_post_reading_time":"0","post_reading_time_wpm":"300","show_zoom_button":"0","zoom_button_out_step":"2","zoom_button_in_step":"3","show_post_tag":"1","show_prev_next_post":"1","show_popup_post":"1","number_popup_post":"1","show_author_box":"1","show_post_related":"0","show_inline_post_related":"0"}],"override_image_size":"0","image_override":[{"single_post_thumbnail_size":"crop-500","single_post_gallery_size":"crop-500"}],"trending_post":"0","trending_post_position":"meta","trending_post_label":"Trending","sponsored_post":"0","sponsored_post_label":"Sponsored by","sponsored_post_name":"","sponsored_post_url":"","sponsored_post_logo_enable":"0","sponsored_post_logo":"","sponsored_post_desc":"","disable_ad":"0"},"jnews_primary_category":{"id":""},"footnotes":""},"categories":[82,80,43,52],"tags":[150,284,96],"class_list":["post-82923","post","type-post","status-publish","format-standard","has-post-thumbnail","hentry","category-cultura","category-educacion","category-estado","category-gobierno-de-tlaxcala","tag-gobierno-del-estado","tag-sepe","tag-tlaxcala"],"aioseo_notices":[],"_links":{"self":[{"href":"https:\/\/estado29.mx\/index.php?rest_route=\/wp\/v2\/posts\/82923","targetHints":{"allow":["GET"]}}],"collection":[{"href":"https:\/\/estado29.mx\/index.php?rest_route=\/wp\/v2\/posts"}],"about":[{"href":"https:\/\/estado29.mx\/index.php?rest_route=\/wp\/v2\/types\/post"}],"author":[{"embeddable":true,"href":"https:\/\/estado29.mx\/index.php?rest_route=\/wp\/v2\/users\/4"}],"replies":[{"embeddable":true,"href":"https:\/\/estado29.mx\/index.php?rest_route=%2Fwp%2Fv2%2Fcomments&post=82923"}],"version-history":[{"count":1,"href":"https:\/\/estado29.mx\/index.php?rest_route=\/wp\/v2\/posts\/82923\/revisions"}],"predecessor-version":[{"id":82925,"href":"https:\/\/estado29.mx\/index.php?rest_route=\/wp\/v2\/posts\/82923\/revisions\/82925"}],"wp:featuredmedia":[{"embeddable":true,"href":"https:\/\/estado29.mx\/index.php?rest_route=\/wp\/v2\/media\/82924"}],"wp:attachment":[{"href":"https:\/\/estado29.mx\/index.php?rest_route=%2Fwp%2Fv2%2Fmedia&parent=82923"}],"wp:term":[{"taxonomy":"category","embeddable":true,"href":"https:\/\/estado29.mx\/index.php?rest_route=%2Fwp%2Fv2%2Fcategories&post=82923"},{"taxonomy":"post_tag","embeddable":true,"href":"https:\/\/estado29.mx\/index.php?rest_route=%2Fwp%2Fv2%2Ftags&post=82923"}],"curies":[{"name":"wp","href":"https:\/\/api.w.org\/{rel}","templated":true}]}}