{"id":82929,"date":"2022-11-01T13:43:11","date_gmt":"2022-11-01T13:43:11","guid":{"rendered":"https:\/\/estado29.mx\/?p=82929"},"modified":"2022-11-01T13:43:12","modified_gmt":"2022-11-01T13:43:12","slug":"aseguro-ssc-20-unidades-durante-el-fin-de-semana-%ef%bf%bc-%ef%bf%bc","status":"publish","type":"post","link":"https:\/\/estado29.mx\/?p=82929","title":{"rendered":"Asegur\u00f3 ssc 20 unidades durante el fin de semana\u00a0\ufffc \ufffc"},"content":{"rendered":"\n<p>\u2022Las unidades cuentan con reporte de robo vigente, alteraciones en el motor, en sus medios de identificaci\u00f3n, huellas de desvalijamiento y portaci\u00f3n de aditamentos de uso policial.&nbsp;<\/p>\n\n\n\n<p>Este fin de semana, la Secretar\u00eda de Seguridad Ciudadana (SSC), asegur\u00f3 20 unidades vehiculares, mediante la aplicaci\u00f3n de herramientas tecnol\u00f3gicas distribuidas estrat\u00e9gicamente en carreteras y v\u00edas principales de acceso; as\u00ed como de los operativos de seguridad y vigilancia para la prevenci\u00f3n y combate del delito de robo de veh\u00edculos, en diferentes puntos de la entidad.&nbsp;<\/p>\n\n\n\n<p>En los municipios de Tlaxcala, Calpulalpan, Zacatelco, se recuper\u00f3 un veh\u00edculo Volkswagen, l\u00ednea Vento; un remolque tipo tanque, modelo 2016, del Servicio P\u00fablico Federal; un veh\u00edculo Nissan, l\u00ednea Tsuru; un veh\u00edculo Volkswagen, l\u00ednea Jetta, modelo 2012. &nbsp;<\/p>\n\n\n\n<p>Asimismo, en Nativitas, Chiautempan, y Apizaco, fue una motoneta Honda, l\u00ednea DIO 110 CC, modelo 2017; un veh\u00edculo Volkswagen, l\u00ednea Golf; un remolque Comarca, tipo, plataforma del Servicio P\u00fablico Federal; una motocicleta Italika, modelo 2022; as\u00ed como un tractocami\u00f3n Hero, modelo 2000, del Servicio P\u00fablico federal.&nbsp;<\/p>\n\n\n\n<p>Los veh\u00edculos fueron consultados ante el Servicio de Emergencias 911, el Sistema Plataforma M\u00e9xico (SPM), Registro P\u00fablico Vehicular (REPUVE) y arrojaron reporte de robo vigente; adem\u00e1s&nbsp;&nbsp;dos personas fueron detenidas, ya que no lograron acreditar la legal procedencia y posesi\u00f3n de sus unidades vehiculares.&nbsp;<\/p>\n\n\n\n<p>Mientras que, en los municipios de Xicohtzinco, Tequexquitla, Ixtacuixtla, San Pablo del Monte, Apizaco y Tlaxco, los elementos estatales aseguraron un Volkswagen, tipo Combi, modelo 1984; un Nissan, L\u00ednea Estaquitas, modelo 2004. Tambi\u00e9n un Volkswagen, l\u00ednea Golf y un veh\u00edculo Volkswagen, l\u00ednea Golf, modelo 1992, con placas del Estado de M\u00e9xico; un Sed\u00e1n, modelo 1983; un Chevy, modelo 2004 y una motocicleta Yamaha, l\u00ednea 150, modelo 2011. Dichas unidades presentaron alteraciones en el motor.&nbsp;<\/p>\n\n\n\n<p>En otras acciones, los polic\u00edas estatales aseguraron diferentes veh\u00edculos, en Sanct\u00f3rum, una camioneta Nissan, l\u00ednea PICK UP, modelo 2011; en Tlaxco un Chevy, modelo 2003; en el municipio de L\u00e1zaro C\u00e1rdenas aseguraron una motocicleta Honda, l\u00ednea125. Estas unidades presentaron alteraciones en sus medios de identificaci\u00f3n.&nbsp;<\/p>\n\n\n\n<p>Finalmente, personal de seguridad estatal asegur\u00f3 a Ramiro N., de 37 a\u00f1os de edad, como a su veh\u00edculo Volkswagen, l\u00ednea Jetta, modelo 2011, unidad que portaba aditamentos exclusivos de cuerpos de seguridad (estrobos). &nbsp;<\/p>\n\n\n\n<p>Tanto los veh\u00edculos&nbsp;&nbsp;como las personas aseguradas,&nbsp;&nbsp;fueron puestos a disposici\u00f3n ante el representante social competente para continuar con los procesos legales correspondientes. &nbsp;<\/p>\n\n\n\n<p>Con lo anterior, la SSC reitera su compromiso que tiene con la ciudadan\u00eda, generando acciones que permitan combatir y prevenir el robo de unidades en el estado.&nbsp;<\/p>\n","protected":false},"excerpt":{"rendered":"<p>\u2022Las unidades cuentan con reporte de robo vigente, alteraciones en el motor, en sus medios de identificaci\u00f3n, huellas de desvalijamiento y portaci\u00f3n de aditamentos de uso policial.&nbsp; Este fin de semana, la Secretar\u00eda de Seguridad Ciudadana (SSC), asegur\u00f3 20 unidades vehiculares, mediante la aplicaci\u00f3n de herramientas tecnol\u00f3gicas distribuidas estrat\u00e9gicamente en carreteras y v\u00edas principales de [&hellip;]<\/p>\n","protected":false},"author":4,"featured_media":82930,"comment_status":"open","ping_status":"open","sticky":false,"template":"","format":"standard","meta":{"om_disable_all_campaigns":false,"_monsterinsights_skip_tracking":false,"_monsterinsights_sitenote_active":false,"_monsterinsights_sitenote_note":"","_monsterinsights_sitenote_category":0,"jnews-multi-image_gallery":[],"jnews_single_post":{"subtitle":"","format":"standard","video":"","gallery":"","source_name":"","source_url":"","via_name":"","via_url":"","override_template":"0","override":[{"template":"1","single_blog_custom":"","parallax":"1","fullscreen":"1","layout":"right-sidebar","sidebar":"default-sidebar","second_sidebar":"default-sidebar","sticky_sidebar":"1","share_position":"top","share_float_style":"share-monocrhome","show_share_counter":"1","show_view_counter":"1","show_featured":"1","show_post_meta":"1","show_post_author":"1","show_post_author_image":"1","show_post_date":"1","post_date_format":"default","post_date_format_custom":"Y\/m\/d","show_post_category":"1","show_post_reading_time":"0","post_reading_time_wpm":"300","show_zoom_button":"0","zoom_button_out_step":"2","zoom_button_in_step":"3","show_post_tag":"1","show_prev_next_post":"1","show_popup_post":"1","number_popup_post":"1","show_author_box":"1","show_post_related":"0","show_inline_post_related":"0"}],"override_image_size":"0","image_override":[{"single_post_thumbnail_size":"crop-500","single_post_gallery_size":"crop-500"}],"trending_post":"0","trending_post_position":"meta","trending_post_label":"Trending","sponsored_post":"0","sponsored_post_label":"Sponsored by","sponsored_post_name":"","sponsored_post_url":"","sponsored_post_logo_enable":"0","sponsored_post_logo":"","sponsored_post_desc":"","disable_ad":"0"},"jnews_primary_category":{"id":""},"footnotes":""},"categories":[43,52],"tags":[150,110,96],"class_list":["post-82929","post","type-post","status-publish","format-standard","has-post-thumbnail","hentry","category-estado","category-gobierno-de-tlaxcala","tag-gobierno-del-estado","tag-municipios","tag-tlaxcala"],"aioseo_notices":[],"_links":{"self":[{"href":"https:\/\/estado29.mx\/index.php?rest_route=\/wp\/v2\/posts\/82929","targetHints":{"allow":["GET"]}}],"collection":[{"href":"https:\/\/estado29.mx\/index.php?rest_route=\/wp\/v2\/posts"}],"about":[{"href":"https:\/\/estado29.mx\/index.php?rest_route=\/wp\/v2\/types\/post"}],"author":[{"embeddable":true,"href":"https:\/\/estado29.mx\/index.php?rest_route=\/wp\/v2\/users\/4"}],"replies":[{"embeddable":true,"href":"https:\/\/estado29.mx\/index.php?rest_route=%2Fwp%2Fv2%2Fcomments&post=82929"}],"version-history":[{"count":1,"href":"https:\/\/estado29.mx\/index.php?rest_route=\/wp\/v2\/posts\/82929\/revisions"}],"predecessor-version":[{"id":82931,"href":"https:\/\/estado29.mx\/index.php?rest_route=\/wp\/v2\/posts\/82929\/revisions\/82931"}],"wp:featuredmedia":[{"embeddable":true,"href":"https:\/\/estado29.mx\/index.php?rest_route=\/wp\/v2\/media\/82930"}],"wp:attachment":[{"href":"https:\/\/estado29.mx\/index.php?rest_route=%2Fwp%2Fv2%2Fmedia&parent=82929"}],"wp:term":[{"taxonomy":"category","embeddable":true,"href":"https:\/\/estado29.mx\/index.php?rest_route=%2Fwp%2Fv2%2Fcategories&post=82929"},{"taxonomy":"post_tag","embeddable":true,"href":"https:\/\/estado29.mx\/index.php?rest_route=%2Fwp%2Fv2%2Ftags&post=82929"}],"curies":[{"name":"wp","href":"https:\/\/api.w.org\/{rel}","templated":true}]}}