{"id":82951,"date":"2022-11-03T13:07:30","date_gmt":"2022-11-03T13:07:30","guid":{"rendered":"https:\/\/estado29.mx\/?p=82951"},"modified":"2022-11-03T13:07:31","modified_gmt":"2022-11-03T13:07:31","slug":"atiende-sedif-a-mas-de-870-ninas-ninos-y-adolescentes-migrantes","status":"publish","type":"post","link":"https:\/\/estado29.mx\/?p=82951","title":{"rendered":"Atiende sedif a m\u00e1s de 870 ni\u00f1as, ni\u00f1os y adolescentes migrantes"},"content":{"rendered":"\n<p>*Poco m\u00e1s del 50 por ciento de los infantes en situaci\u00f3n de movilidad transita con o en compa\u00f1\u00eda de un adulto o integrante de su n\u00facleo familiar<\/p>\n\n\n\n<p>De septiembre de 2021 a octubre de 2022, el Sistema Estatal para el Desarrollo Integral de la Familia (Sedif) brind\u00f3 atenci\u00f3n a 878 ni\u00f1as, ni\u00f1os y adolescentes (NNA) en contexto de migraci\u00f3n por el territorio tlaxcalteca, de los cuales 412 viajaban sin una persona adulta y 466 se trasladaban acompa\u00f1ados o en n\u00facleos familiares.<\/p>\n\n\n\n<p>De acuerdo con los registros, los infantes provinieron de Ecuador, Belice, Guatemala, Honduras, El Salvador, Brasil, Chile, Colombia, Cuba, Rep\u00fablica Dominicana, Guinea, Francia, Nicaragua, Hait\u00ed, Venezuela, Argentina y Per\u00fa.<\/p>\n\n\n\n<p>A trav\u00e9s de la Procuradur\u00eda para la Protecci\u00f3n de Ni\u00f1as, Ni\u00f1os y Adolescentes (Ppnna), el Sedif brind\u00f3 atenci\u00f3n m\u00e9dica, refugio en albergues temporales, asistencia psicol\u00f3gica y legal, as\u00ed como acompa\u00f1amiento en los procesos de repatriaci\u00f3n o bien en el inicio del procedimiento para su estancia legal en M\u00e9xico.<\/p>\n\n\n\n<p>En este tipo de casos, la Ppnna dict\u00f3 medidas de protecci\u00f3n, entre ellas, solicit\u00f3 a la oficina de representaci\u00f3n del Instituto Nacional de Migraci\u00f3n (INM) en Tlaxcala documente a las personas menores de edad migrantes como visitantes por razones humanitarias.<\/p>\n\n\n\n<p>Adem\u00e1s, personal de la Procuradur\u00eda para la Protecci\u00f3n ejerci\u00f3 la representaci\u00f3n y asesor\u00eda jur\u00eddica, as\u00ed como para que realicen las entrevistas y estudios multidisciplinarios que resulten necesarios para determinar el inter\u00e9s superior de la ni\u00f1ez, mediante el respectivo diagn\u00f3stico de situaci\u00f3n de derechos y plan de restituci\u00f3n de derechos.<\/p>\n\n\n\n<p>Con estas acciones, el Sistema Estatal DIF refrenda su compromiso de atenci\u00f3n y protecci\u00f3n a la ni\u00f1ez migrante, en cumplimiento a la reforma a la Ley de Migraci\u00f3n y a la Ley sobre Refugiados, Protecci\u00f3n Complementaria y Asilo Pol\u00edtico, en materia de infancia.<\/p>\n","protected":false},"excerpt":{"rendered":"<p>*Poco m\u00e1s del 50 por ciento de los infantes en situaci\u00f3n de movilidad transita con o en compa\u00f1\u00eda de un adulto o integrante de su n\u00facleo familiar De septiembre de 2021 a octubre de 2022, el Sistema Estatal para el Desarrollo Integral de la Familia (Sedif) brind\u00f3 atenci\u00f3n a 878 ni\u00f1as, ni\u00f1os y adolescentes (NNA) [&hellip;]<\/p>\n","protected":false},"author":4,"featured_media":82952,"comment_status":"open","ping_status":"open","sticky":false,"template":"","format":"standard","meta":{"om_disable_all_campaigns":false,"_monsterinsights_skip_tracking":false,"_monsterinsights_sitenote_active":false,"_monsterinsights_sitenote_note":"","_monsterinsights_sitenote_category":0,"jnews-multi-image_gallery":[],"jnews_single_post":{"subtitle":"","format":"standard","video":"","gallery":"","source_name":"","source_url":"","via_name":"","via_url":"","override_template":"0","override":[{"template":"1","single_blog_custom":"","parallax":"1","fullscreen":"1","layout":"right-sidebar","sidebar":"default-sidebar","second_sidebar":"default-sidebar","sticky_sidebar":"1","share_position":"top","share_float_style":"share-monocrhome","show_share_counter":"1","show_view_counter":"1","show_featured":"1","show_post_meta":"1","show_post_author":"1","show_post_author_image":"1","show_post_date":"1","post_date_format":"default","post_date_format_custom":"Y\/m\/d","show_post_category":"1","show_post_reading_time":"0","post_reading_time_wpm":"300","show_zoom_button":"0","zoom_button_out_step":"2","zoom_button_in_step":"3","show_post_tag":"1","show_prev_next_post":"1","show_popup_post":"1","number_popup_post":"1","show_author_box":"1","show_post_related":"0","show_inline_post_related":"0"}],"override_image_size":"0","image_override":[{"single_post_thumbnail_size":"crop-500","single_post_gallery_size":"crop-500"}],"trending_post":"0","trending_post_position":"meta","trending_post_label":"Trending","sponsored_post":"0","sponsored_post_label":"Sponsored by","sponsored_post_name":"","sponsored_post_url":"","sponsored_post_logo_enable":"0","sponsored_post_logo":"","sponsored_post_desc":"","disable_ad":"0"},"jnews_primary_category":{"id":""},"footnotes":""},"categories":[80,43,52,81],"tags":[150,110,121,96],"class_list":["post-82951","post","type-post","status-publish","format-standard","has-post-thumbnail","hentry","category-educacion","category-estado","category-gobierno-de-tlaxcala","category-salud-estado","tag-gobierno-del-estado","tag-municipios","tag-sedif","tag-tlaxcala"],"aioseo_notices":[],"_links":{"self":[{"href":"https:\/\/estado29.mx\/index.php?rest_route=\/wp\/v2\/posts\/82951","targetHints":{"allow":["GET"]}}],"collection":[{"href":"https:\/\/estado29.mx\/index.php?rest_route=\/wp\/v2\/posts"}],"about":[{"href":"https:\/\/estado29.mx\/index.php?rest_route=\/wp\/v2\/types\/post"}],"author":[{"embeddable":true,"href":"https:\/\/estado29.mx\/index.php?rest_route=\/wp\/v2\/users\/4"}],"replies":[{"embeddable":true,"href":"https:\/\/estado29.mx\/index.php?rest_route=%2Fwp%2Fv2%2Fcomments&post=82951"}],"version-history":[{"count":1,"href":"https:\/\/estado29.mx\/index.php?rest_route=\/wp\/v2\/posts\/82951\/revisions"}],"predecessor-version":[{"id":82953,"href":"https:\/\/estado29.mx\/index.php?rest_route=\/wp\/v2\/posts\/82951\/revisions\/82953"}],"wp:featuredmedia":[{"embeddable":true,"href":"https:\/\/estado29.mx\/index.php?rest_route=\/wp\/v2\/media\/82952"}],"wp:attachment":[{"href":"https:\/\/estado29.mx\/index.php?rest_route=%2Fwp%2Fv2%2Fmedia&parent=82951"}],"wp:term":[{"taxonomy":"category","embeddable":true,"href":"https:\/\/estado29.mx\/index.php?rest_route=%2Fwp%2Fv2%2Fcategories&post=82951"},{"taxonomy":"post_tag","embeddable":true,"href":"https:\/\/estado29.mx\/index.php?rest_route=%2Fwp%2Fv2%2Ftags&post=82951"}],"curies":[{"name":"wp","href":"https:\/\/api.w.org\/{rel}","templated":true}]}}