{"id":82957,"date":"2022-11-03T13:18:52","date_gmt":"2022-11-03T13:18:52","guid":{"rendered":"https:\/\/estado29.mx\/?p=82957"},"modified":"2022-11-03T13:18:53","modified_gmt":"2022-11-03T13:18:53","slug":"celebra-sepe-uset-demostracion-estatal-de-la-interpretacion-del-himno-nacional-e-himno-de-tlaxcala","status":"publish","type":"post","link":"https:\/\/estado29.mx\/?p=82957","title":{"rendered":"Celebra sepe-uset \u201cdemostraci\u00f3n estatal de la interpretaci\u00f3n del himno nacional e himno de Tlaxcala\u201d"},"content":{"rendered":"\n<p>*Composiciones l\u00edricas que celebran y enaltecen grandes momentos de la historia de M\u00e9xico<\/p>\n\n\n\n<p>Con la participaci\u00f3n de diferentes escuelas de nivel b\u00e1sico y teniendo como sede el Teatro Xicoht\u00e9ncatl de la ciudad capital, la Secretar\u00eda de Educaci\u00f3n P\u00fablica del Estado (SEPE) y la Unidad de Servicios Educativos de Tlaxcala (USET) realizaron la \u201cDemostraci\u00f3n Estatal de la Interpretaci\u00f3n del Himno Nacional e Himno de Tlaxcala\u201d.<\/p>\n\n\n\n<p>En la interpretaci\u00f3n del Himno a Tlaxcala se cont\u00f3 con la participaci\u00f3n de los coros de la primaria biling\u00fce ind\u00edgena \u201cBimi Manandi Yu\u2019Mu\u201d, as\u00ed como de las escuelas telesecundarias \u201cMatlalcu\u00e9yetl\u201d e \u201cIgnacio Zaragoza\u201d.<\/p>\n\n\n\n<p>En tanto, alumnos de las primarias \u201cJosefa Ortiz de Dom\u00ednguez\u201d, federal \u201cMariano Matamoros\u201d y de las secundarias General \u201cCrisanto Cu\u00e9llar Abaroa\u201d y T\u00e9cnica 14 \u201cGral. Domingo Arenas\u201d interpretaron el Himno Nacional.<\/p>\n\n\n\n<p>Durante el evento, el director de Evaluaci\u00f3n Educativa, Raciel S\u00e1nchez Rinc\u00f3n mencion\u00f3 que la SEPE y la USET desarrollan estos eventos en el marco de los argumentos de la Nueva Escuela Mexicana (NEM), con la finalidad de que los estudiantes tengan sentido de pertenencia.<\/p>\n\n\n\n<p>\u201cHacen recordar que desde muy peque\u00f1os aprendimos a cantar las estrofas que celebran a la patria y nuestro estado, ni\u00f1as y ni\u00f1os que crecieron con la firme intenci\u00f3n de generar orgullo y desarrollar el sentido de pertenencia a esta naci\u00f3n\u201d, coment\u00f3.<\/p>\n\n\n\n<p>Asimismo, resalt\u00f3 que el Himno a Tlaxcala le canta a un pasado que enorgullece a los tlaxcaltecas e inspira a unir esfuerzos para tener mejores condiciones de calidad de vida, basadas en fundamentos de amistad, paz y libertad.<\/p>\n\n\n\n<p>El evento transcurri\u00f3 en presencia de funcionarios y servidores p\u00fablicos del sector, representantes de la 23 Zona Militar, de los secretarios generales de las secciones 31 y 55 del Sindicato Nacional de Trabajadores de la Educaci\u00f3n (SNTE), Cutberto Ch\u00e1vez de la Rosa y Jorge Guevara Lozada, respectivamente, as\u00ed como docentes y alumnos de educaci\u00f3n b\u00e1sica.<\/p>\n\n\n\n<p>Al finalizar, autoridades educativas hicieron entrega de reconocimientos a las escuelas participantes.<\/p>\n","protected":false},"excerpt":{"rendered":"<p>*Composiciones l\u00edricas que celebran y enaltecen grandes momentos de la historia de M\u00e9xico Con la participaci\u00f3n de diferentes escuelas de nivel b\u00e1sico y teniendo como sede el Teatro Xicoht\u00e9ncatl de la ciudad capital, la Secretar\u00eda de Educaci\u00f3n P\u00fablica del Estado (SEPE) y la Unidad de Servicios Educativos de Tlaxcala (USET) realizaron la \u201cDemostraci\u00f3n Estatal de [&hellip;]<\/p>\n","protected":false},"author":4,"featured_media":82958,"comment_status":"open","ping_status":"open","sticky":false,"template":"","format":"standard","meta":{"om_disable_all_campaigns":false,"_monsterinsights_skip_tracking":false,"_monsterinsights_sitenote_active":false,"_monsterinsights_sitenote_note":"","_monsterinsights_sitenote_category":0,"jnews-multi-image_gallery":[],"jnews_single_post":{"subtitle":"","format":"standard","video":"","gallery":"","source_name":"","source_url":"","via_name":"","via_url":"","override_template":"0","override":[{"template":"1","single_blog_custom":"","parallax":"1","fullscreen":"1","layout":"right-sidebar","sidebar":"default-sidebar","second_sidebar":"default-sidebar","sticky_sidebar":"1","share_position":"top","share_float_style":"share-monocrhome","show_share_counter":"1","show_view_counter":"1","show_featured":"1","show_post_meta":"1","show_post_author":"1","show_post_author_image":"1","show_post_date":"1","post_date_format":"default","post_date_format_custom":"Y\/m\/d","show_post_category":"1","show_post_reading_time":"0","post_reading_time_wpm":"300","show_zoom_button":"0","zoom_button_out_step":"2","zoom_button_in_step":"3","show_post_tag":"1","show_prev_next_post":"1","show_popup_post":"1","number_popup_post":"1","show_author_box":"1","show_post_related":"0","show_inline_post_related":"0"}],"override_image_size":"0","image_override":[{"single_post_thumbnail_size":"crop-500","single_post_gallery_size":"crop-500"}],"trending_post":"0","trending_post_position":"meta","trending_post_label":"Trending","sponsored_post":"0","sponsored_post_label":"Sponsored by","sponsored_post_name":"","sponsored_post_url":"","sponsored_post_logo_enable":"0","sponsored_post_logo":"","sponsored_post_desc":"","disable_ad":"0"},"jnews_primary_category":{"id":""},"footnotes":""},"categories":[43,52],"tags":[284,285],"class_list":["post-82957","post","type-post","status-publish","format-standard","has-post-thumbnail","hentry","category-estado","category-gobierno-de-tlaxcala","tag-sepe","tag-uset"],"aioseo_notices":[],"_links":{"self":[{"href":"https:\/\/estado29.mx\/index.php?rest_route=\/wp\/v2\/posts\/82957","targetHints":{"allow":["GET"]}}],"collection":[{"href":"https:\/\/estado29.mx\/index.php?rest_route=\/wp\/v2\/posts"}],"about":[{"href":"https:\/\/estado29.mx\/index.php?rest_route=\/wp\/v2\/types\/post"}],"author":[{"embeddable":true,"href":"https:\/\/estado29.mx\/index.php?rest_route=\/wp\/v2\/users\/4"}],"replies":[{"embeddable":true,"href":"https:\/\/estado29.mx\/index.php?rest_route=%2Fwp%2Fv2%2Fcomments&post=82957"}],"version-history":[{"count":1,"href":"https:\/\/estado29.mx\/index.php?rest_route=\/wp\/v2\/posts\/82957\/revisions"}],"predecessor-version":[{"id":82959,"href":"https:\/\/estado29.mx\/index.php?rest_route=\/wp\/v2\/posts\/82957\/revisions\/82959"}],"wp:featuredmedia":[{"embeddable":true,"href":"https:\/\/estado29.mx\/index.php?rest_route=\/wp\/v2\/media\/82958"}],"wp:attachment":[{"href":"https:\/\/estado29.mx\/index.php?rest_route=%2Fwp%2Fv2%2Fmedia&parent=82957"}],"wp:term":[{"taxonomy":"category","embeddable":true,"href":"https:\/\/estado29.mx\/index.php?rest_route=%2Fwp%2Fv2%2Fcategories&post=82957"},{"taxonomy":"post_tag","embeddable":true,"href":"https:\/\/estado29.mx\/index.php?rest_route=%2Fwp%2Fv2%2Ftags&post=82957"}],"curies":[{"name":"wp","href":"https:\/\/api.w.org\/{rel}","templated":true}]}}