{"id":83014,"date":"2022-11-07T13:29:29","date_gmt":"2022-11-07T13:29:29","guid":{"rendered":"https:\/\/estado29.mx\/?p=83014"},"modified":"2022-11-07T13:29:30","modified_gmt":"2022-11-07T13:29:30","slug":"tlaxcala-cautiva-a-ciudad-de-mexico-en-los-pinos","status":"publish","type":"post","link":"https:\/\/estado29.mx\/?p=83014","title":{"rendered":"Tlaxcala cautiva a ciudad de M\u00e9xico en los pinos"},"content":{"rendered":"\n<p>*La expo venta artesanal y gastron\u00f3mica se realiz\u00f3 en la Plaza Cencalli del Complejo Cultura<\/p>\n\n\n\n<p>La riqueza cultural, gastron\u00f3mica y artesanal de Tlaxcala lleg\u00f3 al Complejo Cultural Los Pinos, a trav\u00e9s del Sistema Estatal para el Desarrollo Integral de la Familia (Sedif) los d\u00edas 5 y 6 de noviembre, adem\u00e1s de cautivar a la capital del pa\u00eds con sus huehues, leyendas y m\u00fasica.<\/p>\n\n\n\n<p>En el primer d\u00eda de actividades estuvieron presentes las titulares del Sistema Nacional y Estatal DIF, Nuria Fern\u00e1ndez Espresate y Mariana Espinosa de los Monteros Cu\u00e9llar, respectivamente, as\u00ed como de la directora general del Sedif, Flor L\u00f3pez Hinojosa, quienes realizaron el recorrido por la exposici\u00f3n artesanal y gastron\u00f3mica que ocup\u00f3 la Plaza Cencalli del Complejo Cultural; posteriormente, disfrutaron de la m\u00fasica de la Orquesta Sinf\u00f3nica de Selecci\u00f3n \u201cJos\u00e9 Pablo Moncayo\u201d que est\u00e1 compuesta por 45 ni\u00f1as y ni\u00f1os del estado de Tlaxcala.<\/p>\n\n\n\n<p>Cientos de personas disfrutaron de los sabores, colores, texturas y sonidos de Tlaxcala a trav\u00e9s de los productos de artesanos de al menos 15 municipios; tambi\u00e9n aprendieron leyendas tlaxcaltecas con Roy Cuenta Cuentos, quien mantuvo atentos tanto a ni\u00f1as y ni\u00f1os como personas adultas.<\/p>\n\n\n\n<p>El enorme penacho de un huehue de Yauhquemehcan rob\u00f3 la atenci\u00f3n en el Complejo Cultural Los Pinos, mostrando la tradici\u00f3n del Carnaval de Tlaxcala.<\/p>\n\n\n\n<p>Si est\u00e1s cerca de la CDMX a\u00fan puedes aprovechar de esta experiencia en el Complejo Cultural Los Pinos este 6 de noviembre de 11:00 a 18:00 horas.<\/p>\n","protected":false},"excerpt":{"rendered":"<p>*La expo venta artesanal y gastron\u00f3mica se realiz\u00f3 en la Plaza Cencalli del Complejo Cultura La riqueza cultural, gastron\u00f3mica y artesanal de Tlaxcala lleg\u00f3 al Complejo Cultural Los Pinos, a trav\u00e9s del Sistema Estatal para el Desarrollo Integral de la Familia (Sedif) los d\u00edas 5 y 6 de noviembre, adem\u00e1s de cautivar a la capital [&hellip;]<\/p>\n","protected":false},"author":4,"featured_media":83015,"comment_status":"open","ping_status":"open","sticky":false,"template":"","format":"standard","meta":{"om_disable_all_campaigns":false,"_monsterinsights_skip_tracking":false,"_monsterinsights_sitenote_active":false,"_monsterinsights_sitenote_note":"","_monsterinsights_sitenote_category":0,"jnews-multi-image_gallery":[],"jnews_single_post":{"subtitle":"","format":"standard","video":"","gallery":"","source_name":"","source_url":"","via_name":"","via_url":"","override_template":"0","override":[{"template":"1","single_blog_custom":"","parallax":"1","fullscreen":"1","layout":"right-sidebar","sidebar":"default-sidebar","second_sidebar":"default-sidebar","sticky_sidebar":"1","share_position":"top","share_float_style":"share-monocrhome","show_share_counter":"1","show_view_counter":"1","show_featured":"1","show_post_meta":"1","show_post_author":"1","show_post_author_image":"1","show_post_date":"1","post_date_format":"default","post_date_format_custom":"Y\/m\/d","show_post_category":"1","show_post_reading_time":"0","post_reading_time_wpm":"300","show_zoom_button":"0","zoom_button_out_step":"2","zoom_button_in_step":"3","show_post_tag":"1","show_prev_next_post":"1","show_popup_post":"1","number_popup_post":"1","show_author_box":"1","show_post_related":"0","show_inline_post_related":"0"}],"override_image_size":"0","image_override":[{"single_post_thumbnail_size":"crop-500","single_post_gallery_size":"crop-500"}],"trending_post":"0","trending_post_position":"meta","trending_post_label":"Trending","sponsored_post":"0","sponsored_post_label":"Sponsored by","sponsored_post_name":"","sponsored_post_url":"","sponsored_post_logo_enable":"0","sponsored_post_logo":"","sponsored_post_desc":"","disable_ad":"0"},"jnews_primary_category":{"id":""},"footnotes":""},"categories":[43,52],"tags":[688,150,110,121,96],"class_list":["post-83014","post","type-post","status-publish","format-standard","has-post-thumbnail","hentry","category-estado","category-gobierno-de-tlaxcala","tag-cdmx","tag-gobierno-del-estado","tag-municipios","tag-sedif","tag-tlaxcala"],"aioseo_notices":[],"_links":{"self":[{"href":"https:\/\/estado29.mx\/index.php?rest_route=\/wp\/v2\/posts\/83014","targetHints":{"allow":["GET"]}}],"collection":[{"href":"https:\/\/estado29.mx\/index.php?rest_route=\/wp\/v2\/posts"}],"about":[{"href":"https:\/\/estado29.mx\/index.php?rest_route=\/wp\/v2\/types\/post"}],"author":[{"embeddable":true,"href":"https:\/\/estado29.mx\/index.php?rest_route=\/wp\/v2\/users\/4"}],"replies":[{"embeddable":true,"href":"https:\/\/estado29.mx\/index.php?rest_route=%2Fwp%2Fv2%2Fcomments&post=83014"}],"version-history":[{"count":1,"href":"https:\/\/estado29.mx\/index.php?rest_route=\/wp\/v2\/posts\/83014\/revisions"}],"predecessor-version":[{"id":83016,"href":"https:\/\/estado29.mx\/index.php?rest_route=\/wp\/v2\/posts\/83014\/revisions\/83016"}],"wp:featuredmedia":[{"embeddable":true,"href":"https:\/\/estado29.mx\/index.php?rest_route=\/wp\/v2\/media\/83015"}],"wp:attachment":[{"href":"https:\/\/estado29.mx\/index.php?rest_route=%2Fwp%2Fv2%2Fmedia&parent=83014"}],"wp:term":[{"taxonomy":"category","embeddable":true,"href":"https:\/\/estado29.mx\/index.php?rest_route=%2Fwp%2Fv2%2Fcategories&post=83014"},{"taxonomy":"post_tag","embeddable":true,"href":"https:\/\/estado29.mx\/index.php?rest_route=%2Fwp%2Fv2%2Ftags&post=83014"}],"curies":[{"name":"wp","href":"https:\/\/api.w.org\/{rel}","templated":true}]}}