{"id":83054,"date":"2022-11-08T13:49:25","date_gmt":"2022-11-08T13:49:25","guid":{"rendered":"https:\/\/estado29.mx\/?p=83054"},"modified":"2022-11-08T13:49:26","modified_gmt":"2022-11-08T13:49:26","slug":"inaugura-gobernadora-servicio-de-equinoterapia-en-el-sistema-estatal-dif","status":"publish","type":"post","link":"https:\/\/estado29.mx\/?p=83054","title":{"rendered":"Inaugura gobernadora servicio de equinoterapia en el sistema estatal dif"},"content":{"rendered":"\n<p><\/p>\n\n\n\n<p>*Las Unidades B\u00e1sicas de Rehabilitaci\u00f3n estatales y municipales fungir\u00e1n como canalizadoras de casos a atender<\/p>\n\n\n\n<p>La gobernadora Lorena Cu\u00e9llar Cisneros y la presidenta honor\u00edfica del Sistema Estatal para el Desarrollo Integral de la Familia (Sedif), Mariana Espinosa de los Monteros Cu\u00e9llar, inauguraron el servicio de equinoterapia en las Unidades B\u00e1sicas de Rehabilitaci\u00f3n (UBR) estatales y municipales, con lo que ser\u00e1n beneficiadas ni\u00f1as y ni\u00f1os con discapacidad.<\/p>\n\n\n\n<p>La mandataria estatal festej\u00f3 el arranque oficial del servicio, pero adem\u00e1s recalc\u00f3 que en breve se colocar\u00e1 la primera piedra para la construcci\u00f3n del CRIT-Telet\u00f3n, que brindar\u00e1 servicio a ni\u00f1as y ni\u00f1os con discapacidad, lo que adem\u00e1s va a respaldar todos los servicios que el Sedif tiene para este sector de la poblaci\u00f3n.<\/p>\n\n\n\n<p>Cu\u00e9llar Cisneros mencion\u00f3 que se construir\u00e1 el Centro de Capacitaci\u00f3n para Personas con Discapacidad (Cecapdif), donde adem\u00e1s de incluirse el espacio adecuado para brindar el servicio de equinoterapia, contar\u00e1 con siete aulas para talleres de autoempleo, \u00e1rea de \u00f3rtesis y pr\u00f3tesis, un invernadero autosustentable y un auditorio, \u201cesto ser\u00e1 algo nuevo en el estado con lo que nuestros j\u00f3venes con discapacidad se podr\u00e1n integrar al \u00e1rea laboral\u201d.<\/p>\n\n\n\n<p>Coment\u00f3 que de manera provisional el Sistema Estatal DIF dar\u00e1 el servicio de equinoterapia en el rancho Las Alamandas, ubicado en el municipio de Yauhquemehcan, para lo cual cuentan con tres caballos, Dorado, Flash e Igor, que est\u00e1n certificados para brindar terapias de estimulaci\u00f3n temprana y control motor; trastornos neurol\u00f3gicos y ortop\u00e9dicos que afecten el aparato locomotor leve o gravemente; par\u00e1lisis cerebral; s\u00edndrome de Down; discapacidades como ceguera, sordera, mudez; y retraso psicomotor, entre otros.<\/p>\n\n\n\n<p>La presidenta honor\u00edfica del Sedif, Mariana Espinosa de los Monteros se\u00f1al\u00f3 que la equinoterapia marcar\u00e1 un antes y un despu\u00e9s en la calidad de vida de ni\u00f1as y ni\u00f1os con discapacidad. Agreg\u00f3 que por primera vez en su historia el DIF estatal tendr\u00e1 terapia asistida con caballos.<\/p>\n\n\n\n<p>Se tienen proyectadas 350 terapias trimestrales, con una duraci\u00f3n de 30 minutos por cada una, y ser\u00e1n las 43 Unidades B\u00e1sicas de Rehabilitaci\u00f3n tanto estatales como municipales las que canalizar\u00e1n los casos que habr\u00e1n de atender, la cual ha demostrado ser exitosa, ya que trabaja el apoyo emocional, el desarrollo sensorial y neurol\u00f3gico a trav\u00e9s de la monta, pero tambi\u00e9n de actividades previas como es el contacto con el equino.<\/p>\n\n\n\n<p>Con base en estad\u00edsticas oficiales, en Tlaxcala hay aproximadamente 54 mil 300 personas con discapacidad, de los cuales mil 849 son ni\u00f1as y ni\u00f1os con un rango de edad de los cero a los 9 a\u00f1os, y 4 mil 351 con alguna limitaci\u00f3n, de ah\u00ed la importancia del servicio.<\/p>\n\n\n\n<p>Al evento asisti\u00f3 la directora general del Sedif, Flor L\u00f3pez Hinojosa; el director del Centro de Rehabilitaci\u00f3n Integral (CRI) de Apizaco, Iv\u00e1n Luna Cede\u00f1o; adem\u00e1s, destacar el apoyo de Anuar Alba, para la realizaci\u00f3n del evento.<\/p>\n","protected":false},"excerpt":{"rendered":"<p>*Las Unidades B\u00e1sicas de Rehabilitaci\u00f3n estatales y municipales fungir\u00e1n como canalizadoras de casos a atender La gobernadora Lorena Cu\u00e9llar Cisneros y la presidenta honor\u00edfica del Sistema Estatal para el Desarrollo Integral de la Familia (Sedif), Mariana Espinosa de los Monteros Cu\u00e9llar, inauguraron el servicio de equinoterapia en las Unidades B\u00e1sicas de Rehabilitaci\u00f3n (UBR) estatales y [&hellip;]<\/p>\n","protected":false},"author":4,"featured_media":83055,"comment_status":"open","ping_status":"open","sticky":false,"template":"","format":"standard","meta":{"om_disable_all_campaigns":false,"_monsterinsights_skip_tracking":false,"_monsterinsights_sitenote_active":false,"_monsterinsights_sitenote_note":"","_monsterinsights_sitenote_category":0,"jnews-multi-image_gallery":[],"jnews_single_post":{"subtitle":"","format":"standard","video":"","gallery":"","source_name":"","source_url":"","via_name":"","via_url":"","override_template":"0","override":[{"template":"1","single_blog_custom":"","parallax":"1","fullscreen":"1","layout":"right-sidebar","sidebar":"default-sidebar","second_sidebar":"default-sidebar","sticky_sidebar":"1","share_position":"top","share_float_style":"share-monocrhome","show_share_counter":"1","show_view_counter":"1","show_featured":"1","show_post_meta":"1","show_post_author":"1","show_post_author_image":"1","show_post_date":"1","post_date_format":"default","post_date_format_custom":"Y\/m\/d","show_post_category":"1","show_post_reading_time":"0","post_reading_time_wpm":"300","show_zoom_button":"0","zoom_button_out_step":"2","zoom_button_in_step":"3","show_post_tag":"1","show_prev_next_post":"1","show_popup_post":"1","number_popup_post":"1","show_author_box":"1","show_post_related":"0","show_inline_post_related":"0"}],"override_image_size":"0","image_override":[{"single_post_thumbnail_size":"crop-500","single_post_gallery_size":"crop-500"}],"trending_post":"0","trending_post_position":"meta","trending_post_label":"Trending","sponsored_post":"0","sponsored_post_label":"Sponsored by","sponsored_post_name":"","sponsored_post_url":"","sponsored_post_logo_enable":"0","sponsored_post_logo":"","sponsored_post_desc":"","disable_ad":"0"},"jnews_primary_category":{"id":""},"footnotes":""},"categories":[43,52],"tags":[868,150,110,121],"class_list":["post-83054","post","type-post","status-publish","format-standard","has-post-thumbnail","hentry","category-estado","category-gobierno-de-tlaxcala","tag-equinoterapia","tag-gobierno-del-estado","tag-municipios","tag-sedif"],"aioseo_notices":[],"_links":{"self":[{"href":"https:\/\/estado29.mx\/index.php?rest_route=\/wp\/v2\/posts\/83054","targetHints":{"allow":["GET"]}}],"collection":[{"href":"https:\/\/estado29.mx\/index.php?rest_route=\/wp\/v2\/posts"}],"about":[{"href":"https:\/\/estado29.mx\/index.php?rest_route=\/wp\/v2\/types\/post"}],"author":[{"embeddable":true,"href":"https:\/\/estado29.mx\/index.php?rest_route=\/wp\/v2\/users\/4"}],"replies":[{"embeddable":true,"href":"https:\/\/estado29.mx\/index.php?rest_route=%2Fwp%2Fv2%2Fcomments&post=83054"}],"version-history":[{"count":1,"href":"https:\/\/estado29.mx\/index.php?rest_route=\/wp\/v2\/posts\/83054\/revisions"}],"predecessor-version":[{"id":83056,"href":"https:\/\/estado29.mx\/index.php?rest_route=\/wp\/v2\/posts\/83054\/revisions\/83056"}],"wp:featuredmedia":[{"embeddable":true,"href":"https:\/\/estado29.mx\/index.php?rest_route=\/wp\/v2\/media\/83055"}],"wp:attachment":[{"href":"https:\/\/estado29.mx\/index.php?rest_route=%2Fwp%2Fv2%2Fmedia&parent=83054"}],"wp:term":[{"taxonomy":"category","embeddable":true,"href":"https:\/\/estado29.mx\/index.php?rest_route=%2Fwp%2Fv2%2Fcategories&post=83054"},{"taxonomy":"post_tag","embeddable":true,"href":"https:\/\/estado29.mx\/index.php?rest_route=%2Fwp%2Fv2%2Ftags&post=83054"}],"curies":[{"name":"wp","href":"https:\/\/api.w.org\/{rel}","templated":true}]}}