{"id":83072,"date":"2022-11-09T13:34:32","date_gmt":"2022-11-09T13:34:32","guid":{"rendered":"https:\/\/estado29.mx\/?p=83072"},"modified":"2022-11-09T13:34:32","modified_gmt":"2022-11-09T13:34:32","slug":"respaldada-por-el-priismo-tlaxcalteca-asume-anabel-avalos-la-dirigencia-estatal-de-pri","status":"publish","type":"post","link":"https:\/\/estado29.mx\/?p=83072","title":{"rendered":"Respaldada por el priismo tlaxcalteca, asume Anabel \u00c1valos la dirigencia estatal de PRI"},"content":{"rendered":"\n<p>\u00b7&nbsp;&nbsp;&nbsp;&nbsp;&nbsp;&nbsp;Le pide a la gobernadora de Tlaxcala respeto a los militantes, cuadros y servidores p\u00fablicos emanados del partido<\/p>\n\n\n\n<p>Con la presencia del Comit\u00e9 Directivo Estatal, Dirigentes de Sectores y Organizaciones, Ex Presidentes del CDE, Diputados locales, Presidentes Municipales, S\u00edndicos, Regidores y Presidentes de Comunidad, Anabell \u00c1valos Zempoalteca asumi\u00f3 la Dirigencia Estatal del Partido Revolucionario Institucional (PRI).<\/p>\n\n\n\n<p>Tras la renuncia del Presidente Interino del tricolor, Oscar Amador Xochiteotzin, la Secretaria de Organizaci\u00f3n, ahora Presidenta Estatal del tricolor, asumi\u00f3 la encomienda con base a los estatutos del reglamento interno del PRI, en su art\u00edculo 179 p\u00e1rrafo quinto.<\/p>\n\n\n\n<p>\u00c1valos Zempoalteca expres\u00f3 el \u00e1nimo y el compromiso con el que asume la Dirigencia Estatal, animando al priismo a alzar la voz con responsabilidad, firmeza y esp\u00edritu de servicio; al mismo tiempo llam\u00f3 a la unidad y abri\u00f3 las puertas a todos los cuadros a regresar al PRI y reconstruir el gran partido de las instituciones.<\/p>\n\n\n\n<p>Asimismo la tambi\u00e9n ex alcaldesa pri\u00edsta, se\u00f1al\u00f3 que encabezar\u00e1 una dirigencia desde la base, de la mano de sectores, organizaciones, y representantes populares; a quienes les expres\u00f3 que su dirigencia exigir\u00e1 y defender\u00e1 el respeto del partido ante el Ejecutivo Estatal, el de sus militantes y el de los tlaxcaltecas, ponderando la continuidad de la buena democracia y derecho de libertad de expresi\u00f3n en Tlaxcala; as\u00ed como el progreso en la entidad.<\/p>\n\n\n\n<p>\u201cSoy priista, nac\u00ed priista y me morir\u00e9 priista\u201d, concluy\u00f3 \u00c1valos Zempoalteca.<\/p>\n\n\n\n<p>Jorge Meade Ocaranza; subsecretario de organizaci\u00f3n del CEN del PRI, fue quien le tom\u00f3 protesta a la nueva Presi del PRI en Tlaxcala.<\/p>\n","protected":false},"excerpt":{"rendered":"<p>\u00b7&nbsp;&nbsp;&nbsp;&nbsp;&nbsp;&nbsp;Le pide a la gobernadora de Tlaxcala respeto a los militantes, cuadros y servidores p\u00fablicos emanados del partido Con la presencia del Comit\u00e9 Directivo Estatal, Dirigentes de Sectores y Organizaciones, Ex Presidentes del CDE, Diputados locales, Presidentes Municipales, S\u00edndicos, Regidores y Presidentes de Comunidad, Anabell \u00c1valos Zempoalteca asumi\u00f3 la Dirigencia Estatal del Partido Revolucionario Institucional [&hellip;]<\/p>\n","protected":false},"author":4,"featured_media":83073,"comment_status":"open","ping_status":"open","sticky":false,"template":"","format":"standard","meta":{"om_disable_all_campaigns":false,"_monsterinsights_skip_tracking":false,"_monsterinsights_sitenote_active":false,"_monsterinsights_sitenote_note":"","_monsterinsights_sitenote_category":0,"jnews-multi-image_gallery":[],"jnews_single_post":{"subtitle":"","format":"standard","video":"","gallery":"","source_name":"","source_url":"","via_name":"","via_url":"","override_template":"0","override":[{"template":"1","single_blog_custom":"","parallax":"1","fullscreen":"1","layout":"right-sidebar","sidebar":"default-sidebar","second_sidebar":"default-sidebar","sticky_sidebar":"1","share_position":"top","share_float_style":"share-monocrhome","show_share_counter":"1","show_view_counter":"1","show_featured":"1","show_post_meta":"1","show_post_author":"1","show_post_author_image":"1","show_post_date":"1","post_date_format":"default","post_date_format_custom":"Y\/m\/d","show_post_category":"1","show_post_reading_time":"0","post_reading_time_wpm":"300","show_zoom_button":"0","zoom_button_out_step":"2","zoom_button_in_step":"3","show_post_tag":"1","show_prev_next_post":"1","show_popup_post":"1","number_popup_post":"1","show_author_box":"1","show_post_related":"0","show_inline_post_related":"0"}],"override_image_size":"0","image_override":[{"single_post_thumbnail_size":"crop-500","single_post_gallery_size":"crop-500"}],"trending_post":"0","trending_post_position":"meta","trending_post_label":"Trending","sponsored_post":"0","sponsored_post_label":"Sponsored by","sponsored_post_name":"","sponsored_post_url":"","sponsored_post_logo_enable":"0","sponsored_post_logo":"","sponsored_post_desc":"","disable_ad":"0"},"jnews_primary_category":{"id":""},"footnotes":""},"categories":[43,47,46],"tags":[873,110,730,290,96],"class_list":["post-83072","post","type-post","status-publish","format-standard","has-post-thumbnail","hentry","category-estado","category-municipios","category-politica","tag-anabel-avalos","tag-municipios","tag-politica-2","tag-pri","tag-tlaxcala"],"aioseo_notices":[],"_links":{"self":[{"href":"https:\/\/estado29.mx\/index.php?rest_route=\/wp\/v2\/posts\/83072","targetHints":{"allow":["GET"]}}],"collection":[{"href":"https:\/\/estado29.mx\/index.php?rest_route=\/wp\/v2\/posts"}],"about":[{"href":"https:\/\/estado29.mx\/index.php?rest_route=\/wp\/v2\/types\/post"}],"author":[{"embeddable":true,"href":"https:\/\/estado29.mx\/index.php?rest_route=\/wp\/v2\/users\/4"}],"replies":[{"embeddable":true,"href":"https:\/\/estado29.mx\/index.php?rest_route=%2Fwp%2Fv2%2Fcomments&post=83072"}],"version-history":[{"count":1,"href":"https:\/\/estado29.mx\/index.php?rest_route=\/wp\/v2\/posts\/83072\/revisions"}],"predecessor-version":[{"id":83074,"href":"https:\/\/estado29.mx\/index.php?rest_route=\/wp\/v2\/posts\/83072\/revisions\/83074"}],"wp:featuredmedia":[{"embeddable":true,"href":"https:\/\/estado29.mx\/index.php?rest_route=\/wp\/v2\/media\/83073"}],"wp:attachment":[{"href":"https:\/\/estado29.mx\/index.php?rest_route=%2Fwp%2Fv2%2Fmedia&parent=83072"}],"wp:term":[{"taxonomy":"category","embeddable":true,"href":"https:\/\/estado29.mx\/index.php?rest_route=%2Fwp%2Fv2%2Fcategories&post=83072"},{"taxonomy":"post_tag","embeddable":true,"href":"https:\/\/estado29.mx\/index.php?rest_route=%2Fwp%2Fv2%2Ftags&post=83072"}],"curies":[{"name":"wp","href":"https:\/\/api.w.org\/{rel}","templated":true}]}}