{"id":83155,"date":"2022-11-11T13:29:47","date_gmt":"2022-11-11T13:29:47","guid":{"rendered":"https:\/\/estado29.mx\/?p=83155"},"modified":"2022-11-11T13:29:48","modified_gmt":"2022-11-11T13:29:48","slug":"avanza-la-transformacion-educativa-en-tlaxcala-sepe","status":"publish","type":"post","link":"https:\/\/estado29.mx\/?p=83155","title":{"rendered":"Avanza la transformaci\u00f3n educativa en Tlaxcala: SEPE"},"content":{"rendered":"\n<p>*Se eval\u00faa la puesta en marcha del Nuevo Modelo Educativo Tlaxcalteca<\/p>\n\n\n\n<p>Directivos de la Secretar\u00eda de Educaci\u00f3n P\u00fablica del Estado (SEPE) y Unidad de Servicios Educativos de Tlaxcala (USET), se reunieron en el auditorio de la Universidad Pedag\u00f3gica Nacional (UPN), unidad 291, para evaluar la puesta en marcha del Nuevo Modelo Educativo Tlaxcalteca (Numet) y los avances logrados a la fecha por la gobernadora Lorena Cu\u00e9llar Cisneros, en esta materia.<\/p>\n\n\n\n<p>El secretario de Educaci\u00f3n P\u00fablica en el estado, Homero Meneses Hern\u00e1ndez afirm\u00f3 que el Numet busca mejorar la calidad de la educaci\u00f3n que se imparte a la ni\u00f1ez y juventud de la entidad, con el prop\u00f3sito de consolidar la verdadera transformaci\u00f3n de Tlaxcala.<\/p>\n\n\n\n<p>\u201cEn este primer a\u00f1o de gobierno, se concluy\u00f3 la primera etapa del eje de comunicaci\u00f3n acci\u00f3n que se refiere a la gesti\u00f3n de territorio a favor de la educaci\u00f3n. Las reuniones territoriales y de concurrencia con los presidentes municipales dieron paso a la inclusi\u00f3n de la suma de esfuerzos que deben emprenderse desde los gobiernos federal y estatal\u201d, mencion\u00f3.<\/p>\n\n\n\n<p>El Numet est\u00e1 integrado por cuatro ejes de comunicaci\u00f3n-acci\u00f3n, que buscan la reflexi\u00f3n constante para incentivar la participaci\u00f3n social, gesti\u00f3n territorial, estructura educativa, participaci\u00f3n de padres, madres y tutores; as\u00ed como la transformaci\u00f3n docente; adem\u00e1s de los ejes transversales como perspectiva de g\u00e9nero e impulso de nuevas masculinidades e inclusi\u00f3n educativa en el n\u00facleo de la escuela.<\/p>\n\n\n\n<p>Posteriormente, Meneses Hern\u00e1ndez inform\u00f3 que en el ciclo escolar 2022-2023 se buscar\u00e1 la reivindicaci\u00f3n social, \u00e9tica y profesional moral del magisterio, para recuperar el prestigio social de las y los docentes.<\/p>\n\n\n\n<p>Ante figuras educativas, el titular de la SEPE-USET destac\u00f3 la participaci\u00f3n de las y los maestros con el prop\u00f3sito de que colaboren en la transformaci\u00f3n educativa del estado.<\/p>\n\n\n\n<p>\u201cLas transformaciones van en tres prop\u00f3sitos educativos: el primero consiste en prepararnos para implementar el nuevo plan de estudios 2022, el segundo en consolidar el Numet y el tercero en implementar reformas profundas para la protecci\u00f3n de los derechos humanos de las ni\u00f1as, ni\u00f1os, adolescentes y j\u00f3venes, acciones que ir\u00e1n encaminadas a acelerar la igualdad sustantiva, buscar la redignificaci\u00f3n del magisterio y buscar las condiciones para mejorar el trabajo e infraestructura rumbo a la construcci\u00f3n de una nueva historia en educaci\u00f3n\u201d, reiter\u00f3.<\/p>\n\n\n\n<p>Asimismo, destac\u00f3 como un logro el uniforme \u00fanico, como un s\u00edmbolo de progresi\u00f3n a los derechos humanos, el cual ser\u00e1 presentado en el mes de febrero del pr\u00f3ximo a\u00f1o.<\/p>\n\n\n\n<p>En tanto, las figuras educativas resaltaron el inter\u00e9s y compromiso de las autoridades del sector a favor de la educaci\u00f3n, por lo que reiteraron el inter\u00e9s de sumarse a la pol\u00edtica educativa del gobierno del estado y mantener la comunicaci\u00f3n con la SEPE-USET para lograr los objetivos de los planes y programas de estudio.<\/p>\n","protected":false},"excerpt":{"rendered":"<p>*Se eval\u00faa la puesta en marcha del Nuevo Modelo Educativo Tlaxcalteca Directivos de la Secretar\u00eda de Educaci\u00f3n P\u00fablica del Estado (SEPE) y Unidad de Servicios Educativos de Tlaxcala (USET), se reunieron en el auditorio de la Universidad Pedag\u00f3gica Nacional (UPN), unidad 291, para evaluar la puesta en marcha del Nuevo Modelo Educativo Tlaxcalteca (Numet) y [&hellip;]<\/p>\n","protected":false},"author":4,"featured_media":83156,"comment_status":"open","ping_status":"open","sticky":false,"template":"","format":"standard","meta":{"om_disable_all_campaigns":false,"_monsterinsights_skip_tracking":false,"_monsterinsights_sitenote_active":false,"_monsterinsights_sitenote_note":"","_monsterinsights_sitenote_category":0,"jnews-multi-image_gallery":[],"jnews_single_post":{"subtitle":"","format":"standard","video":"","gallery":"","source_name":"","source_url":"","via_name":"","via_url":"","override_template":"0","override":[{"template":"1","single_blog_custom":"","parallax":"1","fullscreen":"1","layout":"right-sidebar","sidebar":"default-sidebar","second_sidebar":"default-sidebar","sticky_sidebar":"1","share_position":"top","share_float_style":"share-monocrhome","show_share_counter":"1","show_view_counter":"1","show_featured":"1","show_post_meta":"1","show_post_author":"1","show_post_author_image":"1","show_post_date":"1","post_date_format":"default","post_date_format_custom":"Y\/m\/d","show_post_category":"1","show_post_reading_time":"0","post_reading_time_wpm":"300","show_zoom_button":"0","zoom_button_out_step":"2","zoom_button_in_step":"3","show_post_tag":"1","show_prev_next_post":"1","show_popup_post":"1","number_popup_post":"1","show_author_box":"1","show_post_related":"0","show_inline_post_related":"0"}],"override_image_size":"0","image_override":[{"single_post_thumbnail_size":"crop-500","single_post_gallery_size":"crop-500"}],"trending_post":"0","trending_post_position":"meta","trending_post_label":"Trending","sponsored_post":"0","sponsored_post_label":"Sponsored by","sponsored_post_name":"","sponsored_post_url":"","sponsored_post_logo_enable":"0","sponsored_post_logo":"","sponsored_post_desc":"","disable_ad":"0"},"jnews_primary_category":{"id":""},"footnotes":""},"categories":[80,43,52],"tags":[],"class_list":["post-83155","post","type-post","status-publish","format-standard","has-post-thumbnail","hentry","category-educacion","category-estado","category-gobierno-de-tlaxcala"],"aioseo_notices":[],"_links":{"self":[{"href":"https:\/\/estado29.mx\/index.php?rest_route=\/wp\/v2\/posts\/83155","targetHints":{"allow":["GET"]}}],"collection":[{"href":"https:\/\/estado29.mx\/index.php?rest_route=\/wp\/v2\/posts"}],"about":[{"href":"https:\/\/estado29.mx\/index.php?rest_route=\/wp\/v2\/types\/post"}],"author":[{"embeddable":true,"href":"https:\/\/estado29.mx\/index.php?rest_route=\/wp\/v2\/users\/4"}],"replies":[{"embeddable":true,"href":"https:\/\/estado29.mx\/index.php?rest_route=%2Fwp%2Fv2%2Fcomments&post=83155"}],"version-history":[{"count":1,"href":"https:\/\/estado29.mx\/index.php?rest_route=\/wp\/v2\/posts\/83155\/revisions"}],"predecessor-version":[{"id":83157,"href":"https:\/\/estado29.mx\/index.php?rest_route=\/wp\/v2\/posts\/83155\/revisions\/83157"}],"wp:featuredmedia":[{"embeddable":true,"href":"https:\/\/estado29.mx\/index.php?rest_route=\/wp\/v2\/media\/83156"}],"wp:attachment":[{"href":"https:\/\/estado29.mx\/index.php?rest_route=%2Fwp%2Fv2%2Fmedia&parent=83155"}],"wp:term":[{"taxonomy":"category","embeddable":true,"href":"https:\/\/estado29.mx\/index.php?rest_route=%2Fwp%2Fv2%2Fcategories&post=83155"},{"taxonomy":"post_tag","embeddable":true,"href":"https:\/\/estado29.mx\/index.php?rest_route=%2Fwp%2Fv2%2Ftags&post=83155"}],"curies":[{"name":"wp","href":"https:\/\/api.w.org\/{rel}","templated":true}]}}