{"id":83164,"date":"2022-11-11T13:35:19","date_gmt":"2022-11-11T13:35:19","guid":{"rendered":"https:\/\/estado29.mx\/?p=83164"},"modified":"2022-11-11T13:35:20","modified_gmt":"2022-11-11T13:35:20","slug":"reconoce-secretaria-de-cultura-a-miguel-terreros-por-participacion-con-el-alebrije-halcactoli","status":"publish","type":"post","link":"https:\/\/estado29.mx\/?p=83164","title":{"rendered":"Reconoce secretar\u00eda de cultura a Miguel Terreros por participaci\u00f3n con el alebrije \u201chalcactoli\u201d"},"content":{"rendered":"\n<p>*El artista recibi\u00f3 el reconocimiento y un premio econ\u00f3mico de 10 mil pesos<\/p>\n\n\n\n<p>El gobierno del estado, a trav\u00e9s de la Secretar\u00eda de Cultura (SC), reconoci\u00f3 al artista pl\u00e1stico Miguel Terreros Mart\u00ednez, oriundo del municipio de Nanacamilpa, por su participaci\u00f3n con el personaje denominado \u201cHalcactoli\u201d en el magno desfile monumental \u201cLa noche de los Alebrijes\u201d que se llev\u00f3 a cabo en la Ciudad de M\u00e9xico el pasado mes de octubre.<\/p>\n\n\n\n<p>Lo anterior como parte de las acciones de la administraci\u00f3n que encabeza la gobernadora Lorena Cu\u00e9llar Cisneros, para impulsar el talento y la creaci\u00f3n art\u00edstica en la entidad, que pongan el nombre de Tlaxcala en lo alto.<\/p>\n\n\n\n<p>El secretario de Cultura, Antonio Mart\u00ednez Vel\u00e1zquez reconoci\u00f3 el talento del artista tlaxcalteca e hizo la entrega de un reconocimiento y un premio econ\u00f3mico de 10 mil pesos.<\/p>\n\n\n\n<p>Asimismo, explic\u00f3 sobre la importancia de impulsar a los artistas locales, por ello la SC apoyar\u00e1 a Terreros Mart\u00ednez para una futura exposici\u00f3n en la explanada del Museo de Arte de Tlaxcala (MAT), as\u00ed como en Brasil, para mostrar la cultura tlaxcalteca en otros lugares; y tener un circuito para la ense\u00f1anza de la elaboraci\u00f3n de alebrijes en los centros culturales.<\/p>\n\n\n\n<p>\u201cEs importante que el arte que hace Miguel, como lo hacen otros, que las nuevas generaciones y j\u00f3venes como tal, lo aprendan, conozcan la t\u00e9cnica y el arte como la parte sustantiva, adem\u00e1s que esto pueda ser trasmitido\u201d, explic\u00f3.<\/p>\n\n\n\n<p>Posteriormente, Miguel Terreros refiri\u00f3 que existieron muchos retos a enfrentar para poder participar en el evento que reuni\u00f3 a miles de visitantes provenientes de diferentes estados de la Rep\u00fablica, as\u00ed como de diversos pa\u00edses como China, Corea, Jap\u00f3n, Costa Rica, Chile y Guatemala, entre otros.<\/p>\n\n\n\n<p>\u201cTlaxcala es el estado m\u00e1s chico de la Rep\u00fablica, pero el m\u00e1s grande en tradiciones. Podr\u00edamos hacer algo m\u00e1s grande, qu\u00e9 m\u00e1s grande pago para nosotros, como artistas, que lo que est\u00e1 pasando ahora, Halcactoli puede llegar a Brasil y tenemos la esperanza de que pueda llegar a todo el mundo; hay que creer en todos los artistas\u201d, expuso.<\/p>\n\n\n\n<p>El alebrije \u201cHalcactoli\u201d lleva ese nombre derivado de plasmar la fauna y la cultura de Tlaxcala; es una representaci\u00f3n de tres animales caracter\u00edsticos de esta regi\u00f3n, que son el Halc\u00f3n (Hal), el Cacomixtle (cac) y el Toro de Lidia (Toli); su elaboraci\u00f3n tard\u00f3 tres meses.<\/p>\n\n\n\n<p>El personaje lleva plasmado sobre s\u00ed, en el pecho, una representaci\u00f3n de La Malinche, as\u00ed como de la estaci\u00f3n ferroviaria del municipio de Benito Ju\u00e1rez; a los costados, el huehue; el maguey con el acocote, s\u00edmbolo del pulque y el ma\u00edz como alimento; un colibr\u00ed, s\u00edmbolo de la sabidur\u00eda; las jacarandas, los sarapes de Chiautempan, un tapete de Huamantla y el bosque de las luci\u00e9rnagas; la obra mide 2.40 por 3.60 metros y tiene un peso aproximado de 60 kilogramos.<\/p>\n","protected":false},"excerpt":{"rendered":"<p>*El artista recibi\u00f3 el reconocimiento y un premio econ\u00f3mico de 10 mil pesos El gobierno del estado, a trav\u00e9s de la Secretar\u00eda de Cultura (SC), reconoci\u00f3 al artista pl\u00e1stico Miguel Terreros Mart\u00ednez, oriundo del municipio de Nanacamilpa, por su participaci\u00f3n con el personaje denominado \u201cHalcactoli\u201d en el magno desfile monumental \u201cLa noche de los Alebrijes\u201d [&hellip;]<\/p>\n","protected":false},"author":4,"featured_media":83165,"comment_status":"open","ping_status":"open","sticky":false,"template":"","format":"standard","meta":{"om_disable_all_campaigns":false,"_monsterinsights_skip_tracking":false,"_monsterinsights_sitenote_active":false,"_monsterinsights_sitenote_note":"","_monsterinsights_sitenote_category":0,"jnews-multi-image_gallery":[],"jnews_single_post":{"subtitle":"","format":"standard","video":"","gallery":"","source_name":"","source_url":"","via_name":"","via_url":"","override_template":"0","override":[{"template":"1","single_blog_custom":"","parallax":"1","fullscreen":"1","layout":"right-sidebar","sidebar":"default-sidebar","second_sidebar":"default-sidebar","sticky_sidebar":"1","share_position":"top","share_float_style":"share-monocrhome","show_share_counter":"1","show_view_counter":"1","show_featured":"1","show_post_meta":"1","show_post_author":"1","show_post_author_image":"1","show_post_date":"1","post_date_format":"default","post_date_format_custom":"Y\/m\/d","show_post_category":"1","show_post_reading_time":"0","post_reading_time_wpm":"300","show_zoom_button":"0","zoom_button_out_step":"2","zoom_button_in_step":"3","show_post_tag":"1","show_prev_next_post":"1","show_popup_post":"1","number_popup_post":"1","show_author_box":"1","show_post_related":"0","show_inline_post_related":"0"}],"override_image_size":"0","image_override":[{"single_post_thumbnail_size":"crop-500","single_post_gallery_size":"crop-500"}],"trending_post":"0","trending_post_position":"meta","trending_post_label":"Trending","sponsored_post":"0","sponsored_post_label":"Sponsored by","sponsored_post_name":"","sponsored_post_url":"","sponsored_post_logo_enable":"0","sponsored_post_logo":"","sponsored_post_desc":"","disable_ad":"0"},"jnews_primary_category":{"id":""},"footnotes":""},"categories":[82,43,52],"tags":[110,96],"class_list":["post-83164","post","type-post","status-publish","format-standard","has-post-thumbnail","hentry","category-cultura","category-estado","category-gobierno-de-tlaxcala","tag-municipios","tag-tlaxcala"],"aioseo_notices":[],"_links":{"self":[{"href":"https:\/\/estado29.mx\/index.php?rest_route=\/wp\/v2\/posts\/83164","targetHints":{"allow":["GET"]}}],"collection":[{"href":"https:\/\/estado29.mx\/index.php?rest_route=\/wp\/v2\/posts"}],"about":[{"href":"https:\/\/estado29.mx\/index.php?rest_route=\/wp\/v2\/types\/post"}],"author":[{"embeddable":true,"href":"https:\/\/estado29.mx\/index.php?rest_route=\/wp\/v2\/users\/4"}],"replies":[{"embeddable":true,"href":"https:\/\/estado29.mx\/index.php?rest_route=%2Fwp%2Fv2%2Fcomments&post=83164"}],"version-history":[{"count":1,"href":"https:\/\/estado29.mx\/index.php?rest_route=\/wp\/v2\/posts\/83164\/revisions"}],"predecessor-version":[{"id":83166,"href":"https:\/\/estado29.mx\/index.php?rest_route=\/wp\/v2\/posts\/83164\/revisions\/83166"}],"wp:featuredmedia":[{"embeddable":true,"href":"https:\/\/estado29.mx\/index.php?rest_route=\/wp\/v2\/media\/83165"}],"wp:attachment":[{"href":"https:\/\/estado29.mx\/index.php?rest_route=%2Fwp%2Fv2%2Fmedia&parent=83164"}],"wp:term":[{"taxonomy":"category","embeddable":true,"href":"https:\/\/estado29.mx\/index.php?rest_route=%2Fwp%2Fv2%2Fcategories&post=83164"},{"taxonomy":"post_tag","embeddable":true,"href":"https:\/\/estado29.mx\/index.php?rest_route=%2Fwp%2Fv2%2Ftags&post=83164"}],"curies":[{"name":"wp","href":"https:\/\/api.w.org\/{rel}","templated":true}]}}