{"id":83170,"date":"2022-11-11T13:39:31","date_gmt":"2022-11-11T13:39:31","guid":{"rendered":"https:\/\/estado29.mx\/?p=83170"},"modified":"2022-11-11T13:39:31","modified_gmt":"2022-11-11T13:39:31","slug":"trabaja-smyt-para-brindar-movilidad-segura-a-usuarios-de-transporte-publico","status":"publish","type":"post","link":"https:\/\/estado29.mx\/?p=83170","title":{"rendered":"Trabaja SMyT para brindar movilidad segura a usuarios de transporte p\u00fablico"},"content":{"rendered":"\n<p>*Realizan el retiro de polarizados en unidades para que exista visibilidad al interior y evitar posibles actos delictivos<\/p>\n\n\n\n<p>La Secretar\u00eda de Movilidad y Transporte (SMyT), realiza el retiro de polarizados en unidades de transporte p\u00fablico, en cumplimiento a lo establecido en el Reglamento de la Ley de Comunicaciones y Transportes, en materia de transporte p\u00fablico y privado, el cual, establece que los veh\u00edculos no porten vidrios polarizados, oscuros, ni aditamentos que obstruyan la visibilidad del conductor.<\/p>\n\n\n\n<p>La SMyT reconoce la cooperaci\u00f3n de operadores y concesionarios, quienes se han sumado a la estrategia de brindar una movilidad segura a los usuarios, y contribuir con el retiro de polarizados en sus unidades, incluyendo los que vengan instalados de f\u00e1brica; a efecto de que exista visibilidad al interior y con ello evitar posibles actos delictivos.<\/p>\n\n\n\n<p>Esta acci\u00f3n busca, el fortalecimiento del servicio a pasajeros individual y colectivo, para asegurar la accesibilidad igualitaria e incluyente de las personas usuarias, as\u00ed como cumplir lo establecido por la Ley General de Movilidad y Seguridad Vial que entr\u00f3 en vigor el pasado 18 mayo.<\/p>\n\n\n\n<p>En cumplimiento a dicha normatividad, el pasado mes de octubre fue instalado el Sistema Nacional de Movilidad y Seguridad Vial, un mecanismo de coordinaci\u00f3n entre las autoridades de los tres \u00f3rdenes de gobierno y la sociedad civil, para garantizar el derecho constitucional a una movilidad segura y con perspectiva de g\u00e9nero.<\/p>\n\n\n\n<p>Es as\u00ed como la SMyT trabaja de manera interinstitucional en el dise\u00f1o y ejecuci\u00f3n de acciones que hagan m\u00e1s segura, incluyente y eficiente la experiencia de traslado de las y los usuarios, en beneficio de la ciudadan\u00eda tlaxcalteca.<\/p>\n","protected":false},"excerpt":{"rendered":"<p>*Realizan el retiro de polarizados en unidades para que exista visibilidad al interior y evitar posibles actos delictivos La Secretar\u00eda de Movilidad y Transporte (SMyT), realiza el retiro de polarizados en unidades de transporte p\u00fablico, en cumplimiento a lo establecido en el Reglamento de la Ley de Comunicaciones y Transportes, en materia de transporte p\u00fablico [&hellip;]<\/p>\n","protected":false},"author":4,"featured_media":83171,"comment_status":"open","ping_status":"open","sticky":false,"template":"","format":"standard","meta":{"om_disable_all_campaigns":false,"_monsterinsights_skip_tracking":false,"_monsterinsights_sitenote_active":false,"_monsterinsights_sitenote_note":"","_monsterinsights_sitenote_category":0,"jnews-multi-image_gallery":[],"jnews_single_post":{"subtitle":"","format":"standard","video":"","gallery":"","source_name":"","source_url":"","via_name":"","via_url":"","override_template":"0","override":[{"template":"1","single_blog_custom":"","parallax":"1","fullscreen":"1","layout":"right-sidebar","sidebar":"default-sidebar","second_sidebar":"default-sidebar","sticky_sidebar":"1","share_position":"top","share_float_style":"share-monocrhome","show_share_counter":"1","show_view_counter":"1","show_featured":"1","show_post_meta":"1","show_post_author":"1","show_post_author_image":"1","show_post_date":"1","post_date_format":"default","post_date_format_custom":"Y\/m\/d","show_post_category":"1","show_post_reading_time":"0","post_reading_time_wpm":"300","show_zoom_button":"0","zoom_button_out_step":"2","zoom_button_in_step":"3","show_post_tag":"1","show_prev_next_post":"1","show_popup_post":"1","number_popup_post":"1","show_author_box":"1","show_post_related":"0","show_inline_post_related":"0"}],"override_image_size":"0","image_override":[{"single_post_thumbnail_size":"crop-500","single_post_gallery_size":"crop-500"}],"trending_post":"0","trending_post_position":"meta","trending_post_label":"Trending","sponsored_post":"0","sponsored_post_label":"Sponsored by","sponsored_post_name":"","sponsored_post_url":"","sponsored_post_logo_enable":"0","sponsored_post_logo":"","sponsored_post_desc":"","disable_ad":"0"},"jnews_primary_category":{"id":""},"footnotes":""},"categories":[43,52],"tags":[150,110,127,96],"class_list":["post-83170","post","type-post","status-publish","format-standard","has-post-thumbnail","hentry","category-estado","category-gobierno-de-tlaxcala","tag-gobierno-del-estado","tag-municipios","tag-smyt","tag-tlaxcala"],"aioseo_notices":[],"_links":{"self":[{"href":"https:\/\/estado29.mx\/index.php?rest_route=\/wp\/v2\/posts\/83170","targetHints":{"allow":["GET"]}}],"collection":[{"href":"https:\/\/estado29.mx\/index.php?rest_route=\/wp\/v2\/posts"}],"about":[{"href":"https:\/\/estado29.mx\/index.php?rest_route=\/wp\/v2\/types\/post"}],"author":[{"embeddable":true,"href":"https:\/\/estado29.mx\/index.php?rest_route=\/wp\/v2\/users\/4"}],"replies":[{"embeddable":true,"href":"https:\/\/estado29.mx\/index.php?rest_route=%2Fwp%2Fv2%2Fcomments&post=83170"}],"version-history":[{"count":1,"href":"https:\/\/estado29.mx\/index.php?rest_route=\/wp\/v2\/posts\/83170\/revisions"}],"predecessor-version":[{"id":83172,"href":"https:\/\/estado29.mx\/index.php?rest_route=\/wp\/v2\/posts\/83170\/revisions\/83172"}],"wp:featuredmedia":[{"embeddable":true,"href":"https:\/\/estado29.mx\/index.php?rest_route=\/wp\/v2\/media\/83171"}],"wp:attachment":[{"href":"https:\/\/estado29.mx\/index.php?rest_route=%2Fwp%2Fv2%2Fmedia&parent=83170"}],"wp:term":[{"taxonomy":"category","embeddable":true,"href":"https:\/\/estado29.mx\/index.php?rest_route=%2Fwp%2Fv2%2Fcategories&post=83170"},{"taxonomy":"post_tag","embeddable":true,"href":"https:\/\/estado29.mx\/index.php?rest_route=%2Fwp%2Fv2%2Ftags&post=83170"}],"curies":[{"name":"wp","href":"https:\/\/api.w.org\/{rel}","templated":true}]}}