{"id":83206,"date":"2022-11-14T13:41:55","date_gmt":"2022-11-14T13:41:55","guid":{"rendered":"https:\/\/estado29.mx\/?p=83206"},"modified":"2022-11-14T13:41:56","modified_gmt":"2022-11-14T13:41:56","slug":"decreta-sector-salud-de-tlaxcala-libre-de-caries-a-jardin-de-ninos-de-tlaltelulco","status":"publish","type":"post","link":"https:\/\/estado29.mx\/?p=83206","title":{"rendered":"Decreta sector salud de Tlaxcala libre de caries a jard\u00edn de ni\u00f1os de Tlaltelulco"},"content":{"rendered":"\n<p>*Entregan reconocimiento y levantan bandera blanca al Jard\u00edn de Ni\u00f1os \u201cIngeniero Ezequiel M. Gracia\u201d<\/p>\n\n\n\n<p>El sector salud del estado levant\u00f3 bandera blanca y decret\u00f3 libre de caries a la escuela jard\u00edn de ni\u00f1os \u201cIngeniero Ezequiel M. Gracia\u201d del municipio de La Magdalena Tlaltelulco, instituci\u00f3n p\u00fablica que impulsa la salud bucal de los alumnos.<\/p>\n\n\n\n<p>Adem\u00e1s, se entreg\u00f3 un reconocimiento a los docentes y padres de familia de la instituci\u00f3n educativa de preescolar que se encuentra en el barrio de Poxtla de ese municipio, por \u201csu valiosa colaboraci\u00f3n en el proceso de certificaci\u00f3n de la escuela libre de caries\u201d, por parte del jefe de Departamento de Prevenci\u00f3n para la Salud y de la jefa de la Jurisdicci\u00f3n Sanitaria n\u00famero uno, Francisco Javier Ortiz Montano y Antonieta Concepci\u00f3n Rodr\u00edguez \u00c1vila, respectivamente.<\/p>\n\n\n\n<p>La directora de la instituci\u00f3n escolar, Darely Mayorqu\u00edn Guerrero indic\u00f3 que \u201cal recibir esta bandera blanca contraemos una gran responsabilidad, es necesario que maestros, alumnos, padres de familia, autoridades y ciudadanos nos ayuden y nos gu\u00eden en la encomienda, una buena higiene bucal reduce los microbios que puedan estar en la boca\u201d.<\/p>\n\n\n\n<p>Tambi\u00e9n, agradeci\u00f3 a los padres de familia y a las autoridades de salud el trabajo que realizan desde el \u00e1mbito de sus competencias para que se fomenten h\u00e1bitos saludables desde la infancia.<\/p>\n\n\n\n<p>Ortiz Montano, Rodr\u00edguez \u00c1vila, Mayorqu\u00edn Guerrero y autoridades del municipio de La Magdalena Tlaltelulco coincidieron que la colaboraci\u00f3n conjunta es indispensable para fomentar la salud entre la poblaci\u00f3n.<\/p>\n\n\n\n<p>La Sector Salud de Tlaxcala refrend\u00f3 su compromiso de seguir con acciones para la prevenci\u00f3n de enfermedades entre los tlaxcaltecas, adem\u00e1s de ofrecer una atenci\u00f3n m\u00e9dica de calidad y calidez a las personas que no cuentan con seguridad social, principalmente.<\/p>\n\n\n\n<p>Al evento acudieron autoridades del sector salud, de educaci\u00f3n, del municipio y de la sociedad de padres de familia de la instituci\u00f3n.<\/p>\n","protected":false},"excerpt":{"rendered":"<p>*Entregan reconocimiento y levantan bandera blanca al Jard\u00edn de Ni\u00f1os \u201cIngeniero Ezequiel M. Gracia\u201d El sector salud del estado levant\u00f3 bandera blanca y decret\u00f3 libre de caries a la escuela jard\u00edn de ni\u00f1os \u201cIngeniero Ezequiel M. Gracia\u201d del municipio de La Magdalena Tlaltelulco, instituci\u00f3n p\u00fablica que impulsa la salud bucal de los alumnos. Adem\u00e1s, se [&hellip;]<\/p>\n","protected":false},"author":4,"featured_media":83207,"comment_status":"open","ping_status":"open","sticky":false,"template":"","format":"standard","meta":{"om_disable_all_campaigns":false,"_monsterinsights_skip_tracking":false,"_monsterinsights_sitenote_active":false,"_monsterinsights_sitenote_note":"","_monsterinsights_sitenote_category":0,"jnews-multi-image_gallery":[],"jnews_single_post":{"subtitle":"","format":"standard","video":"","gallery":"","source_name":"","source_url":"","via_name":"","via_url":"","override_template":"0","override":[{"template":"1","single_blog_custom":"","parallax":"1","fullscreen":"1","layout":"right-sidebar","sidebar":"default-sidebar","second_sidebar":"default-sidebar","sticky_sidebar":"1","share_position":"top","share_float_style":"share-monocrhome","show_share_counter":"1","show_view_counter":"1","show_featured":"1","show_post_meta":"1","show_post_author":"1","show_post_author_image":"1","show_post_date":"1","post_date_format":"default","post_date_format_custom":"Y\/m\/d","show_post_category":"1","show_post_reading_time":"0","post_reading_time_wpm":"300","show_zoom_button":"0","zoom_button_out_step":"2","zoom_button_in_step":"3","show_post_tag":"1","show_prev_next_post":"1","show_popup_post":"1","number_popup_post":"1","show_author_box":"1","show_post_related":"0","show_inline_post_related":"0"}],"override_image_size":"0","image_override":[{"single_post_thumbnail_size":"crop-500","single_post_gallery_size":"crop-500"}],"trending_post":"0","trending_post_position":"meta","trending_post_label":"Trending","sponsored_post":"0","sponsored_post_label":"Sponsored by","sponsored_post_name":"","sponsored_post_url":"","sponsored_post_logo_enable":"0","sponsored_post_logo":"","sponsored_post_desc":"","disable_ad":"0"},"jnews_primary_category":{"id":""},"footnotes":""},"categories":[43,52],"tags":[150,110,96],"class_list":["post-83206","post","type-post","status-publish","format-standard","has-post-thumbnail","hentry","category-estado","category-gobierno-de-tlaxcala","tag-gobierno-del-estado","tag-municipios","tag-tlaxcala"],"aioseo_notices":[],"_links":{"self":[{"href":"https:\/\/estado29.mx\/index.php?rest_route=\/wp\/v2\/posts\/83206","targetHints":{"allow":["GET"]}}],"collection":[{"href":"https:\/\/estado29.mx\/index.php?rest_route=\/wp\/v2\/posts"}],"about":[{"href":"https:\/\/estado29.mx\/index.php?rest_route=\/wp\/v2\/types\/post"}],"author":[{"embeddable":true,"href":"https:\/\/estado29.mx\/index.php?rest_route=\/wp\/v2\/users\/4"}],"replies":[{"embeddable":true,"href":"https:\/\/estado29.mx\/index.php?rest_route=%2Fwp%2Fv2%2Fcomments&post=83206"}],"version-history":[{"count":1,"href":"https:\/\/estado29.mx\/index.php?rest_route=\/wp\/v2\/posts\/83206\/revisions"}],"predecessor-version":[{"id":83208,"href":"https:\/\/estado29.mx\/index.php?rest_route=\/wp\/v2\/posts\/83206\/revisions\/83208"}],"wp:featuredmedia":[{"embeddable":true,"href":"https:\/\/estado29.mx\/index.php?rest_route=\/wp\/v2\/media\/83207"}],"wp:attachment":[{"href":"https:\/\/estado29.mx\/index.php?rest_route=%2Fwp%2Fv2%2Fmedia&parent=83206"}],"wp:term":[{"taxonomy":"category","embeddable":true,"href":"https:\/\/estado29.mx\/index.php?rest_route=%2Fwp%2Fv2%2Fcategories&post=83206"},{"taxonomy":"post_tag","embeddable":true,"href":"https:\/\/estado29.mx\/index.php?rest_route=%2Fwp%2Fv2%2Ftags&post=83206"}],"curies":[{"name":"wp","href":"https:\/\/api.w.org\/{rel}","templated":true}]}}