{"id":83209,"date":"2022-11-14T13:43:59","date_gmt":"2022-11-14T13:43:59","guid":{"rendered":"https:\/\/estado29.mx\/?p=83209"},"modified":"2022-11-14T13:44:00","modified_gmt":"2022-11-14T13:44:00","slug":"sectores-y-organizaciones-se-unen-para-trabajar-hombro-a-hombro-con-la-nueva-dirigente-del-pri-anabell-avalos-zempoalteca","status":"publish","type":"post","link":"https:\/\/estado29.mx\/?p=83209","title":{"rendered":"Sectores y organizaciones se unen para trabajar hombro a hombro con la nueva dirigente del PRI, Anabell \u00c1valos Zempoalteca\u00a0"},"content":{"rendered":"\n<p>Sectores y organizaciones se unen para trabajar hombro a hombro con la nueva dirigente del PRI, Anabell \u00c1valos Zempoalteca.<\/p>\n\n\n\n<p>Esta tarde la Presidenta Estatal del PRI, Anabell \u00c1valos Zempoalteca, encabez\u00f3 una mesa de trabajo con Dirigentes de Sectores y Organizaciones pri\u00edstas para impulsar y reactivar los trabajos partidarios y de construcci\u00f3n en pro de la sociedad tlaxcalteca.&nbsp;<\/p>\n\n\n\n<p>Las y los dirigentes durante sus intervenciones, refrendaron su respaldo al liderazgo que encabeza la l\u00edder estatal pri\u00edsta; as\u00ed como tambi\u00e9n tendieron lazos para reforzar trabajos en conjunto e impulsar la gesti\u00f3n y capacitaci\u00f3n que ofrece el partido a la ciudadan\u00eda en general.<\/p>\n","protected":false},"excerpt":{"rendered":"<p>Sectores y organizaciones se unen para trabajar hombro a hombro con la nueva dirigente del PRI, Anabell \u00c1valos Zempoalteca. Esta tarde la Presidenta Estatal del PRI, Anabell \u00c1valos Zempoalteca, encabez\u00f3 una mesa de trabajo con Dirigentes de Sectores y Organizaciones pri\u00edstas para impulsar y reactivar los trabajos partidarios y de construcci\u00f3n en pro de la [&hellip;]<\/p>\n","protected":false},"author":4,"featured_media":83210,"comment_status":"open","ping_status":"open","sticky":false,"template":"","format":"standard","meta":{"om_disable_all_campaigns":false,"_monsterinsights_skip_tracking":false,"_monsterinsights_sitenote_active":false,"_monsterinsights_sitenote_note":"","_monsterinsights_sitenote_category":0,"jnews-multi-image_gallery":[],"jnews_single_post":{"subtitle":"","format":"standard","video":"","gallery":"","source_name":"","source_url":"","via_name":"","via_url":"","override_template":"0","override":[{"template":"1","single_blog_custom":"","parallax":"1","fullscreen":"1","layout":"right-sidebar","sidebar":"default-sidebar","second_sidebar":"default-sidebar","sticky_sidebar":"1","share_position":"top","share_float_style":"share-monocrhome","show_share_counter":"1","show_view_counter":"1","show_featured":"1","show_post_meta":"1","show_post_author":"1","show_post_author_image":"1","show_post_date":"1","post_date_format":"default","post_date_format_custom":"Y\/m\/d","show_post_category":"1","show_post_reading_time":"0","post_reading_time_wpm":"300","show_zoom_button":"0","zoom_button_out_step":"2","zoom_button_in_step":"3","show_post_tag":"1","show_prev_next_post":"1","show_popup_post":"1","number_popup_post":"1","show_author_box":"1","show_post_related":"0","show_inline_post_related":"0"}],"override_image_size":"0","image_override":[{"single_post_thumbnail_size":"crop-500","single_post_gallery_size":"crop-500"}],"trending_post":"0","trending_post_position":"meta","trending_post_label":"Trending","sponsored_post":"0","sponsored_post_label":"Sponsored by","sponsored_post_name":"","sponsored_post_url":"","sponsored_post_logo_enable":"0","sponsored_post_logo":"","sponsored_post_desc":"","disable_ad":"0"},"jnews_primary_category":{"id":""},"footnotes":""},"categories":[43,46],"tags":[730,290,96],"class_list":["post-83209","post","type-post","status-publish","format-standard","has-post-thumbnail","hentry","category-estado","category-politica","tag-politica-2","tag-pri","tag-tlaxcala"],"aioseo_notices":[],"_links":{"self":[{"href":"https:\/\/estado29.mx\/index.php?rest_route=\/wp\/v2\/posts\/83209","targetHints":{"allow":["GET"]}}],"collection":[{"href":"https:\/\/estado29.mx\/index.php?rest_route=\/wp\/v2\/posts"}],"about":[{"href":"https:\/\/estado29.mx\/index.php?rest_route=\/wp\/v2\/types\/post"}],"author":[{"embeddable":true,"href":"https:\/\/estado29.mx\/index.php?rest_route=\/wp\/v2\/users\/4"}],"replies":[{"embeddable":true,"href":"https:\/\/estado29.mx\/index.php?rest_route=%2Fwp%2Fv2%2Fcomments&post=83209"}],"version-history":[{"count":1,"href":"https:\/\/estado29.mx\/index.php?rest_route=\/wp\/v2\/posts\/83209\/revisions"}],"predecessor-version":[{"id":83211,"href":"https:\/\/estado29.mx\/index.php?rest_route=\/wp\/v2\/posts\/83209\/revisions\/83211"}],"wp:featuredmedia":[{"embeddable":true,"href":"https:\/\/estado29.mx\/index.php?rest_route=\/wp\/v2\/media\/83210"}],"wp:attachment":[{"href":"https:\/\/estado29.mx\/index.php?rest_route=%2Fwp%2Fv2%2Fmedia&parent=83209"}],"wp:term":[{"taxonomy":"category","embeddable":true,"href":"https:\/\/estado29.mx\/index.php?rest_route=%2Fwp%2Fv2%2Fcategories&post=83209"},{"taxonomy":"post_tag","embeddable":true,"href":"https:\/\/estado29.mx\/index.php?rest_route=%2Fwp%2Fv2%2Ftags&post=83209"}],"curies":[{"name":"wp","href":"https:\/\/api.w.org\/{rel}","templated":true}]}}