{"id":83231,"date":"2022-11-16T13:31:29","date_gmt":"2022-11-16T13:31:29","guid":{"rendered":"https:\/\/estado29.mx\/?p=83231"},"modified":"2022-11-16T13:31:30","modified_gmt":"2022-11-16T13:31:30","slug":"realizan-reestructuracion-en-la-sepe-uset","status":"publish","type":"post","link":"https:\/\/estado29.mx\/?p=83231","title":{"rendered":"Realizan reestructuraci\u00f3n en la SEPE-USET"},"content":{"rendered":"\n<p>*Los cambios se efectuaron en Contralor\u00eda Interna, Secundarias T\u00e9cnicas y Logro Educativo<\/p>\n\n\n\n<p>La Secretar\u00eda de Educaci\u00f3n P\u00fablica del Estado (SEPE) y la Unidad de Servicios Educativos de Tlaxcala (USET), en cumplimiento a las instrucciones de la gobernadora Lorena Cu\u00e9llar Cisneros, realizaron una reestructuraci\u00f3n en los departamentos de Contralor\u00eda Interna, Secundarias T\u00e9cnicas y Logro Educativo.<\/p>\n\n\n\n<p>Es as\u00ed como Julio \u00c1ngel Becerra Hern\u00e1ndez, contralor Interno, asumi\u00f3 la titularidad de Secundarias T\u00e9cnicas y sustituye a Daniel Torres Ram\u00edrez; en tanto, Josefina Teomitzi Sol\u00eds es ahora encargada del departamento de Contralor\u00eda Interna.<\/p>\n\n\n\n<p>Para continuar con el fortalecimiento del departamento de Atenci\u00f3n del Logro Educativo rumbo a la evaluaci\u00f3n contextual, Bertoldo Lucio S\u00e1nchez Mu\u00f1oz asumi\u00f3 la jefatura en lugar de Bodenheimer Jellinek Rodr\u00edguez Rodr\u00edguez quien, a su vez, ser\u00e1 titular del \u00e1rea de Prevenci\u00f3n de la Salud y Seguridad Escolar.<\/p>\n\n\n\n<p>La reestructuraci\u00f3n se realiz\u00f3 en la sala \u201cCrisanto Cu\u00e9llar Abaroa\u201d de oficinas centrales, donde el secretario de Educaci\u00f3n, Homero Meneses Hern\u00e1ndez mencion\u00f3 que estos movimientos fortalecer\u00e1n el trabajo del Nuevo Modelo Educativo Tlaxcalteca (Numet), plasmado en el Plan Estatal de Desarrollo 2021-2027.<\/p>\n\n\n\n<p>Asimismo, habl\u00f3 de la importancia del \u00e1rea de Logro Educativo, pues \u201cnecesitamos que las escuelas crezcan en un ambiente de verdadera seguridad, hemos vivido en las diferentes instituciones y modalidades educativas, cuestiones de acoso y violencia, es preciso intervenir de manera positiva en estos centros de formaci\u00f3n\u201d, mencion\u00f3.<\/p>\n\n\n\n<p>Los nuevos titulares coincidieron en agradecer a la gobernadora la confianza depositada para este nuevo cargo y se comprometieron a trabajar bajo el liderazgo del secretario Meneses Hern\u00e1ndez, para cumplir con el proyecto de su administraci\u00f3n encaminado a lograr la transformaci\u00f3n de Tlaxcala.<\/p>\n\n\n\n<p>Asimismo, a nombre de la titular del Ejecutivo, Homero Meneses agradeci\u00f3 el trabajo realizado durante el tiempo que estuvieron en su anterior cargo y los conmin\u00f3 a continuar con el desempe\u00f1o y responsabilidad que les caracteriza en beneficio de la educaci\u00f3n.<\/p>\n\n\n\n<p>Se cont\u00f3 con la presencia del jefe del departamento de Asuntos jur\u00eddicos, Heriberto G\u00f3mez Rivera y del secretario particular del secretario de SEPE, Alberto Hern\u00e1ndez Olivares, as\u00ed como de supervisores de Secundarias T\u00e9cnicas.<\/p>\n","protected":false},"excerpt":{"rendered":"<p>*Los cambios se efectuaron en Contralor\u00eda Interna, Secundarias T\u00e9cnicas y Logro Educativo La Secretar\u00eda de Educaci\u00f3n P\u00fablica del Estado (SEPE) y la Unidad de Servicios Educativos de Tlaxcala (USET), en cumplimiento a las instrucciones de la gobernadora Lorena Cu\u00e9llar Cisneros, realizaron una reestructuraci\u00f3n en los departamentos de Contralor\u00eda Interna, Secundarias T\u00e9cnicas y Logro Educativo. Es [&hellip;]<\/p>\n","protected":false},"author":4,"featured_media":83232,"comment_status":"open","ping_status":"open","sticky":false,"template":"","format":"standard","meta":{"om_disable_all_campaigns":false,"_monsterinsights_skip_tracking":false,"_monsterinsights_sitenote_active":false,"_monsterinsights_sitenote_note":"","_monsterinsights_sitenote_category":0,"jnews-multi-image_gallery":[],"jnews_single_post":{"subtitle":"","format":"standard","video":"","gallery":"","source_name":"","source_url":"","via_name":"","via_url":"","override_template":"0","override":[{"template":"1","single_blog_custom":"","parallax":"1","fullscreen":"1","layout":"right-sidebar","sidebar":"default-sidebar","second_sidebar":"default-sidebar","sticky_sidebar":"1","share_position":"top","share_float_style":"share-monocrhome","show_share_counter":"1","show_view_counter":"1","show_featured":"1","show_post_meta":"1","show_post_author":"1","show_post_author_image":"1","show_post_date":"1","post_date_format":"default","post_date_format_custom":"Y\/m\/d","show_post_category":"1","show_post_reading_time":"0","post_reading_time_wpm":"300","show_zoom_button":"0","zoom_button_out_step":"2","zoom_button_in_step":"3","show_post_tag":"1","show_prev_next_post":"1","show_popup_post":"1","number_popup_post":"1","show_author_box":"1","show_post_related":"0","show_inline_post_related":"0"}],"override_image_size":"0","image_override":[{"single_post_thumbnail_size":"crop-500","single_post_gallery_size":"crop-500"}],"trending_post":"0","trending_post_position":"meta","trending_post_label":"Trending","sponsored_post":"0","sponsored_post_label":"Sponsored by","sponsored_post_name":"","sponsored_post_url":"","sponsored_post_logo_enable":"0","sponsored_post_logo":"","sponsored_post_desc":"","disable_ad":"0"},"jnews_primary_category":{"id":""},"footnotes":""},"categories":[80,43,52],"tags":[150,110,284,96],"class_list":["post-83231","post","type-post","status-publish","format-standard","has-post-thumbnail","hentry","category-educacion","category-estado","category-gobierno-de-tlaxcala","tag-gobierno-del-estado","tag-municipios","tag-sepe","tag-tlaxcala"],"aioseo_notices":[],"_links":{"self":[{"href":"https:\/\/estado29.mx\/index.php?rest_route=\/wp\/v2\/posts\/83231","targetHints":{"allow":["GET"]}}],"collection":[{"href":"https:\/\/estado29.mx\/index.php?rest_route=\/wp\/v2\/posts"}],"about":[{"href":"https:\/\/estado29.mx\/index.php?rest_route=\/wp\/v2\/types\/post"}],"author":[{"embeddable":true,"href":"https:\/\/estado29.mx\/index.php?rest_route=\/wp\/v2\/users\/4"}],"replies":[{"embeddable":true,"href":"https:\/\/estado29.mx\/index.php?rest_route=%2Fwp%2Fv2%2Fcomments&post=83231"}],"version-history":[{"count":1,"href":"https:\/\/estado29.mx\/index.php?rest_route=\/wp\/v2\/posts\/83231\/revisions"}],"predecessor-version":[{"id":83233,"href":"https:\/\/estado29.mx\/index.php?rest_route=\/wp\/v2\/posts\/83231\/revisions\/83233"}],"wp:featuredmedia":[{"embeddable":true,"href":"https:\/\/estado29.mx\/index.php?rest_route=\/wp\/v2\/media\/83232"}],"wp:attachment":[{"href":"https:\/\/estado29.mx\/index.php?rest_route=%2Fwp%2Fv2%2Fmedia&parent=83231"}],"wp:term":[{"taxonomy":"category","embeddable":true,"href":"https:\/\/estado29.mx\/index.php?rest_route=%2Fwp%2Fv2%2Fcategories&post=83231"},{"taxonomy":"post_tag","embeddable":true,"href":"https:\/\/estado29.mx\/index.php?rest_route=%2Fwp%2Fv2%2Ftags&post=83231"}],"curies":[{"name":"wp","href":"https:\/\/api.w.org\/{rel}","templated":true}]}}