{"id":83237,"date":"2022-11-16T14:03:06","date_gmt":"2022-11-16T14:03:06","guid":{"rendered":"https:\/\/estado29.mx\/?p=83237"},"modified":"2022-11-16T14:03:19","modified_gmt":"2022-11-16T14:03:19","slug":"entrega-el-senado-de-la-republica-reconocimientos-a-radio-huamantla","status":"publish","type":"post","link":"https:\/\/estado29.mx\/?p=83237","title":{"rendered":"Entrega el Senado de la Rep\u00fablica reconocimientos a Radio Huamantla"},"content":{"rendered":"\n<p>El presidente del Senado de la Rep\u00fablica, Alejandro Armenta resalt\u00f3 el papel de las mujeres en los diversos \u00e1mbitos de acci\u00f3n social tal es el caso de \u201cla Sra.Coral Castillo de Ca\u00f1edo, cuya labor en el espectro medi\u00e1tico del estado de Tlaxcala ha sido destacado y reconocido por su impacto informativo adem\u00e1s de la labor que realiza a trav\u00e9s de la empresa que dirige XEHT Radio Huamantla, la estaci\u00f3n pionera del Estado de Tlaxcala.<\/p>\n\n\n\n<p>A nombre de la mesa directiva del senado de la Rep\u00fablica fue entregado este reconocimiento a la se\u00f1ora Irma Garc\u00eda Izozorbe en presencia de periodistas y representantes de diferentes medios de comunicaci\u00f3n de Puebla y Tlaxcala, resaltando la tarea tan importante que ha realizado \u201cLa Radio que te Mueve\u201d desde hace 74 a\u00f1os al aire.<\/p>\n\n\n\n<figure class=\"wp-block-image size-large\"><img loading=\"lazy\" decoding=\"async\" width=\"1024\" height=\"779\" src=\"https:\/\/estado29.mx\/wp-content\/uploads\/2022\/11\/8d3ef0a2-ec99-4d9d-b60f-ff6af4d93948-1024x779.jpg\" alt=\"\" class=\"wp-image-83239\" srcset=\"https:\/\/estado29.mx\/wp-content\/uploads\/2022\/11\/8d3ef0a2-ec99-4d9d-b60f-ff6af4d93948-1024x779.jpg 1024w, https:\/\/estado29.mx\/wp-content\/uploads\/2022\/11\/8d3ef0a2-ec99-4d9d-b60f-ff6af4d93948-300x228.jpg 300w, https:\/\/estado29.mx\/wp-content\/uploads\/2022\/11\/8d3ef0a2-ec99-4d9d-b60f-ff6af4d93948-768x584.jpg 768w, https:\/\/estado29.mx\/wp-content\/uploads\/2022\/11\/8d3ef0a2-ec99-4d9d-b60f-ff6af4d93948-750x571.jpg 750w, https:\/\/estado29.mx\/wp-content\/uploads\/2022\/11\/8d3ef0a2-ec99-4d9d-b60f-ff6af4d93948-1140x867.jpg 1140w, https:\/\/estado29.mx\/wp-content\/uploads\/2022\/11\/8d3ef0a2-ec99-4d9d-b60f-ff6af4d93948.jpg 1280w\" sizes=\"auto, (max-width: 1024px) 100vw, 1024px\" \/><\/figure>\n\n\n\n<p>En el mismo evento el presidente del senado Alejandro Armenta Mier, hizo tambi\u00e9n entrega de un reconocimiento a la titular del noticiero En Punto de Radio Huamantla, Noem\u00ed Carmona, por sus 23 a\u00f1os de trayectoria destacando a este espacio informativo como la v\u00eda de contacto entre la ciudadan\u00eda y los servidores p\u00fablicos.<\/p>\n\n\n\n<figure class=\"wp-block-image size-large\"><img loading=\"lazy\" decoding=\"async\" width=\"1024\" height=\"926\" src=\"https:\/\/estado29.mx\/wp-content\/uploads\/2022\/11\/71e147be-5040-400d-90c0-c81e00ffc470-1024x926.jpg\" alt=\"\" class=\"wp-image-83240\" srcset=\"https:\/\/estado29.mx\/wp-content\/uploads\/2022\/11\/71e147be-5040-400d-90c0-c81e00ffc470-1024x926.jpg 1024w, https:\/\/estado29.mx\/wp-content\/uploads\/2022\/11\/71e147be-5040-400d-90c0-c81e00ffc470-300x271.jpg 300w, https:\/\/estado29.mx\/wp-content\/uploads\/2022\/11\/71e147be-5040-400d-90c0-c81e00ffc470-768x695.jpg 768w, https:\/\/estado29.mx\/wp-content\/uploads\/2022\/11\/71e147be-5040-400d-90c0-c81e00ffc470-750x679.jpg 750w, https:\/\/estado29.mx\/wp-content\/uploads\/2022\/11\/71e147be-5040-400d-90c0-c81e00ffc470-1140x1031.jpg 1140w, https:\/\/estado29.mx\/wp-content\/uploads\/2022\/11\/71e147be-5040-400d-90c0-c81e00ffc470.jpg 1280w\" sizes=\"auto, (max-width: 1024px) 100vw, 1024px\" \/><\/figure>\n","protected":false},"excerpt":{"rendered":"<p>El presidente del Senado de la Rep\u00fablica, Alejandro Armenta resalt\u00f3 el papel de las mujeres en los diversos \u00e1mbitos de acci\u00f3n social tal es el caso de \u201cla Sra.Coral Castillo de Ca\u00f1edo, cuya labor en el espectro medi\u00e1tico del estado de Tlaxcala ha sido destacado y reconocido por su impacto informativo adem\u00e1s de la labor [&hellip;]<\/p>\n","protected":false},"author":4,"featured_media":83238,"comment_status":"open","ping_status":"open","sticky":false,"template":"","format":"standard","meta":{"om_disable_all_campaigns":false,"_monsterinsights_skip_tracking":false,"_monsterinsights_sitenote_active":false,"_monsterinsights_sitenote_note":"","_monsterinsights_sitenote_category":0,"jnews-multi-image_gallery":[],"jnews_single_post":{"subtitle":"","format":"standard","video":"","gallery":"","source_name":"","source_url":"","via_name":"","via_url":"","override_template":"0","override":[{"template":"1","single_blog_custom":"","parallax":"1","fullscreen":"1","layout":"right-sidebar","sidebar":"default-sidebar","second_sidebar":"default-sidebar","sticky_sidebar":"1","share_position":"top","share_float_style":"share-monocrhome","show_share_counter":"1","show_view_counter":"1","show_featured":"1","show_post_meta":"1","show_post_author":"1","show_post_author_image":"1","show_post_date":"1","post_date_format":"default","post_date_format_custom":"Y\/m\/d","show_post_category":"1","show_post_reading_time":"0","post_reading_time_wpm":"300","show_zoom_button":"0","zoom_button_out_step":"2","zoom_button_in_step":"3","show_post_tag":"1","show_prev_next_post":"1","show_popup_post":"1","number_popup_post":"1","show_author_box":"1","show_post_related":"0","show_inline_post_related":"0"}],"override_image_size":"0","image_override":[{"single_post_thumbnail_size":"crop-500","single_post_gallery_size":"crop-500"}],"trending_post":"0","trending_post_position":"meta","trending_post_label":"Trending","sponsored_post":"0","sponsored_post_label":"Sponsored by","sponsored_post_name":"","sponsored_post_url":"","sponsored_post_logo_enable":"0","sponsored_post_logo":"","sponsored_post_desc":"","disable_ad":"0"},"jnews_primary_category":{"id":""},"footnotes":""},"categories":[43,45,47,46],"tags":[888,890,887,96,889],"class_list":["post-83237","post","type-post","status-publish","format-standard","has-post-thumbnail","hentry","category-estado","category-estilo-de-vida","category-municipios","category-politica","tag-en-punto","tag-medios-de-comunicacion","tag-radio-huamantla","tag-tlaxcala","tag-trayectoria"],"aioseo_notices":[],"_links":{"self":[{"href":"https:\/\/estado29.mx\/index.php?rest_route=\/wp\/v2\/posts\/83237","targetHints":{"allow":["GET"]}}],"collection":[{"href":"https:\/\/estado29.mx\/index.php?rest_route=\/wp\/v2\/posts"}],"about":[{"href":"https:\/\/estado29.mx\/index.php?rest_route=\/wp\/v2\/types\/post"}],"author":[{"embeddable":true,"href":"https:\/\/estado29.mx\/index.php?rest_route=\/wp\/v2\/users\/4"}],"replies":[{"embeddable":true,"href":"https:\/\/estado29.mx\/index.php?rest_route=%2Fwp%2Fv2%2Fcomments&post=83237"}],"version-history":[{"count":2,"href":"https:\/\/estado29.mx\/index.php?rest_route=\/wp\/v2\/posts\/83237\/revisions"}],"predecessor-version":[{"id":83242,"href":"https:\/\/estado29.mx\/index.php?rest_route=\/wp\/v2\/posts\/83237\/revisions\/83242"}],"wp:featuredmedia":[{"embeddable":true,"href":"https:\/\/estado29.mx\/index.php?rest_route=\/wp\/v2\/media\/83238"}],"wp:attachment":[{"href":"https:\/\/estado29.mx\/index.php?rest_route=%2Fwp%2Fv2%2Fmedia&parent=83237"}],"wp:term":[{"taxonomy":"category","embeddable":true,"href":"https:\/\/estado29.mx\/index.php?rest_route=%2Fwp%2Fv2%2Fcategories&post=83237"},{"taxonomy":"post_tag","embeddable":true,"href":"https:\/\/estado29.mx\/index.php?rest_route=%2Fwp%2Fv2%2Ftags&post=83237"}],"curies":[{"name":"wp","href":"https:\/\/api.w.org\/{rel}","templated":true}]}}