{"id":83244,"date":"2022-11-17T13:18:11","date_gmt":"2022-11-17T13:18:11","guid":{"rendered":"https:\/\/estado29.mx\/?p=83244"},"modified":"2022-11-17T13:18:11","modified_gmt":"2022-11-17T13:18:11","slug":"efectuaron-estudiantes-de-la-uatx-foro-de-autorrealizacion","status":"publish","type":"post","link":"https:\/\/estado29.mx\/?p=83244","title":{"rendered":"Efectuaron estudiantes de la UATx foro de Autorrealizaci\u00f3n"},"content":{"rendered":"\n<p>La Universidad Aut\u00f3noma de Tlaxcala (UATx), mediante la Secretar\u00eda de Autorrealizaci\u00f3n y la Academia Universitaria de Autorrealizaci\u00f3n, llev\u00f3 a cabo el \u201c7\u00b0 Foro de Autorrealizaci\u00f3n\u201d, ante la presencia de catedr\u00e1ticos y estudiantes de las diferentes Facultades y Unidades Acad\u00e9micas Multidisciplinarias (UAM), en el cual se presentaron diversas actividades formativas, efectuado en las instalaciones del Centro Cultural Universitario (CCU).&nbsp;&nbsp;<\/p>\n\n\n\n<p>En representaci\u00f3n del Doctor Seraf\u00edn Ortiz Ortiz, Rector de la UATx, el Maestro Mauro S\u00e1nchez Ibarra, Secretario de Rector\u00eda, dijo que, a trav\u00e9s del cuarto eje transversal, se ha impactado la labor multidisciplinar que efect\u00faa la academia de autorrealizaci\u00f3n para mantener actualizada sus cuatro unidades de aprendizaje, las cuales, complementan el nivel formativo de los 42 programas educativos que se imparten en nuestra alma m\u00e1ter, proporcionando nuevo conocimiento.<\/p>\n\n\n\n<p>Precis\u00f3 que se pretende llevar a cabo una educaci\u00f3n inclusiva y equitativa, generando de este modo, profesionistas de cambio con una amplia perspectiva de su realidad social, para lo cual, los espacios p\u00fablicos universitarios contribuyen a este objetivo, en pos de resolver las exigencias y complejidades del mundo laboral m\u00e1s globalizado e interconectado.<\/p>\n\n\n\n<p>Por su parte, el Doctor Juan George Zecua, Secretario de Autorrealizaci\u00f3n, subray\u00f3 que, este Foro, busca la sana convivencia de los alumnos, ya que es la articulaci\u00f3n de las funciones sustantivas de la universidad mediante acciones y programas que contribuyen a su formaci\u00f3n integral, fortaleciendo sus aptitudes y valores, capacit\u00e1ndolos para desarrollar su perfil profesional con un alto sentido humano.<\/p>\n\n\n\n<p>En su momento, la Doctora Elvia Ortiz Ortiz, Presidenta de la Academia Universitaria de Autorrealizaci\u00f3n, destac\u00f3 que, a 12 a\u00f1os permanentes de arduo trabajo, la Aut\u00f3noma de Tlaxcala se ha posicionado como la \u00fanica universidad en establecer la Autorrealizaci\u00f3n, lo que posibilita a los estudiantes reconocerse a s\u00ed mismos, cambiar diametralmente como lo hacen los universitarios, a trav\u00e9s de la cultura a la justicia social.<\/p>\n\n\n\n<p>Durante el desarrollo del programa de actividades, se efectuaron exposiciones de los 17 equipos de estudiantes que representaron a las 11 Facultades y a las tres UAM, as\u00ed como la \u201cFeria de valores\u201d.<\/p>\n\n\n\n<p>El acto protocolario cont\u00f3 con la presencia de los integrantes de la estructura directiva de la instituci\u00f3n.<\/p>\n","protected":false},"excerpt":{"rendered":"<p>La Universidad Aut\u00f3noma de Tlaxcala (UATx), mediante la Secretar\u00eda de Autorrealizaci\u00f3n y la Academia Universitaria de Autorrealizaci\u00f3n, llev\u00f3 a cabo el \u201c7\u00b0 Foro de Autorrealizaci\u00f3n\u201d, ante la presencia de catedr\u00e1ticos y estudiantes de las diferentes Facultades y Unidades Acad\u00e9micas Multidisciplinarias (UAM), en el cual se presentaron diversas actividades formativas, efectuado en las instalaciones del Centro [&hellip;]<\/p>\n","protected":false},"author":4,"featured_media":83245,"comment_status":"open","ping_status":"open","sticky":false,"template":"","format":"standard","meta":{"om_disable_all_campaigns":false,"_monsterinsights_skip_tracking":false,"_monsterinsights_sitenote_active":false,"_monsterinsights_sitenote_note":"","_monsterinsights_sitenote_category":0,"jnews-multi-image_gallery":[],"jnews_single_post":{"subtitle":"","format":"standard","video":"","gallery":"","source_name":"","source_url":"","via_name":"","via_url":"","override_template":"0","override":[{"template":"1","single_blog_custom":"","parallax":"1","fullscreen":"1","layout":"right-sidebar","sidebar":"default-sidebar","second_sidebar":"default-sidebar","sticky_sidebar":"1","share_position":"top","share_float_style":"share-monocrhome","show_share_counter":"1","show_view_counter":"1","show_featured":"1","show_post_meta":"1","show_post_author":"1","show_post_author_image":"1","show_post_date":"1","post_date_format":"default","post_date_format_custom":"Y\/m\/d","show_post_category":"1","show_post_reading_time":"0","post_reading_time_wpm":"300","show_zoom_button":"0","zoom_button_out_step":"2","zoom_button_in_step":"3","show_post_tag":"1","show_prev_next_post":"1","show_popup_post":"1","number_popup_post":"1","show_author_box":"1","show_post_related":"0","show_inline_post_related":"0"}],"override_image_size":"0","image_override":[{"single_post_thumbnail_size":"crop-500","single_post_gallery_size":"crop-500"}],"trending_post":"0","trending_post_position":"meta","trending_post_label":"Trending","sponsored_post":"0","sponsored_post_label":"Sponsored by","sponsored_post_name":"","sponsored_post_url":"","sponsored_post_logo_enable":"0","sponsored_post_logo":"","sponsored_post_desc":"","disable_ad":"0"},"jnews_primary_category":{"id":""},"footnotes":""},"categories":[80,43],"tags":[110,96,310],"class_list":["post-83244","post","type-post","status-publish","format-standard","has-post-thumbnail","hentry","category-educacion","category-estado","tag-municipios","tag-tlaxcala","tag-uatx"],"aioseo_notices":[],"_links":{"self":[{"href":"https:\/\/estado29.mx\/index.php?rest_route=\/wp\/v2\/posts\/83244","targetHints":{"allow":["GET"]}}],"collection":[{"href":"https:\/\/estado29.mx\/index.php?rest_route=\/wp\/v2\/posts"}],"about":[{"href":"https:\/\/estado29.mx\/index.php?rest_route=\/wp\/v2\/types\/post"}],"author":[{"embeddable":true,"href":"https:\/\/estado29.mx\/index.php?rest_route=\/wp\/v2\/users\/4"}],"replies":[{"embeddable":true,"href":"https:\/\/estado29.mx\/index.php?rest_route=%2Fwp%2Fv2%2Fcomments&post=83244"}],"version-history":[{"count":1,"href":"https:\/\/estado29.mx\/index.php?rest_route=\/wp\/v2\/posts\/83244\/revisions"}],"predecessor-version":[{"id":83246,"href":"https:\/\/estado29.mx\/index.php?rest_route=\/wp\/v2\/posts\/83244\/revisions\/83246"}],"wp:featuredmedia":[{"embeddable":true,"href":"https:\/\/estado29.mx\/index.php?rest_route=\/wp\/v2\/media\/83245"}],"wp:attachment":[{"href":"https:\/\/estado29.mx\/index.php?rest_route=%2Fwp%2Fv2%2Fmedia&parent=83244"}],"wp:term":[{"taxonomy":"category","embeddable":true,"href":"https:\/\/estado29.mx\/index.php?rest_route=%2Fwp%2Fv2%2Fcategories&post=83244"},{"taxonomy":"post_tag","embeddable":true,"href":"https:\/\/estado29.mx\/index.php?rest_route=%2Fwp%2Fv2%2Ftags&post=83244"}],"curies":[{"name":"wp","href":"https:\/\/api.w.org\/{rel}","templated":true}]}}