{"id":83253,"date":"2022-11-17T13:27:14","date_gmt":"2022-11-17T13:27:14","guid":{"rendered":"https:\/\/estado29.mx\/?p=83253"},"modified":"2022-11-17T13:27:15","modified_gmt":"2022-11-17T13:27:15","slug":"realiza-cnop-tlaxcala-primera-gran-expoventa-artesanal-en-el-municipio-de-chiautempan","status":"publish","type":"post","link":"https:\/\/estado29.mx\/?p=83253","title":{"rendered":"Realiza CNOP Tlaxcala primera \u201cgran expoventa artesanal\u201d en el municipio de Chiautempan"},"content":{"rendered":"\n<p>Con el respaldo del Comit\u00e9 Directivo Estatal, que encabeza, la Presidenta Anabell \u00c1valos Zempoalteca; la CNOP Chiautempan llev\u00f3 a cabo la primera \u201cGran Expoventa Artesanal\u201d en el municipio sarapero.<\/p>\n\n\n\n<p>En un evento donde participaron 25 artesanos; la dirigente estatal del PRI, celebr\u00f3 la realizaci\u00f3n de estas ferias artesanales por parte de la organizaci\u00f3n pri\u00edsta que dirige el cenopista, Jos\u00e9 Antonio Lemus en el estado; pues refiri\u00f3; impulsan la reactivaci\u00f3n econ\u00f3mica local.<\/p>\n\n\n\n<p>Asimismo,&nbsp; reconoci\u00f3 el trabajo del sector y de su dirigente, Jos\u00e9 Antonio Lemus; pues extern\u00f3 que esta es la primera Expo de varias que se realizar\u00e1n a lo largo de su dirigencia estatal; pues los artesanos son un sector muy importante para el Revolucionario Institucional y su apoyo ser\u00e1 real y tangible.<\/p>\n\n\n\n<p>La Presidenta Estatal del PRI durante el evento agradeci\u00f3 el respaldo y trabajo del Secretario y Coordinador de Movimiento Artesanal de la CNOP; Arselio Paredes Reyes; as\u00ed como de la Regidora por Chiautempan, Areli Tolteca.<\/p>\n\n\n\n<p>En la inauguraci\u00f3n de esta Expo estuvieron presentes la Regidora de la capital Carolina Carrasco, Ernesto Garc\u00eda Sarmiento Ex Presidente del PRI; as\u00ed como tambi\u00e9n el Secretario de Acci\u00f3n Electoral del PRI, Pedro Molina.<\/p>\n\n\n\n<p>Finalmente Antonio Lemus, Delegado Estatal de la CNOP, coment\u00f3 que esta primera expo tuvo una asistencia de quinientas personas; por lo que pronostican una participaci\u00f3n al alza en la segunda edici\u00f3n que se llevar\u00e1 a cabo pr\u00f3ximamente en el municipio de Huamantla.<\/p>\n","protected":false},"excerpt":{"rendered":"<p>Con el respaldo del Comit\u00e9 Directivo Estatal, que encabeza, la Presidenta Anabell \u00c1valos Zempoalteca; la CNOP Chiautempan llev\u00f3 a cabo la primera \u201cGran Expoventa Artesanal\u201d en el municipio sarapero. En un evento donde participaron 25 artesanos; la dirigente estatal del PRI, celebr\u00f3 la realizaci\u00f3n de estas ferias artesanales por parte de la organizaci\u00f3n pri\u00edsta que [&hellip;]<\/p>\n","protected":false},"author":4,"featured_media":83254,"comment_status":"open","ping_status":"open","sticky":false,"template":"","format":"standard","meta":{"om_disable_all_campaigns":false,"_monsterinsights_skip_tracking":false,"_monsterinsights_sitenote_active":false,"_monsterinsights_sitenote_note":"","_monsterinsights_sitenote_category":0,"jnews-multi-image_gallery":[],"jnews_single_post":{"subtitle":"","format":"standard","video":"","gallery":"","source_name":"","source_url":"","via_name":"","via_url":"","override_template":"0","override":[{"template":"1","single_blog_custom":"","parallax":"1","fullscreen":"1","layout":"right-sidebar","sidebar":"default-sidebar","second_sidebar":"default-sidebar","sticky_sidebar":"1","share_position":"top","share_float_style":"share-monocrhome","show_share_counter":"1","show_view_counter":"1","show_featured":"1","show_post_meta":"1","show_post_author":"1","show_post_author_image":"1","show_post_date":"1","post_date_format":"default","post_date_format_custom":"Y\/m\/d","show_post_category":"1","show_post_reading_time":"0","post_reading_time_wpm":"300","show_zoom_button":"0","zoom_button_out_step":"2","zoom_button_in_step":"3","show_post_tag":"1","show_prev_next_post":"1","show_popup_post":"1","number_popup_post":"1","show_author_box":"1","show_post_related":"0","show_inline_post_related":"0"}],"override_image_size":"0","image_override":[{"single_post_thumbnail_size":"crop-500","single_post_gallery_size":"crop-500"}],"trending_post":"0","trending_post_position":"meta","trending_post_label":"Trending","sponsored_post":"0","sponsored_post_label":"Sponsored by","sponsored_post_name":"","sponsored_post_url":"","sponsored_post_logo_enable":"0","sponsored_post_logo":"","sponsored_post_desc":"","disable_ad":"0"},"jnews_primary_category":{"id":""},"footnotes":""},"categories":[43,52],"tags":[150,110,730,290,96],"class_list":["post-83253","post","type-post","status-publish","format-standard","has-post-thumbnail","hentry","category-estado","category-gobierno-de-tlaxcala","tag-gobierno-del-estado","tag-municipios","tag-politica-2","tag-pri","tag-tlaxcala"],"aioseo_notices":[],"_links":{"self":[{"href":"https:\/\/estado29.mx\/index.php?rest_route=\/wp\/v2\/posts\/83253","targetHints":{"allow":["GET"]}}],"collection":[{"href":"https:\/\/estado29.mx\/index.php?rest_route=\/wp\/v2\/posts"}],"about":[{"href":"https:\/\/estado29.mx\/index.php?rest_route=\/wp\/v2\/types\/post"}],"author":[{"embeddable":true,"href":"https:\/\/estado29.mx\/index.php?rest_route=\/wp\/v2\/users\/4"}],"replies":[{"embeddable":true,"href":"https:\/\/estado29.mx\/index.php?rest_route=%2Fwp%2Fv2%2Fcomments&post=83253"}],"version-history":[{"count":1,"href":"https:\/\/estado29.mx\/index.php?rest_route=\/wp\/v2\/posts\/83253\/revisions"}],"predecessor-version":[{"id":83255,"href":"https:\/\/estado29.mx\/index.php?rest_route=\/wp\/v2\/posts\/83253\/revisions\/83255"}],"wp:featuredmedia":[{"embeddable":true,"href":"https:\/\/estado29.mx\/index.php?rest_route=\/wp\/v2\/media\/83254"}],"wp:attachment":[{"href":"https:\/\/estado29.mx\/index.php?rest_route=%2Fwp%2Fv2%2Fmedia&parent=83253"}],"wp:term":[{"taxonomy":"category","embeddable":true,"href":"https:\/\/estado29.mx\/index.php?rest_route=%2Fwp%2Fv2%2Fcategories&post=83253"},{"taxonomy":"post_tag","embeddable":true,"href":"https:\/\/estado29.mx\/index.php?rest_route=%2Fwp%2Fv2%2Ftags&post=83253"}],"curies":[{"name":"wp","href":"https:\/\/api.w.org\/{rel}","templated":true}]}}