{"id":83256,"date":"2022-11-17T13:29:34","date_gmt":"2022-11-17T13:29:34","guid":{"rendered":"https:\/\/estado29.mx\/?p=83256"},"modified":"2022-11-17T13:29:34","modified_gmt":"2022-11-17T13:29:34","slug":"asegura-ssc-a-dos-personas-y-sus-unidades-por-aditamentos-de-uso-policial","status":"publish","type":"post","link":"https:\/\/estado29.mx\/?p=83256","title":{"rendered":"Asegura ssc a dos personas y sus unidades por aditamentos de uso policial\u00a0"},"content":{"rendered":"\n<p>\u2022Los veh\u00edculos portaban accesorios de uso exclusivo por los servicios de emergencia y seguridad p\u00fablica&nbsp;<\/p>\n\n\n\n<p>Elementos de la Secretar\u00eda de Seguridad Ciudadana (SSC), aseguraron a dos personas y sus unidades vehiculares en diferentes acciones, por los delitos contra la seguridad de la comunidad en materia de uso exclusivo de servicios de emergencia y seguridad p\u00fablica.&nbsp;<\/p>\n\n\n\n<p>En el municipio de Ixtacuixtla, fue asegurado Rigoberto N., de 21 a\u00f1os de edad, as\u00ed como su veh\u00edculo Chevrolet, tipo Tahoe, modelo 2021, con placas particulares del Estado de M\u00e9xico en carretera Villa Mariano Matamoros de la comunidad de San Antonio Atotonilco, por la portaci\u00f3n de luces estrobosc\u00f3picas, de color azul y rojo.&nbsp;<\/p>\n\n\n\n<p>Asimismo, por el uso de luces estrobosc\u00f3picas, en San Cosme Xalostoc, fue asegurado Daniel N., de 27 a\u00f1os de edad, que viajaba en su unidad Volkswagen, l\u00ednea Cabrio, con placas particulares del estado de Tlaxcala, en calle Francisco I. Madero, de la colonia Venustiano Carranza.&nbsp;<\/p>\n\n\n\n<p>Ninguno de los asegurados contaba con el permiso o documentos que les acreditara la portaci\u00f3n de los aditamentos instalados en sus unidades, por lo que se procedi\u00f3 a su aseguramiento y puesta a disposici\u00f3n ante la representaci\u00f3n social competente conforme al C\u00f3digo Penal para el Estado Libre y Soberano de Tlaxcala, en su Art\u00edculo 310, de delitos contra la seguridad de la comunidad, fracci\u00f3n VIII.&nbsp;<\/p>\n\n\n\n<p>La SSC mantiene acciones permanentes tendientes a prevenir toda incidencia delictiva y exhorta a la ciudadan\u00eda para evitar la portaci\u00f3n de accesorios de uso exclusivo por los servicios de emergencia y seguridad p\u00fablica.&nbsp;<\/p>\n","protected":false},"excerpt":{"rendered":"<p>\u2022Los veh\u00edculos portaban accesorios de uso exclusivo por los servicios de emergencia y seguridad p\u00fablica&nbsp; Elementos de la Secretar\u00eda de Seguridad Ciudadana (SSC), aseguraron a dos personas y sus unidades vehiculares en diferentes acciones, por los delitos contra la seguridad de la comunidad en materia de uso exclusivo de servicios de emergencia y seguridad p\u00fablica.&nbsp; [&hellip;]<\/p>\n","protected":false},"author":4,"featured_media":83257,"comment_status":"open","ping_status":"open","sticky":false,"template":"","format":"standard","meta":{"om_disable_all_campaigns":false,"_monsterinsights_skip_tracking":false,"_monsterinsights_sitenote_active":false,"_monsterinsights_sitenote_note":"","_monsterinsights_sitenote_category":0,"jnews-multi-image_gallery":[],"jnews_single_post":{"subtitle":"","format":"standard","video":"","gallery":"","source_name":"","source_url":"","via_name":"","via_url":"","override_template":"0","override":[{"template":"1","single_blog_custom":"","parallax":"1","fullscreen":"1","layout":"right-sidebar","sidebar":"default-sidebar","second_sidebar":"default-sidebar","sticky_sidebar":"1","share_position":"top","share_float_style":"share-monocrhome","show_share_counter":"1","show_view_counter":"1","show_featured":"1","show_post_meta":"1","show_post_author":"1","show_post_author_image":"1","show_post_date":"1","post_date_format":"default","post_date_format_custom":"Y\/m\/d","show_post_category":"1","show_post_reading_time":"0","post_reading_time_wpm":"300","show_zoom_button":"0","zoom_button_out_step":"2","zoom_button_in_step":"3","show_post_tag":"1","show_prev_next_post":"1","show_popup_post":"1","number_popup_post":"1","show_author_box":"1","show_post_related":"0","show_inline_post_related":"0"}],"override_image_size":"0","image_override":[{"single_post_thumbnail_size":"crop-500","single_post_gallery_size":"crop-500"}],"trending_post":"0","trending_post_position":"meta","trending_post_label":"Trending","sponsored_post":"0","sponsored_post_label":"Sponsored by","sponsored_post_name":"","sponsored_post_url":"","sponsored_post_logo_enable":"0","sponsored_post_logo":"","sponsored_post_desc":"","disable_ad":"0"},"jnews_primary_category":{"id":""},"footnotes":""},"categories":[43,52],"tags":[150,110,119,118,96],"class_list":["post-83256","post","type-post","status-publish","format-standard","has-post-thumbnail","hentry","category-estado","category-gobierno-de-tlaxcala","tag-gobierno-del-estado","tag-municipios","tag-seguridad","tag-ssc","tag-tlaxcala"],"aioseo_notices":[],"_links":{"self":[{"href":"https:\/\/estado29.mx\/index.php?rest_route=\/wp\/v2\/posts\/83256","targetHints":{"allow":["GET"]}}],"collection":[{"href":"https:\/\/estado29.mx\/index.php?rest_route=\/wp\/v2\/posts"}],"about":[{"href":"https:\/\/estado29.mx\/index.php?rest_route=\/wp\/v2\/types\/post"}],"author":[{"embeddable":true,"href":"https:\/\/estado29.mx\/index.php?rest_route=\/wp\/v2\/users\/4"}],"replies":[{"embeddable":true,"href":"https:\/\/estado29.mx\/index.php?rest_route=%2Fwp%2Fv2%2Fcomments&post=83256"}],"version-history":[{"count":1,"href":"https:\/\/estado29.mx\/index.php?rest_route=\/wp\/v2\/posts\/83256\/revisions"}],"predecessor-version":[{"id":83258,"href":"https:\/\/estado29.mx\/index.php?rest_route=\/wp\/v2\/posts\/83256\/revisions\/83258"}],"wp:featuredmedia":[{"embeddable":true,"href":"https:\/\/estado29.mx\/index.php?rest_route=\/wp\/v2\/media\/83257"}],"wp:attachment":[{"href":"https:\/\/estado29.mx\/index.php?rest_route=%2Fwp%2Fv2%2Fmedia&parent=83256"}],"wp:term":[{"taxonomy":"category","embeddable":true,"href":"https:\/\/estado29.mx\/index.php?rest_route=%2Fwp%2Fv2%2Fcategories&post=83256"},{"taxonomy":"post_tag","embeddable":true,"href":"https:\/\/estado29.mx\/index.php?rest_route=%2Fwp%2Fv2%2Ftags&post=83256"}],"curies":[{"name":"wp","href":"https:\/\/api.w.org\/{rel}","templated":true}]}}