{"id":83311,"date":"2022-11-18T13:35:41","date_gmt":"2022-11-18T13:35:41","guid":{"rendered":"https:\/\/estado29.mx\/?p=83311"},"modified":"2022-11-18T13:35:41","modified_gmt":"2022-11-18T13:35:41","slug":"mejora-hospital-de-la-mujer-atencion-medica-en-bebes-prematuros","status":"publish","type":"post","link":"https:\/\/estado29.mx\/?p=83311","title":{"rendered":"Mejora hospital de la mujer atenci\u00f3n m\u00e9dica en beb\u00e9s prematuros"},"content":{"rendered":"\n<p>*Realizaron ponencias para mejorar los conocimientos y labor profesional del personal<\/p>\n\n\n\n<p>El Hospital de la Mujer del Sector Salud del estado, en el marco del D\u00eda Mundial del Beb\u00e9 Prematuro que se conmemora el 17 de noviembre, realiz\u00f3 un simposio con la finalidad de mejorar los conocimientos en la atenci\u00f3n m\u00e9dica de los beb\u00e9s.<\/p>\n\n\n\n<p>En el Centro de Convenciones \u201cGral. Antonio Carvajal\u201d del municipio de San Pablo Apetatitl\u00e1n, la directora del Hospital de la Mujer, Lebny Morales Antonio dijo a las enfermeras presentes que se tienen retos en el servicio de la Unidad de Cuidados Intensivos (UCIN), por lo que la uni\u00f3n y colaboraci\u00f3n son trascendentes para continuar ayudando a las y los ni\u00f1os y sus familias para que puedan superar con \u00e9xito esta circunstancia.<\/p>\n\n\n\n<p>Asimismo, mencion\u00f3 que es necesario reconocer a los especialistas en esta fecha conmemorable, quienes atienden profesionalmente a las mam\u00e1s y sus infantes que nacen en estas condiciones.<\/p>\n\n\n\n<p>Morales Antonio indic\u00f3 que el Simposio se realiz\u00f3 con la participaci\u00f3n del personal de salud del Hospital de la Mujer, organizado por las coordinadoras de la UCIN, la coordinaci\u00f3n de Ense\u00f1anza y encabezado por la jefa de Enfermer\u00eda, Rosal\u00eda Quintero L\u00f3pez.<\/p>\n\n\n\n<p>Previo a las ocho ponencias que se desarrollaron para el personal de enfermer\u00eda y m\u00e9dico, la directora del Hospital de la Mujer afirm\u00f3 que desde el a\u00f1o 2009 se celebra el D\u00eda Mundial del Ni\u00f1o Prematuro, una fecha en la que se desea poner de manifiesto el alto riesgo de mortalidad que tiene el traer beb\u00e9s prematuros al mundo.<\/p>\n\n\n\n<p>En M\u00e9xico cada a\u00f1o se registran 150 mil nacimientos de beb\u00e9s con menos de 37 semanas de gestaci\u00f3n, que requieren de cuidados especiales para evitar problemas de salud que pongan en riesgo su vida.<\/p>\n\n\n\n<p>\u201cEstamos aqu\u00ed para celebrar la vida de estos peque\u00f1os valientes, que a pesar de su corta edad y tama\u00f1o, luchan una gran batalla para superar los retos. Hacemos nuestro trabajo con amor y dedicaci\u00f3n para apoyar este proceso y ver en ellos toda su fortaleza y las ganas de vivir\u201d, expres\u00f3.<\/p>\n\n\n\n<p>Las ponencias que se realizaron correspondieron a los temas de reci\u00e9n nacido prematuro, retos en el servicio de UCIN, tamiz cardiol\u00f3gico, manejo del surfactante y efectos en el reci\u00e9n nacido prematuro, atenci\u00f3n temprana y desarrollo infantil, tamiz uropat\u00edas y la seguridad del paciente neonatal con terapia de infusi\u00f3n.<\/p>\n\n\n\n<p>Adem\u00e1s de las ventajas de la lactancia materna en el reci\u00e9n nacido prematuro y testimonios de vida, concursos de carteles y premiaci\u00f3n.<\/p>\n","protected":false},"excerpt":{"rendered":"<p>*Realizaron ponencias para mejorar los conocimientos y labor profesional del personal El Hospital de la Mujer del Sector Salud del estado, en el marco del D\u00eda Mundial del Beb\u00e9 Prematuro que se conmemora el 17 de noviembre, realiz\u00f3 un simposio con la finalidad de mejorar los conocimientos en la atenci\u00f3n m\u00e9dica de los beb\u00e9s. En [&hellip;]<\/p>\n","protected":false},"author":4,"featured_media":83312,"comment_status":"open","ping_status":"open","sticky":false,"template":"","format":"standard","meta":{"om_disable_all_campaigns":false,"_monsterinsights_skip_tracking":false,"_monsterinsights_sitenote_active":false,"_monsterinsights_sitenote_note":"","_monsterinsights_sitenote_category":0,"jnews-multi-image_gallery":[],"jnews_single_post":{"subtitle":"","format":"standard","video":"","gallery":"","source_name":"","source_url":"","via_name":"","via_url":"","override_template":"0","override":[{"template":"1","single_blog_custom":"","parallax":"1","fullscreen":"1","layout":"right-sidebar","sidebar":"default-sidebar","second_sidebar":"default-sidebar","sticky_sidebar":"1","share_position":"top","share_float_style":"share-monocrhome","show_share_counter":"1","show_view_counter":"1","show_featured":"1","show_post_meta":"1","show_post_author":"1","show_post_author_image":"1","show_post_date":"1","post_date_format":"default","post_date_format_custom":"Y\/m\/d","show_post_category":"1","show_post_reading_time":"0","post_reading_time_wpm":"300","show_zoom_button":"0","zoom_button_out_step":"2","zoom_button_in_step":"3","show_post_tag":"1","show_prev_next_post":"1","show_popup_post":"1","number_popup_post":"1","show_author_box":"1","show_post_related":"0","show_inline_post_related":"0"}],"override_image_size":"0","image_override":[{"single_post_thumbnail_size":"crop-500","single_post_gallery_size":"crop-500"}],"trending_post":"0","trending_post_position":"meta","trending_post_label":"Trending","sponsored_post":"0","sponsored_post_label":"Sponsored by","sponsored_post_name":"","sponsored_post_url":"","sponsored_post_logo_enable":"0","sponsored_post_logo":"","sponsored_post_desc":"","disable_ad":"0"},"jnews_primary_category":{"id":""},"footnotes":""},"categories":[43,52],"tags":[150,110,148,96],"class_list":["post-83311","post","type-post","status-publish","format-standard","has-post-thumbnail","hentry","category-estado","category-gobierno-de-tlaxcala","tag-gobierno-del-estado","tag-municipios","tag-sesa","tag-tlaxcala"],"aioseo_notices":[],"_links":{"self":[{"href":"https:\/\/estado29.mx\/index.php?rest_route=\/wp\/v2\/posts\/83311","targetHints":{"allow":["GET"]}}],"collection":[{"href":"https:\/\/estado29.mx\/index.php?rest_route=\/wp\/v2\/posts"}],"about":[{"href":"https:\/\/estado29.mx\/index.php?rest_route=\/wp\/v2\/types\/post"}],"author":[{"embeddable":true,"href":"https:\/\/estado29.mx\/index.php?rest_route=\/wp\/v2\/users\/4"}],"replies":[{"embeddable":true,"href":"https:\/\/estado29.mx\/index.php?rest_route=%2Fwp%2Fv2%2Fcomments&post=83311"}],"version-history":[{"count":1,"href":"https:\/\/estado29.mx\/index.php?rest_route=\/wp\/v2\/posts\/83311\/revisions"}],"predecessor-version":[{"id":83313,"href":"https:\/\/estado29.mx\/index.php?rest_route=\/wp\/v2\/posts\/83311\/revisions\/83313"}],"wp:featuredmedia":[{"embeddable":true,"href":"https:\/\/estado29.mx\/index.php?rest_route=\/wp\/v2\/media\/83312"}],"wp:attachment":[{"href":"https:\/\/estado29.mx\/index.php?rest_route=%2Fwp%2Fv2%2Fmedia&parent=83311"}],"wp:term":[{"taxonomy":"category","embeddable":true,"href":"https:\/\/estado29.mx\/index.php?rest_route=%2Fwp%2Fv2%2Fcategories&post=83311"},{"taxonomy":"post_tag","embeddable":true,"href":"https:\/\/estado29.mx\/index.php?rest_route=%2Fwp%2Fv2%2Ftags&post=83311"}],"curies":[{"name":"wp","href":"https:\/\/api.w.org\/{rel}","templated":true}]}}