{"id":83314,"date":"2022-11-18T13:38:07","date_gmt":"2022-11-18T13:38:07","guid":{"rendered":"https:\/\/estado29.mx\/?p=83314"},"modified":"2022-11-18T13:38:07","modified_gmt":"2022-11-18T13:38:07","slug":"inauguro-gobernadora-lorena-cuellar-punto-de-venta-navitlax-en-tlaxco","status":"publish","type":"post","link":"https:\/\/estado29.mx\/?p=83314","title":{"rendered":"Inaugur\u00f3 gobernadora Lorena Cu\u00e9llar punto de venta &#8220;navitlax&#8221; en Tlaxco"},"content":{"rendered":"\n<p>*Dio inicio a esta actividad comercial con la adquisici\u00f3n de 40 \u00e1rboles navide\u00f1os naturales y augur\u00f3 buenas ventas a las y los productores<\/p>\n\n\n\n<p>La gobernadora Lorena Cu\u00e9llar Cisneros inaugur\u00f3 el punto de venta de \u00e1rboles navide\u00f1os naturales Bosque M\u00e1gico &#8220;Navitlax&#8221;, que cuenta con la autorizaci\u00f3n de la Secretar\u00eda de Medio Ambiente y Recursos Naturales (Semarnat), con el objetivo de que las y los productores reactiven su econom\u00eda ante la temporada navide\u00f1a que est\u00e1 por llegar.<\/p>\n\n\n\n<p>En Acopinalco del Pe\u00f1\u00f3n en Tlaxco, la titular del Ejecutivo local reconoci\u00f3 el esfuerzo de muchos a\u00f1os de quienes se dedican a la producci\u00f3n de \u00e1rboles navide\u00f1os, adem\u00e1s de que les dese\u00f3 ventas exitosas como fruto de su arduo trabajo, &#8220;auguro que aqu\u00ed tengan una oportunidad para llevar tambi\u00e9n sustento a sus hogares, que eso es lo que m\u00e1s deseamos&#8221;.<\/p>\n\n\n\n<p>Extern\u00f3 que su gobierno tiene el firme compromiso de impulsar al campo, por ello el a\u00f1o pasado se increment\u00f3 a este rubro 100 millones de pesos, adem\u00e1s de la construcci\u00f3n de 500 jag\u00fceyes, &#8220;llevamos 300 y vamos por muchos m\u00e1s, porque el campo merece apoyo de su gobierno&#8221;.<\/p>\n\n\n\n<p>&#8220;Les deseo lo mejor, que vendan todos, porque s\u00e9 que es un trabajo que tambi\u00e9n estamos abonando al campo, que tenemos los permisos de Semarnat, que estamos haciendo las cosas bien para cuidar tambi\u00e9n el medio ambiente. Estos \u00e1rboles que est\u00e1n aqu\u00ed, estar\u00e1n dando felicidad en muchos hogares, est\u00e1n hechos por las manos de tlaxcaltecas (\u2026) para empezar quiero hacer un pedido de 40, para que ya empecemos a colaborar con todos ustedes&#8221;, indic\u00f3 Cu\u00e9llar Cisneros.<\/p>\n\n\n\n<p>A su vez, el titular de la Secretar\u00eda de Impulso Agropecuario (SIA), Rafael de la Pe\u00f1a Bernal se\u00f1al\u00f3 que este banderazo de salida para la venta de \u00e1rboles es una invitaci\u00f3n a la ciudadan\u00eda para que consuman de manera local, &#8220;que se den cuenta que en Tlaxcala tenemos los mejores \u00e1rboles y con un programa sustentable, porque por cada \u00e1rbol que se quita, vuelve a brotar otro. Esto hace que cuidemos el medio ambiente&#8221;.<\/p>\n\n\n\n<p>Mientras, la productora de \u00e1rboles navide\u00f1os, Adelaida Hern\u00e1ndez Arenas agradeci\u00f3 el apoyo que les brinda la gobernadora, y enfatiz\u00f3 que \u201cNavitlax\u201d es una empresa sustentable, tlaxcalteca y amigable con el medio ambiente, con plantaciones forestales comerciales autorizadas por Semarnat, \u201cac\u00e1 realizamos todas las actividades productivas, desde germinar una semilla, plantar y cultivar durante varios a\u00f1os, porque el proceso es hasta de ocho a\u00f1os para tener un \u00e1rbol de navidad\u201d.<\/p>\n\n\n\n<p>Cabe destacar que con esta actividad se generan empleos temporales y permanentes, directos e indirectos para la comunidad, adem\u00e1s de que prestan servicios ambientales al proporcionar captaci\u00f3n de carbono, la recuperaci\u00f3n de mantos acu\u00edferos, evitar la erosi\u00f3n del suelo y generar la composta.<\/p>\n\n\n\n<p>Antes de concluir el evento, la mandataria estatal realiz\u00f3 un recorrido por la unidad de producci\u00f3n de pinos, adem\u00e1s sembr\u00f3 y adopt\u00f3 un \u00e1rbol de navidad.<\/p>\n\n\n\n<p>Esta ocasi\u00f3n estuvieron presentes el delegado federal de los Programas para el Bienestar en Tlaxcala, Carlos Luna V\u00e1zquez; la coordinadora estatal de \u201cSembrando Vida\u201d, Elizabeth Munive Mart\u00ednez; el alcalde de Tlaxco, Armando Flores L\u00f3pez; el presidente de comunidad de Acopinalco del Pe\u00f1\u00f3n, Francisco Hern\u00e1ndez D\u00edaz; la presidenta honor\u00edfica del DIF municipal, Rosa Cer\u00f3n S\u00e1nchez, as\u00ed como productores de \u201cSembrando Vida\u201d y ejidatarios.<\/p>\n","protected":false},"excerpt":{"rendered":"<p>*Dio inicio a esta actividad comercial con la adquisici\u00f3n de 40 \u00e1rboles navide\u00f1os naturales y augur\u00f3 buenas ventas a las y los productores La gobernadora Lorena Cu\u00e9llar Cisneros inaugur\u00f3 el punto de venta de \u00e1rboles navide\u00f1os naturales Bosque M\u00e1gico &#8220;Navitlax&#8221;, que cuenta con la autorizaci\u00f3n de la Secretar\u00eda de Medio Ambiente y Recursos Naturales (Semarnat), [&hellip;]<\/p>\n","protected":false},"author":4,"featured_media":83315,"comment_status":"open","ping_status":"open","sticky":false,"template":"","format":"standard","meta":{"om_disable_all_campaigns":false,"_monsterinsights_skip_tracking":false,"_monsterinsights_sitenote_active":false,"_monsterinsights_sitenote_note":"","_monsterinsights_sitenote_category":0,"jnews-multi-image_gallery":[],"jnews_single_post":{"subtitle":"","format":"standard","video":"","gallery":"","source_name":"","source_url":"","via_name":"","via_url":"","override_template":"0","override":[{"template":"1","single_blog_custom":"","parallax":"1","fullscreen":"1","layout":"right-sidebar","sidebar":"default-sidebar","second_sidebar":"default-sidebar","sticky_sidebar":"1","share_position":"top","share_float_style":"share-monocrhome","show_share_counter":"1","show_view_counter":"1","show_featured":"1","show_post_meta":"1","show_post_author":"1","show_post_author_image":"1","show_post_date":"1","post_date_format":"default","post_date_format_custom":"Y\/m\/d","show_post_category":"1","show_post_reading_time":"0","post_reading_time_wpm":"300","show_zoom_button":"0","zoom_button_out_step":"2","zoom_button_in_step":"3","show_post_tag":"1","show_prev_next_post":"1","show_popup_post":"1","number_popup_post":"1","show_author_box":"1","show_post_related":"0","show_inline_post_related":"0"}],"override_image_size":"0","image_override":[{"single_post_thumbnail_size":"crop-500","single_post_gallery_size":"crop-500"}],"trending_post":"0","trending_post_position":"meta","trending_post_label":"Trending","sponsored_post":"0","sponsored_post_label":"Sponsored by","sponsored_post_name":"","sponsored_post_url":"","sponsored_post_logo_enable":"0","sponsored_post_logo":"","sponsored_post_desc":"","disable_ad":"0"},"jnews_primary_category":{"id":""},"footnotes":""},"categories":[43,52],"tags":[150,110,263,96],"class_list":["post-83314","post","type-post","status-publish","format-standard","has-post-thumbnail","hentry","category-estado","category-gobierno-de-tlaxcala","tag-gobierno-del-estado","tag-municipios","tag-semarnat","tag-tlaxcala"],"aioseo_notices":[],"_links":{"self":[{"href":"https:\/\/estado29.mx\/index.php?rest_route=\/wp\/v2\/posts\/83314","targetHints":{"allow":["GET"]}}],"collection":[{"href":"https:\/\/estado29.mx\/index.php?rest_route=\/wp\/v2\/posts"}],"about":[{"href":"https:\/\/estado29.mx\/index.php?rest_route=\/wp\/v2\/types\/post"}],"author":[{"embeddable":true,"href":"https:\/\/estado29.mx\/index.php?rest_route=\/wp\/v2\/users\/4"}],"replies":[{"embeddable":true,"href":"https:\/\/estado29.mx\/index.php?rest_route=%2Fwp%2Fv2%2Fcomments&post=83314"}],"version-history":[{"count":1,"href":"https:\/\/estado29.mx\/index.php?rest_route=\/wp\/v2\/posts\/83314\/revisions"}],"predecessor-version":[{"id":83316,"href":"https:\/\/estado29.mx\/index.php?rest_route=\/wp\/v2\/posts\/83314\/revisions\/83316"}],"wp:featuredmedia":[{"embeddable":true,"href":"https:\/\/estado29.mx\/index.php?rest_route=\/wp\/v2\/media\/83315"}],"wp:attachment":[{"href":"https:\/\/estado29.mx\/index.php?rest_route=%2Fwp%2Fv2%2Fmedia&parent=83314"}],"wp:term":[{"taxonomy":"category","embeddable":true,"href":"https:\/\/estado29.mx\/index.php?rest_route=%2Fwp%2Fv2%2Fcategories&post=83314"},{"taxonomy":"post_tag","embeddable":true,"href":"https:\/\/estado29.mx\/index.php?rest_route=%2Fwp%2Fv2%2Ftags&post=83314"}],"curies":[{"name":"wp","href":"https:\/\/api.w.org\/{rel}","templated":true}]}}