{"id":83317,"date":"2022-11-22T13:23:01","date_gmt":"2022-11-22T13:23:01","guid":{"rendered":"https:\/\/estado29.mx\/?p=83317"},"modified":"2022-11-22T13:23:01","modified_gmt":"2022-11-22T13:23:01","slug":"superviso-gobernadora-lorena-cuellar-programa-puertas-y-ventanas-para-tu-hogar-en-tlaxco","status":"publish","type":"post","link":"https:\/\/estado29.mx\/?p=83317","title":{"rendered":"Supervis\u00f3 gobernadora Lorena Cu\u00e9llar \u201cprograma puertas y ventanas para tu hogar\u201d en Tlaxco"},"content":{"rendered":"\n<p><\/p>\n\n\n\n<p>*El gobierno del estado, a trav\u00e9s de la Secretar\u00eda de Bienestar, invirti\u00f3 en estas acciones m\u00e1s de 1.2 mdp para apoyar a 211 familias del municipio<\/p>\n\n\n\n<p>La gobernadora Lorena Cu\u00e9llar Cisneros realiz\u00f3 un recorrido de supervisi\u00f3n en la rancher\u00eda La Ci\u00e9nega, municipio de Tlaxco, para constatar los resultados del Programa Puertas y Ventanas para Tu Hogar que opera la Secretar\u00eda de Bienestar del estado.<\/p>\n\n\n\n<p>Durante el presente a\u00f1o, el gobierno estatal invirti\u00f3 m\u00e1s de 9.5 millones de pesos para apoyar con estas acciones a mil 591 familias que radican en las comunidades m\u00e1s alejadas de 28 municipios catalogados como prioritarios. En Tlaxco, 211 viviendas fueron beneficiadas con un monto total de un mill\u00f3n 266 mil pesos.<\/p>\n\n\n\n<p>Acompa\u00f1ada de la titular de la Secretar\u00eda de Bienestar del estado, Mar\u00eda Estela \u00c1lvarez Corona y de la presidenta honor\u00edfica del Comit\u00e9 Consultivo de Bienestar y Desarrollo Social del estado, Mar\u00eda Fernanda Espinosa de los Monteros Cu\u00e9llar, la mandataria estatal confirm\u00f3 que los apoyos llegaron directamente a 20 familias de La Ci\u00e9nega que viven en situaci\u00f3n de vulnerabilidad.<\/p>\n\n\n\n<p>A su arribo a los hogares de Mar\u00eda Guadalupe Leal Huerta, H\u00e9ctor Gabriel L\u00f3pez Cruz y Manuel L\u00f3pez Ortega, le informaron que por mucho tiempo las puertas y ventanas de sus hogares fueron improvisadas con tablas de madera, cortinas, hule o cobijas, lo que era insuficiente para protegerse de las inclemencias del tiempo.<\/p>\n\n\n\n<p>\u201cLa puerta ya nos ataja un buen porque entraba demasiado fr\u00edo, como ve aqu\u00ed cocino en mi peque\u00f1o comalito, la cocina y donde dormimos estaba dividido por una cobija, pero se pasaba el humo, tambi\u00e9n se puso una puerta y ya no se mete el humo\u201d, expuso la se\u00f1ora Dulce Mar\u00eda Carmona Castro, quien habita la vivienda junto a su esposo y sus tres peque\u00f1os hijos.<\/p>\n\n\n\n<p>La titular del Ejecutivo local destac\u00f3 que \u201cde eso se trata este y otros programas que maneja la Secretar\u00eda de Bienestar, que ustedes vayan mejorando, buscamos dotar de puertas y ventanas al mayor n\u00famero de casas posibles, precisamente ahora para que se cubran del fr\u00edo y haya seguridad en sus hogares\u201d.<\/p>\n\n\n\n<p>De igual manera, el aluminero Alfredo Cruz L\u00f3pez, quien forj\u00f3 la canceler\u00eda de las familias beneficiadas, agradeci\u00f3 la confianza de la gobernadora Cu\u00e9llar Cisneros al hacerlos parte de este proyecto.<\/p>\n\n\n\n<p>\u201cEste apoyo tambi\u00e9n se refleja en nosotros como trabajadores porque tenemos un incentivo m\u00e1s, somos el sustento para nuestras familias y como dice la se\u00f1ora, ojal\u00e1 que sigan estos programas que nos beneficien directamente y que no se quede con los intermediarios, que de verdad llegue a donde tiene que llegar, gobernadora muchas gracias y que sigan los \u00e9xitos\u201d, expres\u00f3.<\/p>\n\n\n\n<p>Por su parte, el alcalde de Tlaxco, Armando Flores L\u00f3pez y el presidente de la rancher\u00eda La Ci\u00e9nega, Isidro Garc\u00eda Lira, reconocieron el esfuerzo y trabajo de la titular del Ejecutivo local por acercar el bienestar a las familias tlaxcaltecas de las zonas m\u00e1s alejadas y marginadas, al tiempo que le manifestaron su respaldo con los proyectos estatales futuros.<\/p>\n\n\n\n<p>Al recorrido acudi\u00f3 el diputado federal, Armando Contreras Castillo; la diputada local, Diana Torrej\u00f3n Rodr\u00edguez; el director de Asentamientos Humanos de la Secretar\u00eda de Ordenamiento Territorial y Vivienda (SOTyV), Mateo Sergio S\u00e1nchez Ram\u00edrez; la presidenta honor\u00edfica del DIF municipal, Rosa Cer\u00f3n S\u00e1nchez y el presidente de la comunidad La Palma, Tom\u00e1s Ortega Portillo.<\/p>\n","protected":false},"excerpt":{"rendered":"<p>*El gobierno del estado, a trav\u00e9s de la Secretar\u00eda de Bienestar, invirti\u00f3 en estas acciones m\u00e1s de 1.2 mdp para apoyar a 211 familias del municipio La gobernadora Lorena Cu\u00e9llar Cisneros realiz\u00f3 un recorrido de supervisi\u00f3n en la rancher\u00eda La Ci\u00e9nega, municipio de Tlaxco, para constatar los resultados del Programa Puertas y Ventanas para Tu [&hellip;]<\/p>\n","protected":false},"author":4,"featured_media":83318,"comment_status":"open","ping_status":"open","sticky":false,"template":"","format":"standard","meta":{"om_disable_all_campaigns":false,"_monsterinsights_skip_tracking":false,"_monsterinsights_sitenote_active":false,"_monsterinsights_sitenote_note":"","_monsterinsights_sitenote_category":0,"jnews-multi-image_gallery":[],"jnews_single_post":{"subtitle":"","format":"standard","video":"","gallery":"","source_name":"","source_url":"","via_name":"","via_url":"","override_template":"0","override":[{"template":"1","single_blog_custom":"","parallax":"1","fullscreen":"1","layout":"right-sidebar","sidebar":"default-sidebar","second_sidebar":"default-sidebar","sticky_sidebar":"1","share_position":"top","share_float_style":"share-monocrhome","show_share_counter":"1","show_view_counter":"1","show_featured":"1","show_post_meta":"1","show_post_author":"1","show_post_author_image":"1","show_post_date":"1","post_date_format":"default","post_date_format_custom":"Y\/m\/d","show_post_category":"1","show_post_reading_time":"0","post_reading_time_wpm":"300","show_zoom_button":"0","zoom_button_out_step":"2","zoom_button_in_step":"3","show_post_tag":"1","show_prev_next_post":"1","show_popup_post":"1","number_popup_post":"1","show_author_box":"1","show_post_related":"0","show_inline_post_related":"0"}],"override_image_size":"0","image_override":[{"single_post_thumbnail_size":"crop-500","single_post_gallery_size":"crop-500"}],"trending_post":"0","trending_post_position":"meta","trending_post_label":"Trending","sponsored_post":"0","sponsored_post_label":"Sponsored by","sponsored_post_name":"","sponsored_post_url":"","sponsored_post_logo_enable":"0","sponsored_post_logo":"","sponsored_post_desc":"","disable_ad":"0"},"jnews_primary_category":{"id":""},"footnotes":""},"categories":[43,52],"tags":[137,150,110,96],"class_list":["post-83317","post","type-post","status-publish","format-standard","has-post-thumbnail","hentry","category-estado","category-gobierno-de-tlaxcala","tag-bienestar","tag-gobierno-del-estado","tag-municipios","tag-tlaxcala"],"aioseo_notices":[],"_links":{"self":[{"href":"https:\/\/estado29.mx\/index.php?rest_route=\/wp\/v2\/posts\/83317","targetHints":{"allow":["GET"]}}],"collection":[{"href":"https:\/\/estado29.mx\/index.php?rest_route=\/wp\/v2\/posts"}],"about":[{"href":"https:\/\/estado29.mx\/index.php?rest_route=\/wp\/v2\/types\/post"}],"author":[{"embeddable":true,"href":"https:\/\/estado29.mx\/index.php?rest_route=\/wp\/v2\/users\/4"}],"replies":[{"embeddable":true,"href":"https:\/\/estado29.mx\/index.php?rest_route=%2Fwp%2Fv2%2Fcomments&post=83317"}],"version-history":[{"count":1,"href":"https:\/\/estado29.mx\/index.php?rest_route=\/wp\/v2\/posts\/83317\/revisions"}],"predecessor-version":[{"id":83319,"href":"https:\/\/estado29.mx\/index.php?rest_route=\/wp\/v2\/posts\/83317\/revisions\/83319"}],"wp:featuredmedia":[{"embeddable":true,"href":"https:\/\/estado29.mx\/index.php?rest_route=\/wp\/v2\/media\/83318"}],"wp:attachment":[{"href":"https:\/\/estado29.mx\/index.php?rest_route=%2Fwp%2Fv2%2Fmedia&parent=83317"}],"wp:term":[{"taxonomy":"category","embeddable":true,"href":"https:\/\/estado29.mx\/index.php?rest_route=%2Fwp%2Fv2%2Fcategories&post=83317"},{"taxonomy":"post_tag","embeddable":true,"href":"https:\/\/estado29.mx\/index.php?rest_route=%2Fwp%2Fv2%2Ftags&post=83317"}],"curies":[{"name":"wp","href":"https:\/\/api.w.org\/{rel}","templated":true}]}}