{"id":83335,"date":"2022-11-22T13:34:14","date_gmt":"2022-11-22T13:34:14","guid":{"rendered":"https:\/\/estado29.mx\/?p=83335"},"modified":"2022-11-22T13:34:15","modified_gmt":"2022-11-22T13:34:15","slug":"gobierno-de-tlaxcala-conmemora-el-100-aniversario-luctuoso-de-ricardo-flores-magon","status":"publish","type":"post","link":"https:\/\/estado29.mx\/?p=83335","title":{"rendered":"Gobierno de Tlaxcala conmemora el 100 aniversario luctuoso de Ricardo Flores Mag\u00f3n"},"content":{"rendered":"\n<p>*Fue periodista, precursor de la Revoluci\u00f3n Mexicana e impulsor de la transformaci\u00f3n pac\u00edfica en el pa\u00eds<\/p>\n\n\n\n<p>En las Escalinatas de los H\u00e9roes en la capital del estado, el gobierno de Tlaxcala conmemor\u00f3 el 100 aniversario luctuoso de Ricardo Flores Mag\u00f3n, periodista, precursor de la Revoluci\u00f3n Mexicana e impulsor de la transformaci\u00f3n pac\u00edfica en nuestro pa\u00eds.<\/p>\n\n\n\n<p>Se mont\u00f3 una guardia de honor, donde la banda de guerra de la Secretar\u00eda de Seguridad Ciudadana (SSC) ejecut\u00f3 el toque de silencio en memoria del tambi\u00e9n activista, escritor y fil\u00f3sofo mexicano.<\/p>\n\n\n\n<p>Su pensamiento inspir\u00f3 muchas de las conquistas obreras y algunos de los derechos que quedaron plasmados en la Constituci\u00f3n mexicana.<\/p>\n\n\n\n<p>De esta forma la Secretar\u00eda de Educaci\u00f3n P\u00fablica del Estado (SEPE), mencion\u00f3 que tras a\u00f1os de lucha, ahora es reconocido por su intenci\u00f3n de transformar la miseria en prosperidad. La censura y represi\u00f3n estatal contribuyeron a que se convirtiera en el representante del mexicano radical de inicios del siglo XX.<\/p>\n\n\n\n<p>Este joven, que dese\u00f3 un cambio pac\u00edfico del r\u00e9gimen, termin\u00f3 siendo un adulto en\u00e9rgico avergonzado de un sistema pol\u00edtico que lo traicion\u00f3 al incumplir lo que pregonaba en el aula: libertad, orden y progreso.<\/p>\n\n\n\n<p>Se cont\u00f3 con la presencia del coronel de armas blindadas Diplomado de Estado Mayor, Hugo Ariel Oxmed Medina; en representaci\u00f3n del secretario de Gobierno, Sergio Gonz\u00e1lez Hern\u00e1ndez acudi\u00f3 Alejandro Carreto Xochicali; del titular de Educaci\u00f3n P\u00fablica del Estado, Homero Meneses Hern\u00e1ndez asisti\u00f3 el director de Cultura, Recreaci\u00f3n y Deporte, Javier Fragoso Ram\u00edrez; de la magistrada presidenta del Tribunal Superior de Justicia del Estado (TSJE) y del Consejo de la Judicatura (CJ), Mary Cruz Cortes Ornelas, Pedro Mu\u00f1oz Le\u00f3n y del presidente municipal de Tlaxcala, Jorge Corichi Fragoso estuvo Maribel P\u00e9rez Arenas; adem\u00e1s del jefe de departamento de Acci\u00f3n C\u00edvica de la SEPE, \u00d3scar Espinosa de los Moteros Osorio.<\/p>\n","protected":false},"excerpt":{"rendered":"<p>*Fue periodista, precursor de la Revoluci\u00f3n Mexicana e impulsor de la transformaci\u00f3n pac\u00edfica en el pa\u00eds En las Escalinatas de los H\u00e9roes en la capital del estado, el gobierno de Tlaxcala conmemor\u00f3 el 100 aniversario luctuoso de Ricardo Flores Mag\u00f3n, periodista, precursor de la Revoluci\u00f3n Mexicana e impulsor de la transformaci\u00f3n pac\u00edfica en nuestro pa\u00eds. [&hellip;]<\/p>\n","protected":false},"author":4,"featured_media":83336,"comment_status":"open","ping_status":"open","sticky":false,"template":"","format":"standard","meta":{"om_disable_all_campaigns":false,"_monsterinsights_skip_tracking":false,"_monsterinsights_sitenote_active":false,"_monsterinsights_sitenote_note":"","_monsterinsights_sitenote_category":0,"jnews-multi-image_gallery":[],"jnews_single_post":{"subtitle":"","format":"standard","video":"","gallery":"","source_name":"","source_url":"","via_name":"","via_url":"","override_template":"0","override":[{"template":"1","single_blog_custom":"","parallax":"1","fullscreen":"1","layout":"right-sidebar","sidebar":"default-sidebar","second_sidebar":"default-sidebar","sticky_sidebar":"1","share_position":"top","share_float_style":"share-monocrhome","show_share_counter":"1","show_view_counter":"1","show_featured":"1","show_post_meta":"1","show_post_author":"1","show_post_author_image":"1","show_post_date":"1","post_date_format":"default","post_date_format_custom":"Y\/m\/d","show_post_category":"1","show_post_reading_time":"0","post_reading_time_wpm":"300","show_zoom_button":"0","zoom_button_out_step":"2","zoom_button_in_step":"3","show_post_tag":"1","show_prev_next_post":"1","show_popup_post":"1","number_popup_post":"1","show_author_box":"1","show_post_related":"0","show_inline_post_related":"0"}],"override_image_size":"0","image_override":[{"single_post_thumbnail_size":"crop-500","single_post_gallery_size":"crop-500"}],"trending_post":"0","trending_post_position":"meta","trending_post_label":"Trending","sponsored_post":"0","sponsored_post_label":"Sponsored by","sponsored_post_name":"","sponsored_post_url":"","sponsored_post_logo_enable":"0","sponsored_post_logo":"","sponsored_post_desc":"","disable_ad":"0"},"jnews_primary_category":{"id":""},"footnotes":""},"categories":[43,52],"tags":[150,110,96],"class_list":["post-83335","post","type-post","status-publish","format-standard","has-post-thumbnail","hentry","category-estado","category-gobierno-de-tlaxcala","tag-gobierno-del-estado","tag-municipios","tag-tlaxcala"],"aioseo_notices":[],"_links":{"self":[{"href":"https:\/\/estado29.mx\/index.php?rest_route=\/wp\/v2\/posts\/83335","targetHints":{"allow":["GET"]}}],"collection":[{"href":"https:\/\/estado29.mx\/index.php?rest_route=\/wp\/v2\/posts"}],"about":[{"href":"https:\/\/estado29.mx\/index.php?rest_route=\/wp\/v2\/types\/post"}],"author":[{"embeddable":true,"href":"https:\/\/estado29.mx\/index.php?rest_route=\/wp\/v2\/users\/4"}],"replies":[{"embeddable":true,"href":"https:\/\/estado29.mx\/index.php?rest_route=%2Fwp%2Fv2%2Fcomments&post=83335"}],"version-history":[{"count":1,"href":"https:\/\/estado29.mx\/index.php?rest_route=\/wp\/v2\/posts\/83335\/revisions"}],"predecessor-version":[{"id":83337,"href":"https:\/\/estado29.mx\/index.php?rest_route=\/wp\/v2\/posts\/83335\/revisions\/83337"}],"wp:featuredmedia":[{"embeddable":true,"href":"https:\/\/estado29.mx\/index.php?rest_route=\/wp\/v2\/media\/83336"}],"wp:attachment":[{"href":"https:\/\/estado29.mx\/index.php?rest_route=%2Fwp%2Fv2%2Fmedia&parent=83335"}],"wp:term":[{"taxonomy":"category","embeddable":true,"href":"https:\/\/estado29.mx\/index.php?rest_route=%2Fwp%2Fv2%2Fcategories&post=83335"},{"taxonomy":"post_tag","embeddable":true,"href":"https:\/\/estado29.mx\/index.php?rest_route=%2Fwp%2Fv2%2Ftags&post=83335"}],"curies":[{"name":"wp","href":"https:\/\/api.w.org\/{rel}","templated":true}]}}