{"id":83338,"date":"2022-11-22T13:36:12","date_gmt":"2022-11-22T13:36:12","guid":{"rendered":"https:\/\/estado29.mx\/?p=83338"},"modified":"2022-11-22T13:36:13","modified_gmt":"2022-11-22T13:36:13","slug":"con-espectacular-concierto-de-matisse-concluye-la-gran-feria-tlaxcala-2022","status":"publish","type":"post","link":"https:\/\/estado29.mx\/?p=83338","title":{"rendered":"Con espectacular concierto de MATISSE, concluye la \u201cgran feria Tlaxcala 2022\u201d"},"content":{"rendered":"\n<p>*La agrupaci\u00f3n mexicana fue recientemente galardonada con un Latin Grammy<\/p>\n\n\n\n<p>Durante m\u00e1s de tres semanas las familias tlaxcaltecas y visitantes pudieron disfrutar de la \u201cGran Feria Tlaxcala 2022\u201d, que la noche de este lunes 21 de noviembre lleg\u00f3 a su fin con la espectacular presentaci\u00f3n del grupo musical del momento \u201cMatisse\u201d, que con su romanticismo y frescura hizo pasar una incre\u00edble noche a todos los asistentes que se dieron cita a la \u00faltima presentaci\u00f3n en el Teatro del Pueblo.<\/p>\n\n\n\n<p>Los integrantes de esta agrupaci\u00f3n mexicana, Melissa, Rom\u00e1n y Pablo se\u00f1alaron estar emocionados, ya que fue la primera vez que se presentan en nuestro estado y frente a un p\u00fablico maravilloso, que los recibi\u00f3 con ovaciones y no dej\u00f3 de cantar y bailar toda la noche.<\/p>\n\n\n\n<p>El grupo Matisse, que recientemente fue galardonada con un Latin Grammy, interpret\u00f3 por m\u00e1s de una hora sus mejores temas como La misma luna, M\u00e1s que amigos, Imposible amor, Prometiste, Si fuera f\u00e1cil, Acu\u00e9rdate de mi, Todav\u00eda y muchos otros.<\/p>\n\n\n\n<p>Cabe se\u00f1alar que esta presentaci\u00f3n form\u00f3 parte de los muchos conciertos y actividades gratuitas que ofreci\u00f3 el gobierno del estado, a trav\u00e9s del Patronato para las Exposiciones y Ferias en la ciudad de Tlaxcala, a visitantes locales y nacionales.<\/p>\n","protected":false},"excerpt":{"rendered":"<p>*La agrupaci\u00f3n mexicana fue recientemente galardonada con un Latin Grammy Durante m\u00e1s de tres semanas las familias tlaxcaltecas y visitantes pudieron disfrutar de la \u201cGran Feria Tlaxcala 2022\u201d, que la noche de este lunes 21 de noviembre lleg\u00f3 a su fin con la espectacular presentaci\u00f3n del grupo musical del momento \u201cMatisse\u201d, que con su romanticismo [&hellip;]<\/p>\n","protected":false},"author":4,"featured_media":83339,"comment_status":"open","ping_status":"open","sticky":false,"template":"","format":"standard","meta":{"om_disable_all_campaigns":false,"_monsterinsights_skip_tracking":false,"_monsterinsights_sitenote_active":false,"_monsterinsights_sitenote_note":"","_monsterinsights_sitenote_category":0,"jnews-multi-image_gallery":[],"jnews_single_post":{"subtitle":"","format":"standard","video":"","gallery":"","source_name":"","source_url":"","via_name":"","via_url":"","override_template":"0","override":[{"template":"1","single_blog_custom":"","parallax":"1","fullscreen":"1","layout":"right-sidebar","sidebar":"default-sidebar","second_sidebar":"default-sidebar","sticky_sidebar":"1","share_position":"top","share_float_style":"share-monocrhome","show_share_counter":"1","show_view_counter":"1","show_featured":"1","show_post_meta":"1","show_post_author":"1","show_post_author_image":"1","show_post_date":"1","post_date_format":"default","post_date_format_custom":"Y\/m\/d","show_post_category":"1","show_post_reading_time":"0","post_reading_time_wpm":"300","show_zoom_button":"0","zoom_button_out_step":"2","zoom_button_in_step":"3","show_post_tag":"1","show_prev_next_post":"1","show_popup_post":"1","number_popup_post":"1","show_author_box":"1","show_post_related":"0","show_inline_post_related":"0"}],"override_image_size":"0","image_override":[{"single_post_thumbnail_size":"crop-500","single_post_gallery_size":"crop-500"}],"trending_post":"0","trending_post_position":"meta","trending_post_label":"Trending","sponsored_post":"0","sponsored_post_label":"Sponsored by","sponsored_post_name":"","sponsored_post_url":"","sponsored_post_logo_enable":"0","sponsored_post_logo":"","sponsored_post_desc":"","disable_ad":"0"},"jnews_primary_category":{"id":""},"footnotes":""},"categories":[43,52],"tags":[150,110,96],"class_list":["post-83338","post","type-post","status-publish","format-standard","has-post-thumbnail","hentry","category-estado","category-gobierno-de-tlaxcala","tag-gobierno-del-estado","tag-municipios","tag-tlaxcala"],"aioseo_notices":[],"_links":{"self":[{"href":"https:\/\/estado29.mx\/index.php?rest_route=\/wp\/v2\/posts\/83338","targetHints":{"allow":["GET"]}}],"collection":[{"href":"https:\/\/estado29.mx\/index.php?rest_route=\/wp\/v2\/posts"}],"about":[{"href":"https:\/\/estado29.mx\/index.php?rest_route=\/wp\/v2\/types\/post"}],"author":[{"embeddable":true,"href":"https:\/\/estado29.mx\/index.php?rest_route=\/wp\/v2\/users\/4"}],"replies":[{"embeddable":true,"href":"https:\/\/estado29.mx\/index.php?rest_route=%2Fwp%2Fv2%2Fcomments&post=83338"}],"version-history":[{"count":1,"href":"https:\/\/estado29.mx\/index.php?rest_route=\/wp\/v2\/posts\/83338\/revisions"}],"predecessor-version":[{"id":83340,"href":"https:\/\/estado29.mx\/index.php?rest_route=\/wp\/v2\/posts\/83338\/revisions\/83340"}],"wp:featuredmedia":[{"embeddable":true,"href":"https:\/\/estado29.mx\/index.php?rest_route=\/wp\/v2\/media\/83339"}],"wp:attachment":[{"href":"https:\/\/estado29.mx\/index.php?rest_route=%2Fwp%2Fv2%2Fmedia&parent=83338"}],"wp:term":[{"taxonomy":"category","embeddable":true,"href":"https:\/\/estado29.mx\/index.php?rest_route=%2Fwp%2Fv2%2Fcategories&post=83338"},{"taxonomy":"post_tag","embeddable":true,"href":"https:\/\/estado29.mx\/index.php?rest_route=%2Fwp%2Fv2%2Ftags&post=83338"}],"curies":[{"name":"wp","href":"https:\/\/api.w.org\/{rel}","templated":true}]}}