{"id":83342,"date":"2022-11-23T13:23:32","date_gmt":"2022-11-23T13:23:32","guid":{"rendered":"https:\/\/estado29.mx\/?p=83342"},"modified":"2022-11-23T13:23:33","modified_gmt":"2022-11-23T13:23:33","slug":"colocan-gobernadora-y-sedif-primera-piedra-del-centro-de-capacitacion-para-personas-con-discapacidad","status":"publish","type":"post","link":"https:\/\/estado29.mx\/?p=83342","title":{"rendered":"Colocan gobernadora y sedif primera piedra del centro de capacitaci\u00f3n para personas con discapacidad"},"content":{"rendered":"\n<p>*Se edificar\u00e1n cinco m\u00f3dulos con talleres con una inversi\u00f3n superior a los 59.6 mdp<\/p>\n\n\n\n<p>Con el objetivo de que las personas con discapacidad construyan una vida m\u00e1s independiente y productiva, garantizando su accesibilidad, inclusi\u00f3n y goce pleno de sus derechos, la gobernadora de Tlaxcala, Lorena Cu\u00e9llar Cisneros y la presidenta honor\u00edfica del Sistema Estatal DIF, Mariana Espinosa de los Monteros Cu\u00e9llar, colocaron la primera piedra de la construcci\u00f3n del Centro de Capacitaci\u00f3n para Personas con Discapacidad (Cecapdif) en el municipio de Chiautempan.<\/p>\n\n\n\n<p>Este centro estar\u00e1 ubicado en una fracci\u00f3n del predio denominado Tlapancalco, propiedad del Gobierno del Estado, en el municipio de Chiautempan, con una superficie de construcci\u00f3n de 8 mil 878.83 metros cuadrados en el que se edificar\u00e1n cinco m\u00f3dulos con talleres, \u00e1rea administrativa, comedor, almac\u00e9n, talleres de \u00f3rtesis y pr\u00f3tesis, estacionamiento, equinoterapia, obra complementaria e instalaciones especiales, con una inversi\u00f3n superior a los 59 millones 685 mil pesos.<\/p>\n\n\n\n<p>Esta obra beneficiar\u00e1 a las personas con discapacidad en las m\u00faltiples actividades que se llevar\u00e1n a cabo en dicho centro. Al respecto, la gobernadora Lorena Cu\u00e9llar Cisneros mencion\u00f3 que este es uno de los tantos sue\u00f1os que tuvo mientras se dedicaba a la educaci\u00f3n especial, porque es la manera de incluir a las personas con discapacidad a la vida productiva con inclusi\u00f3n y respeto a sus derechos, con quienes -reconoci\u00f3- \u201ctenemos muchas deudas todav\u00eda\u201d.<\/p>\n\n\n\n<p>\u201cAgradezco a Mariana Espinosa de los Monteros por poner su coraz\u00f3n todos los d\u00edas en las actividades del DIF, que son las m\u00e1s bellas del servicio p\u00fablico, la vida nos ha dado la oportunidad de hacer realidad estos sue\u00f1os que se hacen en equipo, en este gran equipo est\u00e1 Alfonso S\u00e1nchez Garc\u00eda, titular de la Secretar\u00eda de Infraestructura, con la ejecuci\u00f3n de los proyectos, por hacer con poco muchos proyectos\u201d, mencion\u00f3 la mandataria estatal durante el evento de colocaci\u00f3n de la primera piedra del Cecapdif.<\/p>\n\n\n\n<p>Tambi\u00e9n, la titular del Poder Ejecutivo local destac\u00f3 la presencia y colaboraci\u00f3n para hacer posible este proyecto de la directora general del Sistema Estatal DIF, Flor L\u00f3pez Hinojosa; del presidente municipal de Chiautempan, Gustavo Jim\u00e9nez Romero; de los integrantes del Congreso del estado; as\u00ed como representantes de dependencias estatales, entre ellas la Consejer\u00eda Jur\u00eddica, el Despacho de la Gobernadora, Secretar\u00eda de Infraestructura, Secretar\u00eda de Medio Ambiente y dependencias federales como la Semarnat y Profepa.<\/p>\n\n\n\n<p>En su oportunidad, la presidenta honor\u00edfica del Sistema Estatal DIF, Mariana Espinosa de los Monteros asegur\u00f3 que la construcci\u00f3n del Cecapdif marcar\u00e1 un antes y un despu\u00e9s para las personas con discapacidad y para Tlaxcala \u201cporque queremos que sea un estado totalmente incluyente\u201d.<\/p>\n\n\n\n<p>\u201cSe trata no solo del inicio de la construcci\u00f3n de un inmueble, sino de un gran proyecto que contribuir\u00e1 al desarrollo de una vida m\u00e1s independiente y productiva para las personas con discapacidad; garantizado as\u00ed su accesibilidad e inclusi\u00f3n con goce pleno de sus derechos humanos en un marco de respeto e igualdad de oportunidades, logrando que este sector de la poblaci\u00f3n en edad productiva se integre a los diferentes sectores laborales para fortalecer el trabajo formal\u201d, expuso.<\/p>\n\n\n\n<p>En este nuevo centro habr\u00e1 talleres t\u00e9cnico industriales de carpinter\u00eda, tabla roca, plomer\u00eda, aluminio, reposter\u00eda, panader\u00eda, electricidad, inform\u00e1tica, tambi\u00e9n tendr\u00e1 un invernadero de pr\u00e1ctica en siembra de hortalizas, as\u00ed como un auditorio inclusivo para la promoci\u00f3n de actividades culturales, deportivas y art\u00edsticas en el estado.<\/p>\n\n\n\n<p>Con esas acciones, Sedif busca que este nuevo Cecapdif sea conocido como \u201cLa Ciudad de la Inclusi\u00f3n\u201d en el estado de Tlaxcala.<\/p>\n","protected":false},"excerpt":{"rendered":"<p>*Se edificar\u00e1n cinco m\u00f3dulos con talleres con una inversi\u00f3n superior a los 59.6 mdp Con el objetivo de que las personas con discapacidad construyan una vida m\u00e1s independiente y productiva, garantizando su accesibilidad, inclusi\u00f3n y goce pleno de sus derechos, la gobernadora de Tlaxcala, Lorena Cu\u00e9llar Cisneros y la presidenta honor\u00edfica del Sistema Estatal DIF, [&hellip;]<\/p>\n","protected":false},"author":4,"featured_media":83343,"comment_status":"open","ping_status":"open","sticky":false,"template":"","format":"standard","meta":{"om_disable_all_campaigns":false,"_monsterinsights_skip_tracking":false,"_monsterinsights_sitenote_active":false,"_monsterinsights_sitenote_note":"","_monsterinsights_sitenote_category":0,"jnews-multi-image_gallery":[],"jnews_single_post":{"subtitle":"","format":"standard","video":"","gallery":"","source_name":"","source_url":"","via_name":"","via_url":"","override_template":"0","override":[{"template":"1","single_blog_custom":"","parallax":"1","fullscreen":"1","layout":"right-sidebar","sidebar":"default-sidebar","second_sidebar":"default-sidebar","sticky_sidebar":"1","share_position":"top","share_float_style":"share-monocrhome","show_share_counter":"1","show_view_counter":"1","show_featured":"1","show_post_meta":"1","show_post_author":"1","show_post_author_image":"1","show_post_date":"1","post_date_format":"default","post_date_format_custom":"Y\/m\/d","show_post_category":"1","show_post_reading_time":"0","post_reading_time_wpm":"300","show_zoom_button":"0","zoom_button_out_step":"2","zoom_button_in_step":"3","show_post_tag":"1","show_prev_next_post":"1","show_popup_post":"1","number_popup_post":"1","show_author_box":"1","show_post_related":"0","show_inline_post_related":"0"}],"override_image_size":"0","image_override":[{"single_post_thumbnail_size":"crop-500","single_post_gallery_size":"crop-500"}],"trending_post":"0","trending_post_position":"meta","trending_post_label":"Trending","sponsored_post":"0","sponsored_post_label":"Sponsored by","sponsored_post_name":"","sponsored_post_url":"","sponsored_post_logo_enable":"0","sponsored_post_logo":"","sponsored_post_desc":"","disable_ad":"0"},"jnews_primary_category":{"id":""},"footnotes":""},"categories":[43,52],"tags":[150,110,96],"class_list":["post-83342","post","type-post","status-publish","format-standard","has-post-thumbnail","hentry","category-estado","category-gobierno-de-tlaxcala","tag-gobierno-del-estado","tag-municipios","tag-tlaxcala"],"aioseo_notices":[],"_links":{"self":[{"href":"https:\/\/estado29.mx\/index.php?rest_route=\/wp\/v2\/posts\/83342","targetHints":{"allow":["GET"]}}],"collection":[{"href":"https:\/\/estado29.mx\/index.php?rest_route=\/wp\/v2\/posts"}],"about":[{"href":"https:\/\/estado29.mx\/index.php?rest_route=\/wp\/v2\/types\/post"}],"author":[{"embeddable":true,"href":"https:\/\/estado29.mx\/index.php?rest_route=\/wp\/v2\/users\/4"}],"replies":[{"embeddable":true,"href":"https:\/\/estado29.mx\/index.php?rest_route=%2Fwp%2Fv2%2Fcomments&post=83342"}],"version-history":[{"count":1,"href":"https:\/\/estado29.mx\/index.php?rest_route=\/wp\/v2\/posts\/83342\/revisions"}],"predecessor-version":[{"id":83344,"href":"https:\/\/estado29.mx\/index.php?rest_route=\/wp\/v2\/posts\/83342\/revisions\/83344"}],"wp:featuredmedia":[{"embeddable":true,"href":"https:\/\/estado29.mx\/index.php?rest_route=\/wp\/v2\/media\/83343"}],"wp:attachment":[{"href":"https:\/\/estado29.mx\/index.php?rest_route=%2Fwp%2Fv2%2Fmedia&parent=83342"}],"wp:term":[{"taxonomy":"category","embeddable":true,"href":"https:\/\/estado29.mx\/index.php?rest_route=%2Fwp%2Fv2%2Fcategories&post=83342"},{"taxonomy":"post_tag","embeddable":true,"href":"https:\/\/estado29.mx\/index.php?rest_route=%2Fwp%2Fv2%2Ftags&post=83342"}],"curies":[{"name":"wp","href":"https:\/\/api.w.org\/{rel}","templated":true}]}}