{"id":83375,"date":"2022-11-23T13:48:35","date_gmt":"2022-11-23T13:48:35","guid":{"rendered":"https:\/\/estado29.mx\/?p=83375"},"modified":"2022-11-23T13:48:36","modified_gmt":"2022-11-23T13:48:36","slug":"busca-consafran-reforzar-la-proteccion-del-conjunto-conventual-franciscano-y-catedralicio","status":"publish","type":"post","link":"https:\/\/estado29.mx\/?p=83375","title":{"rendered":"Busca consafran reforzar la protecci\u00f3n del conjunto conventual franciscano y catedralicio"},"content":{"rendered":"\n<p>*Solicitaron acciones concretas de seguridad y educaci\u00f3n cultural<\/p>\n\n\n\n<p>El Consejo Interinstitucional para la Salvaguarda, Protecci\u00f3n y Conservaci\u00f3n del Conjunto Conventual Franciscano y Catedralicio de Nuestra Se\u00f1ora de la Asunci\u00f3n (Consafran), celebr\u00f3 su segunda sesi\u00f3n ordinaria en busca de reforzar el resguardo del patrimonio, para lo cual solicitaron la intervenci\u00f3n directa del gobierno estatal encabezado por Lorena Cu\u00e9llar Cisneros.<\/p>\n\n\n\n<p>Durante la mesa de trabajo, el secretario de Gobierno, Sergio Gonz\u00e1lez Hern\u00e1ndez, en representaci\u00f3n de la mandataria estatal, celebr\u00f3 la participaci\u00f3n e involucramiento de los integrantes del Consejo para cumplir con el compromiso que demanda la declaratoria mundial.<\/p>\n\n\n\n<p>En la Sala Mayor del Antiguo Hospital de la Encarnaci\u00f3n, refiri\u00f3 que el trabajo para la salvaguarda del patrimonio cultural debe ser integral para tener resultados reales.<\/p>\n\n\n\n<p>\u201cDebemos entender que este patrimonio no es solamente nuestro sino del mundo, en nuestras manos han puesto un patrimonio construido hace siglos. La satisfacci\u00f3n es ver c\u00f3mo este consejo, en su segunda edici\u00f3n, ha tomado decisiones importantes, pero creo que la gente de Tlaxcala est\u00e1 muy comprometida con su patrimonio\u201d, puntualiz\u00f3.<\/p>\n\n\n\n<p>Durante su intervenci\u00f3n, el titular de la Secretar\u00eda de Cultura local, Antonio Mart\u00ednez Vel\u00e1zquez propuso a los integrantes del Consafran el punto de acuerdo para hacer un llamando a la gobernadora y al alcalde de Tlaxcala, Jorge Corichi Fragoso, para reforzar e impulsar la protecci\u00f3n y salvaguarda del patrimonio cultural del Conjunto Conventual Franciscano y la Zona de Monumentos Hist\u00f3ricos de la ciudad de capital.&nbsp;<\/p>\n\n\n\n<p>\u201cPara que hagan todo lo que est\u00e9 en sus manos, para tener los marcos normativos vigentes, as\u00ed como implementar estrategias de seguridad p\u00fablica y de protecci\u00f3n civil para salvaguarda del patrimonio cultural; ese es el llamado que hacemos como consejo interinstitucional\u201d, precis\u00f3.<\/p>\n\n\n\n<p>Entre los temas considerados en el orden de la segunda sesi\u00f3n ordinaria, se encuentra la incorporaci\u00f3n al Consafran de los titulares de la Comisi\u00f3n Ejecutiva del Sistema Estatal de Seguridad P\u00fablica (Cesesp), Maximino Hern\u00e1ndez Pulido; de la Secretar\u00eda de Movilidad y Transporte (SMT), Juan Tapia Pelcastre y de la Secretar\u00eda de Ordenamiento Territorial y Vivienda (SOTyV), Leonardo Uriarte Parra.<\/p>\n\n\n\n<p>Adem\u00e1s, acordaron reforzar las \u201cAcciones por el Patrimonio Cultural de la Ciudad de Tlaxcala\u201d, a cargo del presidente municipal de Tlaxcala, Jorge Corichi Fragoso, quien asegur\u00f3 desarrollar mecanismos de proyecci\u00f3n y limpieza continua del conjunto conventual y la zona de monumentos.<\/p>\n\n\n\n<p>En cuanto a la \u201cProtecci\u00f3n Legal del Patrimonio Cultural en Tlaxcala\u201d, el director del Centro Instituto Nacional de Antropolog\u00eda e Historia (INAH) Tlaxcala, Jos\u00e9 Vicente de la Rosa Herrera expres\u00f3 que la protecci\u00f3n t\u00e9cnica y legal del patrimonio conlleva a la implementaci\u00f3n de acciones concretas y garantes sobre la protecci\u00f3n.&nbsp;<\/p>\n\n\n\n<p>\u201cLa importancia de mantener la zona de monumentos radica en el valor intr\u00ednseco de los elementos arquitect\u00f3nicos que permiten la lectura integral de esta zona no solo por la declaratoria patrimonial, sino porque es parte de nuestra historia de la ciudad de Tlaxcala, que cuenta con 124 monumentos hist\u00f3ricos ubicados en el centro de la capital. Pedimos a ustedes ser solidarios con la difusi\u00f3n del valor que tiene el patrimonio hist\u00f3rico de esta importante entidad\u201d, enfatiz\u00f3 el funcionario federal.&nbsp;<\/p>\n\n\n\n<p>Asimismo, en los avances de la elaboraci\u00f3n del libro de texto gratuito \u201cProtecci\u00f3n del Patrimonio Cultural de Tlaxcala\u201d, aprobado como parte del Convenio Marco firmado para tal fin con la Oficina de la Representaci\u00f3n de la Unesco en M\u00e9xico, el titular de la Secretar\u00eda de Educaci\u00f3n P\u00fablica del Estado (SEPE), Homero Meneses Hern\u00e1ndez refiri\u00f3 que el objetivo es incorporar en los procesos de aprendizaje la protecci\u00f3n y fomento del patrimonio cultural material, inmaterial, natural y mixto del estado de Tlaxcala para el ciclo escolar 2023-2024.<\/p>\n\n\n\n<p>\u201cQue sean las infancias quienes vayan construyendo su identidad a partir de los elementos culturales materiales e inmateriales y es muy importante que este libro de texto como herramienta, como eje fundamental se pueda concurrir distintas aportaciones de expertos, desde una perspectiva pedag\u00f3gica y accesible para las y los ni\u00f1os de cuarto grado de primario de instituciones p\u00fablicas y privadas\u201d, finaliz\u00f3.<\/p>\n","protected":false},"excerpt":{"rendered":"<p>*Solicitaron acciones concretas de seguridad y educaci\u00f3n cultural El Consejo Interinstitucional para la Salvaguarda, Protecci\u00f3n y Conservaci\u00f3n del Conjunto Conventual Franciscano y Catedralicio de Nuestra Se\u00f1ora de la Asunci\u00f3n (Consafran), celebr\u00f3 su segunda sesi\u00f3n ordinaria en busca de reforzar el resguardo del patrimonio, para lo cual solicitaron la intervenci\u00f3n directa del gobierno estatal encabezado por [&hellip;]<\/p>\n","protected":false},"author":4,"featured_media":83376,"comment_status":"open","ping_status":"open","sticky":false,"template":"","format":"standard","meta":{"om_disable_all_campaigns":false,"_monsterinsights_skip_tracking":false,"_monsterinsights_sitenote_active":false,"_monsterinsights_sitenote_note":"","_monsterinsights_sitenote_category":0,"jnews-multi-image_gallery":[],"jnews_single_post":{"subtitle":"","format":"standard","video":"","gallery":"","source_name":"","source_url":"","via_name":"","via_url":"","override_template":"0","override":[{"template":"1","single_blog_custom":"","parallax":"1","fullscreen":"1","layout":"right-sidebar","sidebar":"default-sidebar","second_sidebar":"default-sidebar","sticky_sidebar":"1","share_position":"top","share_float_style":"share-monocrhome","show_share_counter":"1","show_view_counter":"1","show_featured":"1","show_post_meta":"1","show_post_author":"1","show_post_author_image":"1","show_post_date":"1","post_date_format":"default","post_date_format_custom":"Y\/m\/d","show_post_category":"1","show_post_reading_time":"0","post_reading_time_wpm":"300","show_zoom_button":"0","zoom_button_out_step":"2","zoom_button_in_step":"3","show_post_tag":"1","show_prev_next_post":"1","show_popup_post":"1","number_popup_post":"1","show_author_box":"1","show_post_related":"0","show_inline_post_related":"0"}],"override_image_size":"0","image_override":[{"single_post_thumbnail_size":"crop-500","single_post_gallery_size":"crop-500"}],"trending_post":"0","trending_post_position":"meta","trending_post_label":"Trending","sponsored_post":"0","sponsored_post_label":"Sponsored by","sponsored_post_name":"","sponsored_post_url":"","sponsored_post_logo_enable":"0","sponsored_post_logo":"","sponsored_post_desc":"","disable_ad":"0"},"jnews_primary_category":{"id":""},"footnotes":""},"categories":[43,52],"tags":[150,96],"class_list":["post-83375","post","type-post","status-publish","format-standard","has-post-thumbnail","hentry","category-estado","category-gobierno-de-tlaxcala","tag-gobierno-del-estado","tag-tlaxcala"],"aioseo_notices":[],"_links":{"self":[{"href":"https:\/\/estado29.mx\/index.php?rest_route=\/wp\/v2\/posts\/83375","targetHints":{"allow":["GET"]}}],"collection":[{"href":"https:\/\/estado29.mx\/index.php?rest_route=\/wp\/v2\/posts"}],"about":[{"href":"https:\/\/estado29.mx\/index.php?rest_route=\/wp\/v2\/types\/post"}],"author":[{"embeddable":true,"href":"https:\/\/estado29.mx\/index.php?rest_route=\/wp\/v2\/users\/4"}],"replies":[{"embeddable":true,"href":"https:\/\/estado29.mx\/index.php?rest_route=%2Fwp%2Fv2%2Fcomments&post=83375"}],"version-history":[{"count":1,"href":"https:\/\/estado29.mx\/index.php?rest_route=\/wp\/v2\/posts\/83375\/revisions"}],"predecessor-version":[{"id":83377,"href":"https:\/\/estado29.mx\/index.php?rest_route=\/wp\/v2\/posts\/83375\/revisions\/83377"}],"wp:featuredmedia":[{"embeddable":true,"href":"https:\/\/estado29.mx\/index.php?rest_route=\/wp\/v2\/media\/83376"}],"wp:attachment":[{"href":"https:\/\/estado29.mx\/index.php?rest_route=%2Fwp%2Fv2%2Fmedia&parent=83375"}],"wp:term":[{"taxonomy":"category","embeddable":true,"href":"https:\/\/estado29.mx\/index.php?rest_route=%2Fwp%2Fv2%2Fcategories&post=83375"},{"taxonomy":"post_tag","embeddable":true,"href":"https:\/\/estado29.mx\/index.php?rest_route=%2Fwp%2Fv2%2Ftags&post=83375"}],"curies":[{"name":"wp","href":"https:\/\/api.w.org\/{rel}","templated":true}]}}