{"id":83381,"date":"2022-11-24T13:19:31","date_gmt":"2022-11-24T13:19:31","guid":{"rendered":"https:\/\/estado29.mx\/?p=83381"},"modified":"2022-11-24T13:19:31","modified_gmt":"2022-11-24T13:19:31","slug":"logra-tlaxcala-universalidad-de-pension-para-el-bienestar-de-personas-con-discapacidad","status":"publish","type":"post","link":"https:\/\/estado29.mx\/?p=83381","title":{"rendered":"Logra Tlaxcala universalidad de pensi\u00f3n para el bienestar de personas con discapacidad"},"content":{"rendered":"\n<p>*Con una inversi\u00f3n bipartita de 216.7 mdp, Tlaxcala es la primera entidad federativa en sumarse a esta iniciativa de la Federaci\u00f3n<\/p>\n\n\n\n<p>La gobernadora Lorena Cu\u00e9llar Cisneros y la subsecretaria de Bienestar del Gobierno de M\u00e9xico, Mar\u00eda del Roc\u00edo Garc\u00eda P\u00e9rez, encabezaron la entrega de Tarjetas Pensi\u00f3n Universal para el Bienestar de las Personas con Discapacidad, con una inversi\u00f3n bipartita de 216 millones 727 mil 488 pesos en beneficio de m\u00e1s de mil 500 personas de las casi 12 mil 900 proyectadas.<\/p>\n\n\n\n<p>En el Recinto Ferial de Chiautempan, la titular del Ejecutivo local indic\u00f3 que este programa cumple las ilusiones de muchas personas con discapacidad, \u201cs\u00e9 que este recurso quiz\u00e1 no sea el que venga a solucionarlo todo, pero s\u00ed viene a ser una gran ayuda para todos ustedes. Quiero agradecer esta oportunidad que nos da nuestro presidente, de haber sido el primer estado en sumarse a este apoyo (\u2026) es el mejor recurso invertido en el estado\u201d.<\/p>\n\n\n\n<p>Se\u00f1al\u00f3 que este trabajo permitir\u00e1 llegar a todos los hogares, adem\u00e1s de otras obras que contempla ejecutar para el bienestar de este sector de la poblaci\u00f3n, como la edificaci\u00f3n del Centro de Capacitaci\u00f3n para Personas con Discapacidad, el CRI Telet\u00f3n, la creaci\u00f3n del programa de apoyos funcionales y la atenci\u00f3n de calidad a trav\u00e9s de las Unidades B\u00e1sicas de Rehabilitaci\u00f3n.<\/p>\n\n\n\n<p>\u201cEn esta ocasi\u00f3n no van a recibir 2 mil 800 pesos, por esta ocasi\u00f3n van a recibir lo de seis bimestres que son 16 mil 800 pesos que van a llevarse a su casa para pasar una hermosa navidad con su familia (\u2026) que este recurso venga a apoyar a su econom\u00eda. A partir de los pr\u00f3ximos bimestres ya ser\u00e1 de 2 mil 800 pesos\u201d, expuso Cu\u00e9llar Cisneros.<\/p>\n\n\n\n<p>Mientras, Mar\u00eda del Roc\u00edo Garc\u00eda agradeci\u00f3 a la gobernadora ser parte del grupo de mujeres en el poder que trabaja para consolidar la Cuarta Transformaci\u00f3n que impulsa el presidente de M\u00e9xico, Andr\u00e9s Manuel L\u00f3pez Obrador, \u201cnos llena de alegr\u00eda compartir este momento en el que se entregan para esta regi\u00f3n m\u00e1s de mil 500 tarjetas\u201d.<\/p>\n\n\n\n<p>Puntualiz\u00f3 que, de acuerdo con el Censo de Poblaci\u00f3n y Vivienda 2020, en el pa\u00eds hay 6.1 millones de personas con alg\u00fan tipo de discapacidad, de ah\u00ed que la Federaci\u00f3n vincula esfuerzos con los estados, donde destac\u00f3 que Tlaxcala es la primera entidad en sumarse a este programa social.<\/p>\n\n\n\n<p>A su vez, el delegado de Programas para el Bienestar en Tlaxcala, Carlos Luna V\u00e1zquez destac\u00f3 que la mandataria estatal etiquet\u00f3 108 millones de pesos al Programa de Discapacidad para que en Tlaxcala sea universal, \u201choy se concreta ese sue\u00f1o de nuestra gobernadora de velar por los intereses de la gente que m\u00e1s lo necesita. Debemos estar contentos porque tenemos un presidente que vino a demostrar que se pod\u00edan hacer las cosas con honestidad y combatiendo la corrupci\u00f3n\u201d.<\/p>\n\n\n\n<p>Finalmente, la secretaria de Bienestar Estatal, Mar\u00eda Estela \u00c1lvarez Corona detall\u00f3 que esta es la primera entrega de tarjetas bancarias del programa en Tlaxcala, \u201cla licenciada Lorena Cu\u00e9llar fue una de las primeras en levantar la mano para sumarse a esta propuesta que tiene como objetivo cambiar la vida de las y los tlaxcaltecas con discapacidad, para traer mayor bienestar a los hogares\u201d.<\/p>\n\n\n\n<p>\u201cEl trabajo conjunto del estado y de la Federaci\u00f3n permiti\u00f3 focalizar a personas con discapacidad permanente\u2026 en beneficio de hasta 12 mil 900 personas de los 60 de municipios de la entidad, quienes recibir\u00e1n 2 mil 800 pesos bimestrales, lo que representa un apoyo significativo para ellos y para sus cuidadores, a fin de que puedan contar con m\u00e1s recursos para hacer frente a la vida\u201d, puntualiz\u00f3.<\/p>\n\n\n\n<p>Durante el acto protocolario, autoridades federales y estatales realizaron la entrega simb\u00f3lica de tarjetas a derechohabientes, a fin de hacer justicia social a quienes m\u00e1s lo necesitan.<\/p>\n\n\n\n<p>Estuvieron presentes la presidenta honor\u00edfica del Comit\u00e9 Consultivo de Bienestar y Desarrollo Social, Mar\u00eda Fernanda Espinosa de los Monteros Cu\u00e9llar; la diputada local, Guillermina Loaiza Cortero; el secretario de Salud, Rigoberto Zamudio Meneses y el presidente municipal de Chiautempan, Gustavo Jim\u00e9nez Romero, entre otros invitados.<\/p>\n","protected":false},"excerpt":{"rendered":"<p>*Con una inversi\u00f3n bipartita de 216.7 mdp, Tlaxcala es la primera entidad federativa en sumarse a esta iniciativa de la Federaci\u00f3n La gobernadora Lorena Cu\u00e9llar Cisneros y la subsecretaria de Bienestar del Gobierno de M\u00e9xico, Mar\u00eda del Roc\u00edo Garc\u00eda P\u00e9rez, encabezaron la entrega de Tarjetas Pensi\u00f3n Universal para el Bienestar de las Personas con Discapacidad, [&hellip;]<\/p>\n","protected":false},"author":4,"featured_media":83382,"comment_status":"open","ping_status":"open","sticky":false,"template":"","format":"standard","meta":{"om_disable_all_campaigns":false,"_monsterinsights_skip_tracking":false,"_monsterinsights_sitenote_active":false,"_monsterinsights_sitenote_note":"","_monsterinsights_sitenote_category":0,"jnews-multi-image_gallery":[],"jnews_single_post":{"subtitle":"","format":"standard","video":"","gallery":"","source_name":"","source_url":"","via_name":"","via_url":"","override_template":"0","override":[{"template":"1","single_blog_custom":"","parallax":"1","fullscreen":"1","layout":"right-sidebar","sidebar":"default-sidebar","second_sidebar":"default-sidebar","sticky_sidebar":"1","share_position":"top","share_float_style":"share-monocrhome","show_share_counter":"1","show_view_counter":"1","show_featured":"1","show_post_meta":"1","show_post_author":"1","show_post_author_image":"1","show_post_date":"1","post_date_format":"default","post_date_format_custom":"Y\/m\/d","show_post_category":"1","show_post_reading_time":"0","post_reading_time_wpm":"300","show_zoom_button":"0","zoom_button_out_step":"2","zoom_button_in_step":"3","show_post_tag":"1","show_prev_next_post":"1","show_popup_post":"1","number_popup_post":"1","show_author_box":"1","show_post_related":"0","show_inline_post_related":"0"}],"override_image_size":"0","image_override":[{"single_post_thumbnail_size":"crop-500","single_post_gallery_size":"crop-500"}],"trending_post":"0","trending_post_position":"meta","trending_post_label":"Trending","sponsored_post":"0","sponsored_post_label":"Sponsored by","sponsored_post_name":"","sponsored_post_url":"","sponsored_post_logo_enable":"0","sponsored_post_logo":"","sponsored_post_desc":"","disable_ad":"0"},"jnews_primary_category":{"id":""},"footnotes":""},"categories":[43],"tags":[150,110,96],"class_list":["post-83381","post","type-post","status-publish","format-standard","has-post-thumbnail","hentry","category-estado","tag-gobierno-del-estado","tag-municipios","tag-tlaxcala"],"aioseo_notices":[],"_links":{"self":[{"href":"https:\/\/estado29.mx\/index.php?rest_route=\/wp\/v2\/posts\/83381","targetHints":{"allow":["GET"]}}],"collection":[{"href":"https:\/\/estado29.mx\/index.php?rest_route=\/wp\/v2\/posts"}],"about":[{"href":"https:\/\/estado29.mx\/index.php?rest_route=\/wp\/v2\/types\/post"}],"author":[{"embeddable":true,"href":"https:\/\/estado29.mx\/index.php?rest_route=\/wp\/v2\/users\/4"}],"replies":[{"embeddable":true,"href":"https:\/\/estado29.mx\/index.php?rest_route=%2Fwp%2Fv2%2Fcomments&post=83381"}],"version-history":[{"count":1,"href":"https:\/\/estado29.mx\/index.php?rest_route=\/wp\/v2\/posts\/83381\/revisions"}],"predecessor-version":[{"id":83383,"href":"https:\/\/estado29.mx\/index.php?rest_route=\/wp\/v2\/posts\/83381\/revisions\/83383"}],"wp:featuredmedia":[{"embeddable":true,"href":"https:\/\/estado29.mx\/index.php?rest_route=\/wp\/v2\/media\/83382"}],"wp:attachment":[{"href":"https:\/\/estado29.mx\/index.php?rest_route=%2Fwp%2Fv2%2Fmedia&parent=83381"}],"wp:term":[{"taxonomy":"category","embeddable":true,"href":"https:\/\/estado29.mx\/index.php?rest_route=%2Fwp%2Fv2%2Fcategories&post=83381"},{"taxonomy":"post_tag","embeddable":true,"href":"https:\/\/estado29.mx\/index.php?rest_route=%2Fwp%2Fv2%2Ftags&post=83381"}],"curies":[{"name":"wp","href":"https:\/\/api.w.org\/{rel}","templated":true}]}}