{"id":83384,"date":"2022-11-24T13:21:38","date_gmt":"2022-11-24T13:21:38","guid":{"rendered":"https:\/\/estado29.mx\/?p=83384"},"modified":"2022-11-24T13:21:39","modified_gmt":"2022-11-24T13:21:39","slug":"avanza-integracion-del-libro-de-texto-gratuito-de-cuarto-grado-de-educacion-primaria","status":"publish","type":"post","link":"https:\/\/estado29.mx\/?p=83384","title":{"rendered":"Avanza integraci\u00f3n del libro de texto gratuito de cuarto grado de educaci\u00f3n primaria"},"content":{"rendered":"\n<p>*Se analizaron las estrategias para incorporar la protecci\u00f3n y fomento del patrimonio cultural en los aprendizajes de las ni\u00f1as y los ni\u00f1os<\/p>\n\n\n\n<p>En sesi\u00f3n ordinaria del Consejo Interinstitucional para la Salvaguarda, Protecci\u00f3n y Conservaci\u00f3n del Conjunto Conventual Franciscano y Catedralicio de Nuestra Se\u00f1ora de la Asunci\u00f3n (Consafran), las secretar\u00edas de Educaci\u00f3n P\u00fablica del Estado (SEPE) y de Cultura (SC), la Unidad de Servicios Educativos de Tlaxcala (USET), el Instituto Nacional de Antropolog\u00eda e Historia (INAH), la Universidad Aut\u00f3noma de Tlaxcala (UATx), el Museo Regional de Tlaxcala y el Programa para el Desarrollo Profesional Docente (Prodep), conocieron los avances y organizaci\u00f3n de la formaci\u00f3n de innovadores para el dise\u00f1o y elaboraci\u00f3n del libro de texto gratuito de cuarto grado de primaria para escuelas p\u00fablicas y particulares.<\/p>\n\n\n\n<p>El secretario de Educaci\u00f3n, Homero Meneses Hern\u00e1ndez afirm\u00f3 que con estas acciones ser\u00e1n beneficiados 26 mil 932 alumnas y alumnos de educaci\u00f3n primaria de SEPE, USET y primaria ind\u00edgena.<\/p>\n\n\n\n<p>\u201cLo que pretendemos es que para el inicio del ciclo escolar 2023-2024 las ni\u00f1as y ni\u00f1os tlaxcaltecas de educaci\u00f3n primaria de cuarto grado tengan en sus manos por primera vez en la historia un libro que promueva sus aprendizajes comunitarios y culturales\u201d, resalt\u00f3.<\/p>\n\n\n\n<p>Reunidos en la Sala Mayor del Antiguo Hospital de la Encarnaci\u00f3n del Conjunto Conventual Franciscano, las autoridades analizaron estrategias para incorporar en los aprendizajes de las ni\u00f1as y los ni\u00f1os la protecci\u00f3n y fomento del Patrimonio Cultural (material, inmaterial, natural y mixto) de Tlaxcala.<\/p>\n\n\n\n<p>En el marco del Convenio Tlaxcala-Unesco, los integrantes del Consejo coincidieron que esta acci\u00f3n contribuir\u00e1 al enfoque intercultural que cruza todo el mapa curricular y sus procesos formativos, pues el libro de texto aportar\u00e1 curr\u00edculo como construcci\u00f3n social hist\u00f3rica.<\/p>\n\n\n\n<p>El gobierno del estado busca generar el aprendizaje sobre la protecci\u00f3n del patrimonio cultural de Tlaxcala a partir del pr\u00f3ximo ciclo escolar, para fortalecer el sentido de pertenencia a la comunidad y desarrollar capacidades orientadas al cuidado y preservaci\u00f3n del patrimonio cultural dentro de los campos formativos del plan y programas de estudio 2022.<\/p>\n\n\n\n<p>La ruta de trabajo con la Direcci\u00f3n General de Materiales Educativos y la Comisi\u00f3n Nacional de Libros de Texto Gratuito contempla el plan de obra y el editorial, la dosificaci\u00f3n de contenidos que consiste en c\u00f3mo se abordar\u00e1 en el marco te\u00f3rico basado en los saberes pedag\u00f3gicos, culturales, de valores transversales y la estructura curricular, en el marco de la Nueva Escuela Mexicana (NEM).<\/p>\n\n\n\n<p>Finalmente, del 28 de noviembre al 2 de diciembre se llevar\u00e1 a cabo la semana de formaci\u00f3n por parte de la Direcci\u00f3n General de Materiales Educativos, en la que analizar\u00e1 la Estrategia de Formaci\u00f3n a los Innovadores, luego se realizar\u00e1 la evaluaci\u00f3n de los materiales y enseguida se har\u00e1 el dise\u00f1o editorial para finalmente realizar la producci\u00f3n y distribuci\u00f3n del libro a la comunidad escolar.<\/p>\n","protected":false},"excerpt":{"rendered":"<p>*Se analizaron las estrategias para incorporar la protecci\u00f3n y fomento del patrimonio cultural en los aprendizajes de las ni\u00f1as y los ni\u00f1os En sesi\u00f3n ordinaria del Consejo Interinstitucional para la Salvaguarda, Protecci\u00f3n y Conservaci\u00f3n del Conjunto Conventual Franciscano y Catedralicio de Nuestra Se\u00f1ora de la Asunci\u00f3n (Consafran), las secretar\u00edas de Educaci\u00f3n P\u00fablica del Estado (SEPE) [&hellip;]<\/p>\n","protected":false},"author":4,"featured_media":83385,"comment_status":"open","ping_status":"open","sticky":false,"template":"","format":"standard","meta":{"om_disable_all_campaigns":false,"_monsterinsights_skip_tracking":false,"_monsterinsights_sitenote_active":false,"_monsterinsights_sitenote_note":"","_monsterinsights_sitenote_category":0,"jnews-multi-image_gallery":[],"jnews_single_post":{"subtitle":"","format":"standard","video":"","gallery":"","source_name":"","source_url":"","via_name":"","via_url":"","override_template":"0","override":[{"template":"1","single_blog_custom":"","parallax":"1","fullscreen":"1","layout":"right-sidebar","sidebar":"default-sidebar","second_sidebar":"default-sidebar","sticky_sidebar":"1","share_position":"top","share_float_style":"share-monocrhome","show_share_counter":"1","show_view_counter":"1","show_featured":"1","show_post_meta":"1","show_post_author":"1","show_post_author_image":"1","show_post_date":"1","post_date_format":"default","post_date_format_custom":"Y\/m\/d","show_post_category":"1","show_post_reading_time":"0","post_reading_time_wpm":"300","show_zoom_button":"0","zoom_button_out_step":"2","zoom_button_in_step":"3","show_post_tag":"1","show_prev_next_post":"1","show_popup_post":"1","number_popup_post":"1","show_author_box":"1","show_post_related":"0","show_inline_post_related":"0"}],"override_image_size":"0","image_override":[{"single_post_thumbnail_size":"crop-500","single_post_gallery_size":"crop-500"}],"trending_post":"0","trending_post_position":"meta","trending_post_label":"Trending","sponsored_post":"0","sponsored_post_label":"Sponsored by","sponsored_post_name":"","sponsored_post_url":"","sponsored_post_logo_enable":"0","sponsored_post_logo":"","sponsored_post_desc":"","disable_ad":"0"},"jnews_primary_category":{"id":""},"footnotes":""},"categories":[43,52],"tags":[150,110,96],"class_list":["post-83384","post","type-post","status-publish","format-standard","has-post-thumbnail","hentry","category-estado","category-gobierno-de-tlaxcala","tag-gobierno-del-estado","tag-municipios","tag-tlaxcala"],"aioseo_notices":[],"_links":{"self":[{"href":"https:\/\/estado29.mx\/index.php?rest_route=\/wp\/v2\/posts\/83384","targetHints":{"allow":["GET"]}}],"collection":[{"href":"https:\/\/estado29.mx\/index.php?rest_route=\/wp\/v2\/posts"}],"about":[{"href":"https:\/\/estado29.mx\/index.php?rest_route=\/wp\/v2\/types\/post"}],"author":[{"embeddable":true,"href":"https:\/\/estado29.mx\/index.php?rest_route=\/wp\/v2\/users\/4"}],"replies":[{"embeddable":true,"href":"https:\/\/estado29.mx\/index.php?rest_route=%2Fwp%2Fv2%2Fcomments&post=83384"}],"version-history":[{"count":1,"href":"https:\/\/estado29.mx\/index.php?rest_route=\/wp\/v2\/posts\/83384\/revisions"}],"predecessor-version":[{"id":83386,"href":"https:\/\/estado29.mx\/index.php?rest_route=\/wp\/v2\/posts\/83384\/revisions\/83386"}],"wp:featuredmedia":[{"embeddable":true,"href":"https:\/\/estado29.mx\/index.php?rest_route=\/wp\/v2\/media\/83385"}],"wp:attachment":[{"href":"https:\/\/estado29.mx\/index.php?rest_route=%2Fwp%2Fv2%2Fmedia&parent=83384"}],"wp:term":[{"taxonomy":"category","embeddable":true,"href":"https:\/\/estado29.mx\/index.php?rest_route=%2Fwp%2Fv2%2Fcategories&post=83384"},{"taxonomy":"post_tag","embeddable":true,"href":"https:\/\/estado29.mx\/index.php?rest_route=%2Fwp%2Fv2%2Ftags&post=83384"}],"curies":[{"name":"wp","href":"https:\/\/api.w.org\/{rel}","templated":true}]}}