{"id":83419,"date":"2022-11-25T13:24:20","date_gmt":"2022-11-25T13:24:20","guid":{"rendered":"https:\/\/estado29.mx\/?p=83419"},"modified":"2022-11-25T13:24:20","modified_gmt":"2022-11-25T13:24:20","slug":"presenta-ssc-programa-de-capacitacion-a-empresas-publicas-y-privadas","status":"publish","type":"post","link":"https:\/\/estado29.mx\/?p=83419","title":{"rendered":"Presenta SSC programa de capacitaci\u00f3n a empresas p\u00fablicas y privadas"},"content":{"rendered":"\n<p>\u2022Impartir\u00e1n talleres en materia de prevenci\u00f3n del delito, violencia, delitos cibern\u00e9ticos y medidas de seguridad a personal de las empresas.<\/p>\n\n\n\n<p>En coordinaci\u00f3n con el Fideicomiso de Ciudad Industrial de Xicoht\u00e9ncatl (Fidecix), la Secretar\u00eda de Seguridad Ciudadana (SSC), realizar\u00e1 capacitaciones para la prevenci\u00f3n de delitos a personal civil y de seguridad de las empresas p\u00fablicas y privadas que hay en los corredores industriales.<\/p>\n\n\n\n<p>Lo anterior, derivado de la 6ta. Reuni\u00f3n de Seguridad F\u00edsica y Patrimonial que encabeza el Fidecix, donde se acord\u00f3 que, a trav\u00e9s del Departamento de Prevenci\u00f3n del Delito de la SSC, se impartir\u00e1n talleres y pl\u00e1ticas encaminadas a reducir y contener la incidencia delictiva en los diversos estratos sociales, los cuales establecer\u00e1n mecanismos de seguimiento enfocados a la cohesi\u00f3n social.<\/p>\n\n\n\n<p>En ese sentido, se impartir\u00e1n a trabajadores y colaboradores que prestan sus servicios en los corredores industriales de Apizaco, Xaloztoc y Huamantla, sesiones psicoeducativas, como \u201cMedidas de seguridad y reacci\u00f3n ante sucesos\u201d, \u201cDelitos Cibern\u00e9ticos\u201d, \u201cTlaxcala Libre de Adicciones\u201d y \u201cPrevenci\u00f3n de la Violencia\u201d; todos ellos con objetivos que permitir\u00e1n la concientizaci\u00f3n para prevenir que sean v\u00edctimas de delitos, y a su vez, sean replicadores de la informaci\u00f3n a la sociedad en general.<\/p>\n\n\n\n<p>La SSC continuar\u00e1 fortaleciendo la cultura de prevenci\u00f3n del delito con la sociedad en general, diversas instituciones gubernamentales y empresas del sector p\u00fablico y privado, para garantizar la seguridad y paz de la ciudadan\u00eda tlaxcalteca.<\/p>\n","protected":false},"excerpt":{"rendered":"<p>\u2022Impartir\u00e1n talleres en materia de prevenci\u00f3n del delito, violencia, delitos cibern\u00e9ticos y medidas de seguridad a personal de las empresas. En coordinaci\u00f3n con el Fideicomiso de Ciudad Industrial de Xicoht\u00e9ncatl (Fidecix), la Secretar\u00eda de Seguridad Ciudadana (SSC), realizar\u00e1 capacitaciones para la prevenci\u00f3n de delitos a personal civil y de seguridad de las empresas p\u00fablicas y [&hellip;]<\/p>\n","protected":false},"author":4,"featured_media":83420,"comment_status":"open","ping_status":"open","sticky":false,"template":"","format":"standard","meta":{"om_disable_all_campaigns":false,"_monsterinsights_skip_tracking":false,"_monsterinsights_sitenote_active":false,"_monsterinsights_sitenote_note":"","_monsterinsights_sitenote_category":0,"jnews-multi-image_gallery":[],"jnews_single_post":{"subtitle":"","format":"standard","video":"","gallery":"","source_name":"","source_url":"","via_name":"","via_url":"","override_template":"0","override":[{"template":"1","single_blog_custom":"","parallax":"1","fullscreen":"1","layout":"right-sidebar","sidebar":"default-sidebar","second_sidebar":"default-sidebar","sticky_sidebar":"1","share_position":"top","share_float_style":"share-monocrhome","show_share_counter":"1","show_view_counter":"1","show_featured":"1","show_post_meta":"1","show_post_author":"1","show_post_author_image":"1","show_post_date":"1","post_date_format":"default","post_date_format_custom":"Y\/m\/d","show_post_category":"1","show_post_reading_time":"0","post_reading_time_wpm":"300","show_zoom_button":"0","zoom_button_out_step":"2","zoom_button_in_step":"3","show_post_tag":"1","show_prev_next_post":"1","show_popup_post":"1","number_popup_post":"1","show_author_box":"1","show_post_related":"0","show_inline_post_related":"0"}],"override_image_size":"0","image_override":[{"single_post_thumbnail_size":"crop-500","single_post_gallery_size":"crop-500"}],"trending_post":"0","trending_post_position":"meta","trending_post_label":"Trending","sponsored_post":"0","sponsored_post_label":"Sponsored by","sponsored_post_name":"","sponsored_post_url":"","sponsored_post_logo_enable":"0","sponsored_post_logo":"","sponsored_post_desc":"","disable_ad":"0"},"jnews_primary_category":{"id":""},"footnotes":""},"categories":[43,52],"tags":[256,150,110,119,118,96],"class_list":["post-83419","post","type-post","status-publish","format-standard","has-post-thumbnail","hentry","category-estado","category-gobierno-de-tlaxcala","tag-fidecix","tag-gobierno-del-estado","tag-municipios","tag-seguridad","tag-ssc","tag-tlaxcala"],"aioseo_notices":[],"_links":{"self":[{"href":"https:\/\/estado29.mx\/index.php?rest_route=\/wp\/v2\/posts\/83419","targetHints":{"allow":["GET"]}}],"collection":[{"href":"https:\/\/estado29.mx\/index.php?rest_route=\/wp\/v2\/posts"}],"about":[{"href":"https:\/\/estado29.mx\/index.php?rest_route=\/wp\/v2\/types\/post"}],"author":[{"embeddable":true,"href":"https:\/\/estado29.mx\/index.php?rest_route=\/wp\/v2\/users\/4"}],"replies":[{"embeddable":true,"href":"https:\/\/estado29.mx\/index.php?rest_route=%2Fwp%2Fv2%2Fcomments&post=83419"}],"version-history":[{"count":1,"href":"https:\/\/estado29.mx\/index.php?rest_route=\/wp\/v2\/posts\/83419\/revisions"}],"predecessor-version":[{"id":83421,"href":"https:\/\/estado29.mx\/index.php?rest_route=\/wp\/v2\/posts\/83419\/revisions\/83421"}],"wp:featuredmedia":[{"embeddable":true,"href":"https:\/\/estado29.mx\/index.php?rest_route=\/wp\/v2\/media\/83420"}],"wp:attachment":[{"href":"https:\/\/estado29.mx\/index.php?rest_route=%2Fwp%2Fv2%2Fmedia&parent=83419"}],"wp:term":[{"taxonomy":"category","embeddable":true,"href":"https:\/\/estado29.mx\/index.php?rest_route=%2Fwp%2Fv2%2Fcategories&post=83419"},{"taxonomy":"post_tag","embeddable":true,"href":"https:\/\/estado29.mx\/index.php?rest_route=%2Fwp%2Fv2%2Ftags&post=83419"}],"curies":[{"name":"wp","href":"https:\/\/api.w.org\/{rel}","templated":true}]}}