{"id":83428,"date":"2022-11-25T13:32:57","date_gmt":"2022-11-25T13:32:57","guid":{"rendered":"https:\/\/estado29.mx\/?p=83428"},"modified":"2022-11-25T13:32:58","modified_gmt":"2022-11-25T13:32:58","slug":"pone-en-marcha-gobernadora-lorena-cuellar-construccion-de-la-unidad-de-hemodinamia","status":"publish","type":"post","link":"https:\/\/estado29.mx\/?p=83428","title":{"rendered":"Pone en marcha gobernadora Lorena Cu\u00e9llar construcci\u00f3n de la unidad de hemodinamia"},"content":{"rendered":"\n<p>*Se destin\u00f3 un monto de 31.7 mdp en la primera etapa de esta cl\u00ednica que ayudar\u00e1 en el tratamiento oportuno de enfermedades cardiovasculares<\/p>\n\n\n\n<p>La gobernadora Lorena Cu\u00e9llar Cisneros coloc\u00f3 la primera piedra para la construcci\u00f3n de la Unidad de Especialidad M\u00e9dica en Hemodinamia, ubicada en la comunidad de San Mat\u00edas Tepetomatitl\u00e1n del municipio de Apetatitl\u00e1n, con una inversi\u00f3n de 31 millones 704 mil 927 pesos en la primera etapa que comprende la edificaci\u00f3n en 601.72 metros cuadrados.<\/p>\n\n\n\n<p>Durante el acto protocolario, la titular del Ejecutivo local refiri\u00f3 que la prioridad de su gobierno es brindarle salud a la poblaci\u00f3n, de ah\u00ed la importancia de construir hospitales y rehabilitar cl\u00ednicas a fin de que est\u00e9n en \u00f3ptimas condiciones, \u201ces un trabajo de titanes poner a la vanguardia todas las cl\u00ednicas, para el pr\u00f3ximo a\u00f1o seguiremos creciendo en el tema de salud\u201d.<\/p>\n\n\n\n<p>Indic\u00f3 que esta es una obra fundamental para responder a la demanda de atenci\u00f3n m\u00e9dica de alta especialidad, pues las enfermedades del coraz\u00f3n son la segunda causa de muerte de las y los tlaxcaltecas, adem\u00e1s de que el n\u00famero de intervenciones es limitado. \u201cDe 2007 a la fecha solo se han practicado 864 intervenciones quir\u00fargicas y cateterismos en el estado, y hay mucha gente que requiere el apoyo, a esto debemos a\u00f1adir que el costo de un tratamiento de este tipo en un hospital privado oscila entre 200 y 300 mil pesos\u201d.<\/p>\n\n\n\n<p>Por lo que gracias a esta Unidad M\u00e9dica, quienes lo requieran podr\u00e1n recibir atenci\u00f3n inmediata, \u201cqueremos que Tlaxcala cuente con todo el equipamiento para hacer frente a este reto que tenemos en salud, vamos a invertir cerca de 32 millones de pesos en esta primera etapa, porque la idea es tener el helipuerto aqu\u00ed para el helic\u00f3ptero que convertimos en ambulancia (\u2026) queremos que aqu\u00ed se quede toda la Ciudad de la Salud\u201d.<\/p>\n\n\n\n<p>En tanto, el titular de la Secretar\u00eda de Infraestructura (SI), Alfonso S\u00e1nchez Garc\u00eda se\u00f1al\u00f3 que esta acci\u00f3n representa una decisi\u00f3n responsable y emp\u00e1tica de la administraci\u00f3n estatal, \u201cla salud es un derecho humano que el Estado debe garantizar, por ello, con una inversi\u00f3n de 31 millones 704 mil 927 pesos, en 601.72 metros cuadrados, construiremos esta Unidad M\u00e9dica que beneficiar\u00e1 a un mill\u00f3n 342 mil 977 tlaxcaltecas\u201d.<\/p>\n\n\n\n<p>Puntualiz\u00f3 que este espacio ayudar\u00e1 para el tratamiento oportuno de las enfermedades cardiovasculares que han tenido un aumento en los \u00faltimos a\u00f1os, por lo que de manera coordinada trabaja con las dependencias para promover el bienestar social y colocar a la entidad a la vanguardia en materia de infraestructura de salud.<\/p>\n\n\n\n<p>Mientras, el secretario de Salud, Rigoberto Zamudio Meneses abund\u00f3 que \u201cesto abatir\u00e1 el tiempo de respuesta ante el infarto agudo al miocardio, el rescate del pie diab\u00e9tico y de los accidentes cerebrovasculares. Va a ser la primera Unidad de Hemodinamia con un equipo de \u00faltima generaci\u00f3n biplanar (\u2026) la intenci\u00f3n no solo es brindar atenci\u00f3n a toda la poblaci\u00f3n tlaxcalteca que est\u00e1 en riesgo, sino a estados vecinos como Hidalgo, Veracruz, Puebla y Estado de M\u00e9xico\u201d.<\/p>\n\n\n\n<p>Finalmente, el presidente municipal de Apetatitl\u00e1n, \u00c1ngelo Guti\u00e9rrez Hern\u00e1ndez reconoci\u00f3 el arduo trabajo de la gobernadora al frente del estado y reiter\u00f3 que ser\u00e1 un aliado de este gobierno para seguir construyendo una nueva historia para todas y todos los habitantes.<\/p>\n\n\n\n<p>Este proyecto da cumplimiento a un compromiso m\u00e1s de campa\u00f1a, el cual contar\u00e1 con salas de procedimientos, de choque, de observaci\u00f3n y de espera con sanitarios, adem\u00e1s de consultorios de valoraci\u00f3n, acceso de ambulancias, casa de m\u00e1quinas, plantas de tratamiento y de emergencia, y una subestaci\u00f3n.<\/p>\n\n\n\n<p>Al evento acudieron servidores p\u00fablicos estatales y municipales, as\u00ed como personal del sector salud.<\/p>\n","protected":false},"excerpt":{"rendered":"<p>*Se destin\u00f3 un monto de 31.7 mdp en la primera etapa de esta cl\u00ednica que ayudar\u00e1 en el tratamiento oportuno de enfermedades cardiovasculares La gobernadora Lorena Cu\u00e9llar Cisneros coloc\u00f3 la primera piedra para la construcci\u00f3n de la Unidad de Especialidad M\u00e9dica en Hemodinamia, ubicada en la comunidad de San Mat\u00edas Tepetomatitl\u00e1n del municipio de Apetatitl\u00e1n, [&hellip;]<\/p>\n","protected":false},"author":4,"featured_media":83429,"comment_status":"open","ping_status":"open","sticky":false,"template":"","format":"standard","meta":{"om_disable_all_campaigns":false,"_monsterinsights_skip_tracking":false,"_monsterinsights_sitenote_active":false,"_monsterinsights_sitenote_note":"","_monsterinsights_sitenote_category":0,"jnews-multi-image_gallery":[],"jnews_single_post":{"subtitle":"","format":"standard","video":"","gallery":"","source_name":"","source_url":"","via_name":"","via_url":"","override_template":"0","override":[{"template":"1","single_blog_custom":"","parallax":"1","fullscreen":"1","layout":"right-sidebar","sidebar":"default-sidebar","second_sidebar":"default-sidebar","sticky_sidebar":"1","share_position":"top","share_float_style":"share-monocrhome","show_share_counter":"1","show_view_counter":"1","show_featured":"1","show_post_meta":"1","show_post_author":"1","show_post_author_image":"1","show_post_date":"1","post_date_format":"default","post_date_format_custom":"Y\/m\/d","show_post_category":"1","show_post_reading_time":"0","post_reading_time_wpm":"300","show_zoom_button":"0","zoom_button_out_step":"2","zoom_button_in_step":"3","show_post_tag":"1","show_prev_next_post":"1","show_popup_post":"1","number_popup_post":"1","show_author_box":"1","show_post_related":"0","show_inline_post_related":"0"}],"override_image_size":"0","image_override":[{"single_post_thumbnail_size":"crop-500","single_post_gallery_size":"crop-500"}],"trending_post":"0","trending_post_position":"meta","trending_post_label":"Trending","sponsored_post":"0","sponsored_post_label":"Sponsored by","sponsored_post_name":"","sponsored_post_url":"","sponsored_post_logo_enable":"0","sponsored_post_logo":"","sponsored_post_desc":"","disable_ad":"0"},"jnews_primary_category":{"id":""},"footnotes":""},"categories":[43,52],"tags":[110,148,96],"class_list":["post-83428","post","type-post","status-publish","format-standard","has-post-thumbnail","hentry","category-estado","category-gobierno-de-tlaxcala","tag-municipios","tag-sesa","tag-tlaxcala"],"aioseo_notices":[],"_links":{"self":[{"href":"https:\/\/estado29.mx\/index.php?rest_route=\/wp\/v2\/posts\/83428","targetHints":{"allow":["GET"]}}],"collection":[{"href":"https:\/\/estado29.mx\/index.php?rest_route=\/wp\/v2\/posts"}],"about":[{"href":"https:\/\/estado29.mx\/index.php?rest_route=\/wp\/v2\/types\/post"}],"author":[{"embeddable":true,"href":"https:\/\/estado29.mx\/index.php?rest_route=\/wp\/v2\/users\/4"}],"replies":[{"embeddable":true,"href":"https:\/\/estado29.mx\/index.php?rest_route=%2Fwp%2Fv2%2Fcomments&post=83428"}],"version-history":[{"count":1,"href":"https:\/\/estado29.mx\/index.php?rest_route=\/wp\/v2\/posts\/83428\/revisions"}],"predecessor-version":[{"id":83430,"href":"https:\/\/estado29.mx\/index.php?rest_route=\/wp\/v2\/posts\/83428\/revisions\/83430"}],"wp:featuredmedia":[{"embeddable":true,"href":"https:\/\/estado29.mx\/index.php?rest_route=\/wp\/v2\/media\/83429"}],"wp:attachment":[{"href":"https:\/\/estado29.mx\/index.php?rest_route=%2Fwp%2Fv2%2Fmedia&parent=83428"}],"wp:term":[{"taxonomy":"category","embeddable":true,"href":"https:\/\/estado29.mx\/index.php?rest_route=%2Fwp%2Fv2%2Fcategories&post=83428"},{"taxonomy":"post_tag","embeddable":true,"href":"https:\/\/estado29.mx\/index.php?rest_route=%2Fwp%2Fv2%2Ftags&post=83428"}],"curies":[{"name":"wp","href":"https:\/\/api.w.org\/{rel}","templated":true}]}}