{"id":83440,"date":"2022-11-25T13:42:12","date_gmt":"2022-11-25T13:42:12","guid":{"rendered":"https:\/\/estado29.mx\/?p=83440"},"modified":"2022-11-25T13:42:13","modified_gmt":"2022-11-25T13:42:13","slug":"entrega-itea-certificados-de-primaria-y-secundaria-en-plaza-comunitaria-de-tetla","status":"publish","type":"post","link":"https:\/\/estado29.mx\/?p=83440","title":{"rendered":"Entrega itea certificados de primaria y secundaria en plaza comunitaria de Tetla"},"content":{"rendered":"\n<p>*Se otorg\u00f3 un certificado del programa \u201cEl Buen Juez\u2026 por su casa empieza\u201d<\/p>\n\n\n\n<p>El gobierno del estado, a trav\u00e9s del Instituto Tlaxcalteca para la Educaci\u00f3n de los Adultos (ITEA), entreg\u00f3 a ocho personas, en la plaza comunitaria de Tetla de la Solidaridad, el documento oficial que acredita su primaria y secundaria.<\/p>\n\n\n\n<p>La directora general del ITEA, Michaelle Brito V\u00e1zquez afirm\u00f3 que esta entrega es muestra del trabajo en equipo entre los gobiernos estatal y municipal, que redunda en beneficio de los tlaxcaltecas.<\/p>\n\n\n\n<p>\u201cLa entrega de ocho certificados que acreditan la culminaci\u00f3n de su educaci\u00f3n primaria o secundaria, es resultado, primero, de su esfuerzo y tambi\u00e9n del gran inter\u00e9s de nuestra gobernadora Lorena Cu\u00e9llar Cisneros por siempre favorecer el trabajo en conjunto\u201d, apunt\u00f3.<\/p>\n\n\n\n<p>Brito V\u00e1zquez invit\u00f3 a ser portavoces de los servicios que ofrece el instituto con familiares y amigos para que se incorporen y as\u00ed como sociedad contribuir al compromiso de la actual administraci\u00f3n estatal de disminuir el rezago educativo y minimizar el \u00edndice de analfabetismo en Tlaxcala.<\/p>\n\n\n\n<p>Finalmente, felicit\u00f3 a los graduados y los invit\u00f3 a prepararse para el siguiente nivel, y con ello escribir una nueva historia para Tlaxcala.<\/p>\n","protected":false},"excerpt":{"rendered":"<p>*Se otorg\u00f3 un certificado del programa \u201cEl Buen Juez\u2026 por su casa empieza\u201d El gobierno del estado, a trav\u00e9s del Instituto Tlaxcalteca para la Educaci\u00f3n de los Adultos (ITEA), entreg\u00f3 a ocho personas, en la plaza comunitaria de Tetla de la Solidaridad, el documento oficial que acredita su primaria y secundaria. La directora general del [&hellip;]<\/p>\n","protected":false},"author":4,"featured_media":83441,"comment_status":"open","ping_status":"open","sticky":false,"template":"","format":"standard","meta":{"om_disable_all_campaigns":false,"_monsterinsights_skip_tracking":false,"_monsterinsights_sitenote_active":false,"_monsterinsights_sitenote_note":"","_monsterinsights_sitenote_category":0,"jnews-multi-image_gallery":[],"jnews_single_post":{"subtitle":"","format":"standard","video":"","gallery":"","source_name":"","source_url":"","via_name":"","via_url":"","override_template":"0","override":[{"template":"1","single_blog_custom":"","parallax":"1","fullscreen":"1","layout":"right-sidebar","sidebar":"default-sidebar","second_sidebar":"default-sidebar","sticky_sidebar":"1","share_position":"top","share_float_style":"share-monocrhome","show_share_counter":"1","show_view_counter":"1","show_featured":"1","show_post_meta":"1","show_post_author":"1","show_post_author_image":"1","show_post_date":"1","post_date_format":"default","post_date_format_custom":"Y\/m\/d","show_post_category":"1","show_post_reading_time":"0","post_reading_time_wpm":"300","show_zoom_button":"0","zoom_button_out_step":"2","zoom_button_in_step":"3","show_post_tag":"1","show_prev_next_post":"1","show_popup_post":"1","number_popup_post":"1","show_author_box":"1","show_post_related":"0","show_inline_post_related":"0"}],"override_image_size":"0","image_override":[{"single_post_thumbnail_size":"crop-500","single_post_gallery_size":"crop-500"}],"trending_post":"0","trending_post_position":"meta","trending_post_label":"Trending","sponsored_post":"0","sponsored_post_label":"Sponsored by","sponsored_post_name":"","sponsored_post_url":"","sponsored_post_logo_enable":"0","sponsored_post_logo":"","sponsored_post_desc":"","disable_ad":"0"},"jnews_primary_category":{"id":""},"footnotes":""},"categories":[80,43,52],"tags":[150,110,96],"class_list":["post-83440","post","type-post","status-publish","format-standard","has-post-thumbnail","hentry","category-educacion","category-estado","category-gobierno-de-tlaxcala","tag-gobierno-del-estado","tag-municipios","tag-tlaxcala"],"aioseo_notices":[],"_links":{"self":[{"href":"https:\/\/estado29.mx\/index.php?rest_route=\/wp\/v2\/posts\/83440","targetHints":{"allow":["GET"]}}],"collection":[{"href":"https:\/\/estado29.mx\/index.php?rest_route=\/wp\/v2\/posts"}],"about":[{"href":"https:\/\/estado29.mx\/index.php?rest_route=\/wp\/v2\/types\/post"}],"author":[{"embeddable":true,"href":"https:\/\/estado29.mx\/index.php?rest_route=\/wp\/v2\/users\/4"}],"replies":[{"embeddable":true,"href":"https:\/\/estado29.mx\/index.php?rest_route=%2Fwp%2Fv2%2Fcomments&post=83440"}],"version-history":[{"count":1,"href":"https:\/\/estado29.mx\/index.php?rest_route=\/wp\/v2\/posts\/83440\/revisions"}],"predecessor-version":[{"id":83442,"href":"https:\/\/estado29.mx\/index.php?rest_route=\/wp\/v2\/posts\/83440\/revisions\/83442"}],"wp:featuredmedia":[{"embeddable":true,"href":"https:\/\/estado29.mx\/index.php?rest_route=\/wp\/v2\/media\/83441"}],"wp:attachment":[{"href":"https:\/\/estado29.mx\/index.php?rest_route=%2Fwp%2Fv2%2Fmedia&parent=83440"}],"wp:term":[{"taxonomy":"category","embeddable":true,"href":"https:\/\/estado29.mx\/index.php?rest_route=%2Fwp%2Fv2%2Fcategories&post=83440"},{"taxonomy":"post_tag","embeddable":true,"href":"https:\/\/estado29.mx\/index.php?rest_route=%2Fwp%2Fv2%2Ftags&post=83440"}],"curies":[{"name":"wp","href":"https:\/\/api.w.org\/{rel}","templated":true}]}}