{"id":83458,"date":"2022-11-28T13:23:03","date_gmt":"2022-11-28T13:23:03","guid":{"rendered":"https:\/\/estado29.mx\/?p=83458"},"modified":"2022-11-28T13:23:04","modified_gmt":"2022-11-28T13:23:04","slug":"verifico-gobernadora-lorena-cuellar-avances-del-plan-de-contingencia-en-el-hospital-lic-anselmo-cervantes-hernandez","status":"publish","type":"post","link":"https:\/\/estado29.mx\/?p=83458","title":{"rendered":"Verific\u00f3 gobernadora Lorena Cu\u00e9llar avances del plan de contingencia en el hospital \u201cLic. Anselmo Cervantes Hern\u00e1ndez\u201d"},"content":{"rendered":"\n<p>*A fin de garantizar que las instalaciones, el equipamiento y el personal sean id\u00f3neas para una atenci\u00f3n de primer nivel&nbsp;<\/p>\n\n\n\n<p>La gobernadora Lorena Cu\u00e9llar Cisneros verific\u00f3 los avances del Plan de Contingencia del Hospital General de Tlaxcala IMSS-Bienestar \u201cLic. Anselmo Cervantes Hern\u00e1ndez\u201d, con el objetivo de garantizar que las instalaciones y el equipamiento sean id\u00f3neas para brindar una atenci\u00f3n de primer nivel a la ciudadan\u00eda.&nbsp;<\/p>\n\n\n\n<p>Durante el recorrido, la titular del Ejecutivo local reconoci\u00f3 las acciones que se realizan para brindar servicios de calidad a las y los pacientes, \u201clo m\u00e1s importante es que m\u00e9dicos y enfermeras tengan las herramientas necesarias, queremos que tengan lo mejor para un adecuado servicio de salud\u201d.<\/p>\n\n\n\n<p>Puntualiz\u00f3 que su administraci\u00f3n redobla esfuerzos para complementar el Plan de Contingencia lo antes posible, con tecnolog\u00eda de \u00faltima generaci\u00f3n, lo que demuestra poco a poco mejoras en este sector para el bienestar de quienes lo requieran, por lo que expres\u00f3 sentirse contenta de que muy pronto se abrir\u00e1n las puertas del hospital en su totalidad.<\/p>\n\n\n\n<p>En tanto, el director de Operaci\u00f3n, Vinculaci\u00f3n y Transici\u00f3n de los Servicios de Salud a IMSS-Bienestar en Tlaxcala, Gabriel Guti\u00e9rrez Morales detall\u00f3 que se trabaj\u00f3 espec\u00edficamente en el cumplimiento de normas que otorguen comodidad a pacientes y sus familiares, as\u00ed como en el Plan de Contingencia que visualiza aspectos gubernamentales, consulta externa, hospitalizaci\u00f3n, ambulancias y la \u00faltima fase que es el traslado de pacientes de terapia intensiva.&nbsp;<\/p>\n\n\n\n<p>Mismo que marca el proceso adecuado para hacer el cambio de instalaciones lo m\u00e1s pronto posible, de ah\u00ed que trabajan de manera coordinada para afinar detalles e iniciar operaciones por completo, pues actualmente el hospital se encuentra al 100 por ciento en equipamiento y ofrece consultas externas, de paladar hendido, oftalmolog\u00eda y otorrinolaringolog\u00eda, \u201cpoco a poco se ir\u00e1 haciendo el cambio de los servicios conforme a lo acordado al Plan de Contingencia que tenemos marcado\u201d.<\/p>\n\n\n\n<p>A su vez, el secretario de Salud, Rigoberto Zamudio especific\u00f3 que existen diversas mejoras en \u00e1reas y equipamiento, como zonas m\u00e1s amplias y limpias, adem\u00e1s de una infraestructura adecuada a las necesidades; abund\u00f3 que la cl\u00ednica del dolor con la que cuenta el nosocomio es motivo de referencia a nivel nacional, dado que es una de las unidades m\u00e1s importantes que mejoran la calidad de vida de las y los pacientes, \u201cning\u00fan hospital la tiene, esto es algo propio, ni las cl\u00ednicas particulares\u201d.<\/p>\n\n\n\n<p>Esta ocasi\u00f3n, la mandataria estatal visit\u00f3 las \u00e1reas de urgencias, sala de choque, cl\u00ednica del dolor y de heridas, terapia intensiva y cocina, entre otras.&nbsp;<\/p>\n\n\n\n<p>Acudieron el titular de la Secretar\u00eda de Infraestructura (SI), Alfonso S\u00e1nchez Garc\u00eda; el director del hospital, Roberto Licona Pimentel y dem\u00e1s personal de salud.<\/p>\n","protected":false},"excerpt":{"rendered":"<p>*A fin de garantizar que las instalaciones, el equipamiento y el personal sean id\u00f3neas para una atenci\u00f3n de primer nivel&nbsp; La gobernadora Lorena Cu\u00e9llar Cisneros verific\u00f3 los avances del Plan de Contingencia del Hospital General de Tlaxcala IMSS-Bienestar \u201cLic. Anselmo Cervantes Hern\u00e1ndez\u201d, con el objetivo de garantizar que las instalaciones y el equipamiento sean id\u00f3neas [&hellip;]<\/p>\n","protected":false},"author":4,"featured_media":83459,"comment_status":"open","ping_status":"open","sticky":false,"template":"","format":"standard","meta":{"om_disable_all_campaigns":false,"_monsterinsights_skip_tracking":false,"_monsterinsights_sitenote_active":false,"_monsterinsights_sitenote_note":"","_monsterinsights_sitenote_category":0,"jnews-multi-image_gallery":[],"jnews_single_post":{"subtitle":"","format":"standard","video":"","gallery":"","source_name":"","source_url":"","via_name":"","via_url":"","override_template":"0","override":[{"template":"1","single_blog_custom":"","parallax":"1","fullscreen":"1","layout":"right-sidebar","sidebar":"default-sidebar","second_sidebar":"default-sidebar","sticky_sidebar":"1","share_position":"top","share_float_style":"share-monocrhome","show_share_counter":"1","show_view_counter":"1","show_featured":"1","show_post_meta":"1","show_post_author":"1","show_post_author_image":"1","show_post_date":"1","post_date_format":"default","post_date_format_custom":"Y\/m\/d","show_post_category":"1","show_post_reading_time":"0","post_reading_time_wpm":"300","show_zoom_button":"0","zoom_button_out_step":"2","zoom_button_in_step":"3","show_post_tag":"1","show_prev_next_post":"1","show_popup_post":"1","number_popup_post":"1","show_author_box":"1","show_post_related":"0","show_inline_post_related":"0"}],"override_image_size":"0","image_override":[{"single_post_thumbnail_size":"crop-500","single_post_gallery_size":"crop-500"}],"trending_post":"0","trending_post_position":"meta","trending_post_label":"Trending","sponsored_post":"0","sponsored_post_label":"Sponsored by","sponsored_post_name":"","sponsored_post_url":"","sponsored_post_logo_enable":"0","sponsored_post_logo":"","sponsored_post_desc":"","disable_ad":"0"},"jnews_primary_category":{"id":""},"footnotes":""},"categories":[43,52,81],"tags":[150,110,141,96],"class_list":["post-83458","post","type-post","status-publish","format-standard","has-post-thumbnail","hentry","category-estado","category-gobierno-de-tlaxcala","category-salud-estado","tag-gobierno-del-estado","tag-municipios","tag-salud","tag-tlaxcala"],"aioseo_notices":[],"_links":{"self":[{"href":"https:\/\/estado29.mx\/index.php?rest_route=\/wp\/v2\/posts\/83458","targetHints":{"allow":["GET"]}}],"collection":[{"href":"https:\/\/estado29.mx\/index.php?rest_route=\/wp\/v2\/posts"}],"about":[{"href":"https:\/\/estado29.mx\/index.php?rest_route=\/wp\/v2\/types\/post"}],"author":[{"embeddable":true,"href":"https:\/\/estado29.mx\/index.php?rest_route=\/wp\/v2\/users\/4"}],"replies":[{"embeddable":true,"href":"https:\/\/estado29.mx\/index.php?rest_route=%2Fwp%2Fv2%2Fcomments&post=83458"}],"version-history":[{"count":1,"href":"https:\/\/estado29.mx\/index.php?rest_route=\/wp\/v2\/posts\/83458\/revisions"}],"predecessor-version":[{"id":83460,"href":"https:\/\/estado29.mx\/index.php?rest_route=\/wp\/v2\/posts\/83458\/revisions\/83460"}],"wp:featuredmedia":[{"embeddable":true,"href":"https:\/\/estado29.mx\/index.php?rest_route=\/wp\/v2\/media\/83459"}],"wp:attachment":[{"href":"https:\/\/estado29.mx\/index.php?rest_route=%2Fwp%2Fv2%2Fmedia&parent=83458"}],"wp:term":[{"taxonomy":"category","embeddable":true,"href":"https:\/\/estado29.mx\/index.php?rest_route=%2Fwp%2Fv2%2Fcategories&post=83458"},{"taxonomy":"post_tag","embeddable":true,"href":"https:\/\/estado29.mx\/index.php?rest_route=%2Fwp%2Fv2%2Ftags&post=83458"}],"curies":[{"name":"wp","href":"https:\/\/api.w.org\/{rel}","templated":true}]}}