{"id":83461,"date":"2022-11-28T13:26:09","date_gmt":"2022-11-28T13:26:09","guid":{"rendered":"https:\/\/estado29.mx\/?p=83461"},"modified":"2022-11-28T13:26:10","modified_gmt":"2022-11-28T13:26:10","slug":"instalo-sepe-uset-comision-de-educacion-inclusiva","status":"publish","type":"post","link":"https:\/\/estado29.mx\/?p=83461","title":{"rendered":"Instal\u00f3 sepe-uset comisi\u00f3n de educaci\u00f3n inclusiva"},"content":{"rendered":"\n<p>*Busca favorecer el acceso, avance, permanencia, aprendizaje, participaci\u00f3n y conclusi\u00f3n de los estudios de ni\u00f1as, ni\u00f1os, adolescentes y j\u00f3venes<\/p>\n\n\n\n<p>La Secretar\u00eda de Educaci\u00f3n P\u00fablica del Estado (SEPE) y Unidad de Servicios Educativos de Tlaxcala (USET) realizaron la instalaci\u00f3n de la Comisi\u00f3n de Educaci\u00f3n Inclusiva, que tiene como prop\u00f3sito principal favorecer el acceso, avance, permanencia, aprendizaje, participaci\u00f3n y conclusi\u00f3n de los estudios de ni\u00f1as, ni\u00f1os, adolescentes y j\u00f3venes de la entidad con alguna discapacidad.<\/p>\n\n\n\n<p>El secretario de Educaci\u00f3n, Homero Meneses Hern\u00e1ndez destac\u00f3 que Tlaxcala forma parte de la segunda entidad a nivel nacional en contar con este organismo que se encargar\u00e1 de ampliar la diversidad, igualdad, condiciones y oportunidades de los estudiantes.<\/p>\n\n\n\n<p>Destac\u00f3 que se busca convertir progresivamente el actual sistema educativo nacional, caracterizado por ser estandarizado, centralizado, poco flexible, inequitativo y fragmentado, a uno inclusivo y pertinente, que identifique, atienda y elimine las barreras del aprendizaje.<\/p>\n\n\n\n<p>La jefa del departamento de Educaci\u00f3n Especial, Yolanda Espinoza D\u00e1vila explic\u00f3 que actualmente la USET cuenta con 20 Centros de Atenci\u00f3n M\u00faltiple (CAM) que atienden a 829 alumnos y 72 Unidades de Servicios de Apoyo a la Educaci\u00f3n Regular (Usaer) que apoyan a 6 mil 375 alumnos de 477 escuelas.<\/p>\n\n\n\n<p>En la instalaci\u00f3n de este comit\u00e9 se cont\u00f3 con la asistencia de autoridades de las secretar\u00edas de Bienestar, de Cultura y de Infraestructura, sector salud, asociaciones dedicadas a la atenci\u00f3n de grupos en condici\u00f3n de exclusi\u00f3n educativa, universidades y centros de investigaci\u00f3n, entre otros organismos y dependencias del sector p\u00fablico.<\/p>\n","protected":false},"excerpt":{"rendered":"<p>*Busca favorecer el acceso, avance, permanencia, aprendizaje, participaci\u00f3n y conclusi\u00f3n de los estudios de ni\u00f1as, ni\u00f1os, adolescentes y j\u00f3venes La Secretar\u00eda de Educaci\u00f3n P\u00fablica del Estado (SEPE) y Unidad de Servicios Educativos de Tlaxcala (USET) realizaron la instalaci\u00f3n de la Comisi\u00f3n de Educaci\u00f3n Inclusiva, que tiene como prop\u00f3sito principal favorecer el acceso, avance, permanencia, aprendizaje, [&hellip;]<\/p>\n","protected":false},"author":4,"featured_media":83462,"comment_status":"open","ping_status":"open","sticky":false,"template":"","format":"standard","meta":{"om_disable_all_campaigns":false,"_monsterinsights_skip_tracking":false,"_monsterinsights_sitenote_active":false,"_monsterinsights_sitenote_note":"","_monsterinsights_sitenote_category":0,"jnews-multi-image_gallery":[],"jnews_single_post":{"subtitle":"","format":"standard","video":"","gallery":"","source_name":"","source_url":"","via_name":"","via_url":"","override_template":"0","override":[{"template":"1","single_blog_custom":"","parallax":"1","fullscreen":"1","layout":"right-sidebar","sidebar":"default-sidebar","second_sidebar":"default-sidebar","sticky_sidebar":"1","share_position":"top","share_float_style":"share-monocrhome","show_share_counter":"1","show_view_counter":"1","show_featured":"1","show_post_meta":"1","show_post_author":"1","show_post_author_image":"1","show_post_date":"1","post_date_format":"default","post_date_format_custom":"Y\/m\/d","show_post_category":"1","show_post_reading_time":"0","post_reading_time_wpm":"300","show_zoom_button":"0","zoom_button_out_step":"2","zoom_button_in_step":"3","show_post_tag":"1","show_prev_next_post":"1","show_popup_post":"1","number_popup_post":"1","show_author_box":"1","show_post_related":"0","show_inline_post_related":"0"}],"override_image_size":"0","image_override":[{"single_post_thumbnail_size":"crop-500","single_post_gallery_size":"crop-500"}],"trending_post":"0","trending_post_position":"meta","trending_post_label":"Trending","sponsored_post":"0","sponsored_post_label":"Sponsored by","sponsored_post_name":"","sponsored_post_url":"","sponsored_post_logo_enable":"0","sponsored_post_logo":"","sponsored_post_desc":"","disable_ad":"0"},"jnews_primary_category":{"id":""},"footnotes":""},"categories":[43,52],"tags":[150,110,284],"class_list":["post-83461","post","type-post","status-publish","format-standard","has-post-thumbnail","hentry","category-estado","category-gobierno-de-tlaxcala","tag-gobierno-del-estado","tag-municipios","tag-sepe"],"aioseo_notices":[],"_links":{"self":[{"href":"https:\/\/estado29.mx\/index.php?rest_route=\/wp\/v2\/posts\/83461","targetHints":{"allow":["GET"]}}],"collection":[{"href":"https:\/\/estado29.mx\/index.php?rest_route=\/wp\/v2\/posts"}],"about":[{"href":"https:\/\/estado29.mx\/index.php?rest_route=\/wp\/v2\/types\/post"}],"author":[{"embeddable":true,"href":"https:\/\/estado29.mx\/index.php?rest_route=\/wp\/v2\/users\/4"}],"replies":[{"embeddable":true,"href":"https:\/\/estado29.mx\/index.php?rest_route=%2Fwp%2Fv2%2Fcomments&post=83461"}],"version-history":[{"count":1,"href":"https:\/\/estado29.mx\/index.php?rest_route=\/wp\/v2\/posts\/83461\/revisions"}],"predecessor-version":[{"id":83463,"href":"https:\/\/estado29.mx\/index.php?rest_route=\/wp\/v2\/posts\/83461\/revisions\/83463"}],"wp:featuredmedia":[{"embeddable":true,"href":"https:\/\/estado29.mx\/index.php?rest_route=\/wp\/v2\/media\/83462"}],"wp:attachment":[{"href":"https:\/\/estado29.mx\/index.php?rest_route=%2Fwp%2Fv2%2Fmedia&parent=83461"}],"wp:term":[{"taxonomy":"category","embeddable":true,"href":"https:\/\/estado29.mx\/index.php?rest_route=%2Fwp%2Fv2%2Fcategories&post=83461"},{"taxonomy":"post_tag","embeddable":true,"href":"https:\/\/estado29.mx\/index.php?rest_route=%2Fwp%2Fv2%2Ftags&post=83461"}],"curies":[{"name":"wp","href":"https:\/\/api.w.org\/{rel}","templated":true}]}}