{"id":83464,"date":"2022-11-28T13:28:44","date_gmt":"2022-11-28T13:28:44","guid":{"rendered":"https:\/\/estado29.mx\/?p=83464"},"modified":"2022-11-28T13:28:44","modified_gmt":"2022-11-28T13:28:44","slug":"entrego-gobernadora-lorena-cuellar-protesis-de-pierna-a-personas-con-discapacidad","status":"publish","type":"post","link":"https:\/\/estado29.mx\/?p=83464","title":{"rendered":"Entreg\u00f3 gobernadora Lorena Cu\u00e9llar pr\u00f3tesis de pierna a personas con discapacidad"},"content":{"rendered":"\n<p>*Como parte del Programa de Ayudas Funcionales para Personas con Discapacidad de la Secretar\u00eda de Bienestar del estado de Tlaxcala<\/p>\n\n\n\n<p>La gobernadora Lorena Cu\u00e9llar Cisneros realiz\u00f3 la entrega de pr\u00f3tesis de pierna a beneficiarios de la Secretar\u00eda de Bienestar, como parte del Programa de Ayudas Funcionales para Personas con Discapacidad de la dependencia estatal.<\/p>\n\n\n\n<p>Con un presupuesto estatal de 14 millones 550 mil pesos, se distribuyeron 8 mil 500 acciones de manera prioritaria, entre personas en situaci\u00f3n de pobreza con discapacidad permanente o temporal de los 60 municipios.<\/p>\n\n\n\n<p>Acompa\u00f1ada de la presidenta honor\u00edfica del Comit\u00e9 de Bienestar y Desarrollo Social del estado de Tlaxcala, Mar\u00eda Fernanda Espinosa de los Monteros Cu\u00e9llar, la gobernadora expuso que estos apoyos se brindan con el objetivo de mejorar el nivel de vida de las familias en situaci\u00f3n de pobreza, contribuyendo as\u00ed a la independencia de las personas que enfrentan esta condici\u00f3n y a un ahorro para ellos y sus familiares.<\/p>\n\n\n\n<p>Cu\u00e9llar Cisneros motiv\u00f3 a los beneficiarios a practicar-caminar con la pr\u00f3tesis y asistir a las terapias que brinda la Direcci\u00f3n de Bienestar Integral de la dependencia para que se les facilite su uso.<\/p>\n\n\n\n<p>\u201cDesde hace 30 a\u00f1os entregamos muchas pr\u00f3tesis (\u2026) pero cuando hac\u00eda supervisiones me daba tristeza que la pr\u00f3tesis que, adem\u00e1s saben ustedes que es muy, muy costosa, estaba en un clavito colgada en casa o estaba guardada en una caja y eso le quita la oportunidad a otra persona que quisiera tener su pr\u00f3tesis. Entonces, hay que ocuparlas, hay que cuidarla y hay que usarla porque est\u00e1 hecha para ustedes, nadie puede usar esa pr\u00f3tesis m\u00e1s que ustedes, entonces oc\u00fapenla que para eso es\u201d, explic\u00f3 a los beneficiarios.<\/p>\n\n\n\n<p>La gobernadora hizo entrega de estas ayudas funcionales a dos ni\u00f1os de 6 y 10 a\u00f1os; as\u00ed como a Dulce Abigail Cuamatzi Cruz, de 18 a\u00f1os; Mois\u00e9s Salazar G\u00f3mez, de 78 a\u00f1os; Juan Alejandro P\u00e9rez Cuecuecha, de 37 a\u00f1os; Pedro L\u00f3pez Gonz\u00e1lez, de 50 a\u00f1os; Jes\u00fas L\u00f3pez Contreras, de 20 a\u00f1os y Dionisio Guti\u00e9rrez Cuahutencos, de 53 a\u00f1os, quienes agradecieron el apoyo otorgado.<\/p>\n\n\n\n<p>De igual forma, de pr\u00f3tesis de pierna, ayudas funcionales como sillas de ruedas est\u00e1ndar, as\u00ed como para adulto y ni\u00f1os con par\u00e1lisis cerebral; bastones sencillos, de cuatro puntos y blancos para personas con discapacidad visual; andaderas infantiles y para adultos; plantillas ortop\u00e9dicas, auxiliares auditivos y pa\u00f1ales para ni\u00f1os y adultos.<\/p>\n\n\n\n<p>Acompa\u00f1aron a la gobernadora, la secretaria de Bienestar, Mar\u00eda Estela \u00c1lvarez Corona, as\u00ed como el director de \u00e1rea, Hern\u00e1n Herrera Hern\u00e1ndez y jefes de departamento de la dependencia.<\/p>\n","protected":false},"excerpt":{"rendered":"<p>*Como parte del Programa de Ayudas Funcionales para Personas con Discapacidad de la Secretar\u00eda de Bienestar del estado de Tlaxcala La gobernadora Lorena Cu\u00e9llar Cisneros realiz\u00f3 la entrega de pr\u00f3tesis de pierna a beneficiarios de la Secretar\u00eda de Bienestar, como parte del Programa de Ayudas Funcionales para Personas con Discapacidad de la dependencia estatal. Con [&hellip;]<\/p>\n","protected":false},"author":4,"featured_media":83465,"comment_status":"open","ping_status":"open","sticky":false,"template":"","format":"standard","meta":{"om_disable_all_campaigns":false,"_monsterinsights_skip_tracking":false,"_monsterinsights_sitenote_active":false,"_monsterinsights_sitenote_note":"","_monsterinsights_sitenote_category":0,"jnews-multi-image_gallery":[],"jnews_single_post":{"subtitle":"","format":"standard","video":"","gallery":"","source_name":"","source_url":"","via_name":"","via_url":"","override_template":"0","override":[{"template":"1","single_blog_custom":"","parallax":"1","fullscreen":"1","layout":"right-sidebar","sidebar":"default-sidebar","second_sidebar":"default-sidebar","sticky_sidebar":"1","share_position":"top","share_float_style":"share-monocrhome","show_share_counter":"1","show_view_counter":"1","show_featured":"1","show_post_meta":"1","show_post_author":"1","show_post_author_image":"1","show_post_date":"1","post_date_format":"default","post_date_format_custom":"Y\/m\/d","show_post_category":"1","show_post_reading_time":"0","post_reading_time_wpm":"300","show_zoom_button":"0","zoom_button_out_step":"2","zoom_button_in_step":"3","show_post_tag":"1","show_prev_next_post":"1","show_popup_post":"1","number_popup_post":"1","show_author_box":"1","show_post_related":"0","show_inline_post_related":"0"}],"override_image_size":"0","image_override":[{"single_post_thumbnail_size":"crop-500","single_post_gallery_size":"crop-500"}],"trending_post":"0","trending_post_position":"meta","trending_post_label":"Trending","sponsored_post":"0","sponsored_post_label":"Sponsored by","sponsored_post_name":"","sponsored_post_url":"","sponsored_post_logo_enable":"0","sponsored_post_logo":"","sponsored_post_desc":"","disable_ad":"0"},"jnews_primary_category":{"id":""},"footnotes":""},"categories":[43,52],"tags":[150,110,141,148,96],"class_list":["post-83464","post","type-post","status-publish","format-standard","has-post-thumbnail","hentry","category-estado","category-gobierno-de-tlaxcala","tag-gobierno-del-estado","tag-municipios","tag-salud","tag-sesa","tag-tlaxcala"],"aioseo_notices":[],"_links":{"self":[{"href":"https:\/\/estado29.mx\/index.php?rest_route=\/wp\/v2\/posts\/83464","targetHints":{"allow":["GET"]}}],"collection":[{"href":"https:\/\/estado29.mx\/index.php?rest_route=\/wp\/v2\/posts"}],"about":[{"href":"https:\/\/estado29.mx\/index.php?rest_route=\/wp\/v2\/types\/post"}],"author":[{"embeddable":true,"href":"https:\/\/estado29.mx\/index.php?rest_route=\/wp\/v2\/users\/4"}],"replies":[{"embeddable":true,"href":"https:\/\/estado29.mx\/index.php?rest_route=%2Fwp%2Fv2%2Fcomments&post=83464"}],"version-history":[{"count":1,"href":"https:\/\/estado29.mx\/index.php?rest_route=\/wp\/v2\/posts\/83464\/revisions"}],"predecessor-version":[{"id":83466,"href":"https:\/\/estado29.mx\/index.php?rest_route=\/wp\/v2\/posts\/83464\/revisions\/83466"}],"wp:featuredmedia":[{"embeddable":true,"href":"https:\/\/estado29.mx\/index.php?rest_route=\/wp\/v2\/media\/83465"}],"wp:attachment":[{"href":"https:\/\/estado29.mx\/index.php?rest_route=%2Fwp%2Fv2%2Fmedia&parent=83464"}],"wp:term":[{"taxonomy":"category","embeddable":true,"href":"https:\/\/estado29.mx\/index.php?rest_route=%2Fwp%2Fv2%2Fcategories&post=83464"},{"taxonomy":"post_tag","embeddable":true,"href":"https:\/\/estado29.mx\/index.php?rest_route=%2Fwp%2Fv2%2Ftags&post=83464"}],"curies":[{"name":"wp","href":"https:\/\/api.w.org\/{rel}","templated":true}]}}