{"id":83467,"date":"2022-11-28T13:34:33","date_gmt":"2022-11-28T13:34:33","guid":{"rendered":"https:\/\/estado29.mx\/?p=83467"},"modified":"2022-11-28T13:34:34","modified_gmt":"2022-11-28T13:34:34","slug":"obtiene-la-sfp-el-segundo-lugar-del-premio-nacional-de-contraloria-social-2022","status":"publish","type":"post","link":"https:\/\/estado29.mx\/?p=83467","title":{"rendered":"Obtiene la sfp el segundo lugar del premio nacional de contralor\u00eda social 2022"},"content":{"rendered":"\n<p>*Tiene como finalidad incentivar y reconocer las pr\u00e1cticas realizadas por los comit\u00e9s y las organizaciones de la sociedad civil<\/p>\n\n\n\n<p>La Secretar\u00eda de la Funci\u00f3n P\u00fablica (SFP) obtuvo el segundo lugar del Premio Nacional de Contralor\u00eda Social 2022, en el marco de la LXIX Reuni\u00f3n Nacional de la Comisi\u00f3n Permanente de Contralores Estados-Federaci\u00f3n, que se efectu\u00f3 en Saltillo, Coahuila.<\/p>\n\n\n\n<p>El Comit\u00e9 de Contralor\u00eda Social de la rancher\u00eda Los Capulines del municipio de Tlaxco fue la comisi\u00f3n acreedora a este galard\u00f3n, en la categor\u00eda de Acciones de los Comit\u00e9s de Contralor\u00eda Social, mismo que est\u00e1 integrado por su presidenta, Mar\u00eda Hortensia Gonz\u00e1lez Portillo; secretaria, Mar\u00eda Fabiola Mac\u00edas S\u00e1nchez; tesorera, Janet L\u00f3pez Pozos y vocal, Antonia Mu\u00f1oz Mart\u00ednez.<\/p>\n\n\n\n<p>La titular de la SFP, Er\u00e9ndira Cova Brindis coment\u00f3 \u201cque el ciudadano vigile, revise, analice y proponga sobre la forma en la que se ejecuta el presupuesto, a trav\u00e9s de los programas y c\u00f3mo llegan a la poblaci\u00f3n. Por eso trabajamos, para que ellos de manera organizada vigilen los recursos p\u00fablicos\u201d.<\/p>\n\n\n\n<p>El premio tiene como finalidad incentivar y reconocer las pr\u00e1cticas realizadas por los comit\u00e9s, as\u00ed como convocar a las organizaciones de la sociedad civil a participar en temas de vigilancia del ejercicio de los recursos p\u00fablicos y en la verificaci\u00f3n del cumplimiento de las metas y objetivos de los programas federales y estatales.<\/p>\n\n\n\n<p>La importancia de obtener este premio para el comit\u00e9 que supervisa al programa federal Fortalecimiento a la Atenci\u00f3n M\u00e9dica (FAM), es el de un trabajo organizado, coordinado con los integrantes, los m\u00e9dicos, enfermeras y promotores que brindan el servicio a la poblaci\u00f3n.<\/p>\n\n\n\n<p>Es as\u00ed como \u00e9ste servir\u00e1 de referente en el estado para impulsar la participaci\u00f3n de los dem\u00e1s comit\u00e9s que integran la SFP, y generar una gesti\u00f3n p\u00fablica entre gobierno y sociedad.<\/p>\n\n\n\n<p>Con estas acciones, el gobierno del estado, a trav\u00e9s de la Secretar\u00eda de la Funci\u00f3n P\u00fablica, ratifica el compromiso de impulsar una contralor\u00eda social real, comprometida y proactiva en beneficio de la poblaci\u00f3n tlaxcalteca.<\/p>\n","protected":false},"excerpt":{"rendered":"<p>*Tiene como finalidad incentivar y reconocer las pr\u00e1cticas realizadas por los comit\u00e9s y las organizaciones de la sociedad civil La Secretar\u00eda de la Funci\u00f3n P\u00fablica (SFP) obtuvo el segundo lugar del Premio Nacional de Contralor\u00eda Social 2022, en el marco de la LXIX Reuni\u00f3n Nacional de la Comisi\u00f3n Permanente de Contralores Estados-Federaci\u00f3n, que se efectu\u00f3 [&hellip;]<\/p>\n","protected":false},"author":4,"featured_media":83468,"comment_status":"open","ping_status":"open","sticky":false,"template":"","format":"standard","meta":{"om_disable_all_campaigns":false,"_monsterinsights_skip_tracking":false,"_monsterinsights_sitenote_active":false,"_monsterinsights_sitenote_note":"","_monsterinsights_sitenote_category":0,"jnews-multi-image_gallery":[],"jnews_single_post":{"subtitle":"","format":"standard","video":"","gallery":"","source_name":"","source_url":"","via_name":"","via_url":"","override_template":"0","override":[{"template":"1","single_blog_custom":"","parallax":"1","fullscreen":"1","layout":"right-sidebar","sidebar":"default-sidebar","second_sidebar":"default-sidebar","sticky_sidebar":"1","share_position":"top","share_float_style":"share-monocrhome","show_share_counter":"1","show_view_counter":"1","show_featured":"1","show_post_meta":"1","show_post_author":"1","show_post_author_image":"1","show_post_date":"1","post_date_format":"default","post_date_format_custom":"Y\/m\/d","show_post_category":"1","show_post_reading_time":"0","post_reading_time_wpm":"300","show_zoom_button":"0","zoom_button_out_step":"2","zoom_button_in_step":"3","show_post_tag":"1","show_prev_next_post":"1","show_popup_post":"1","number_popup_post":"1","show_author_box":"1","show_post_related":"0","show_inline_post_related":"0"}],"override_image_size":"0","image_override":[{"single_post_thumbnail_size":"crop-500","single_post_gallery_size":"crop-500"}],"trending_post":"0","trending_post_position":"meta","trending_post_label":"Trending","sponsored_post":"0","sponsored_post_label":"Sponsored by","sponsored_post_name":"","sponsored_post_url":"","sponsored_post_logo_enable":"0","sponsored_post_logo":"","sponsored_post_desc":"","disable_ad":"0"},"jnews_primary_category":{"id":""},"footnotes":""},"categories":[43,52],"tags":[150,110,96],"class_list":["post-83467","post","type-post","status-publish","format-standard","has-post-thumbnail","hentry","category-estado","category-gobierno-de-tlaxcala","tag-gobierno-del-estado","tag-municipios","tag-tlaxcala"],"aioseo_notices":[],"_links":{"self":[{"href":"https:\/\/estado29.mx\/index.php?rest_route=\/wp\/v2\/posts\/83467","targetHints":{"allow":["GET"]}}],"collection":[{"href":"https:\/\/estado29.mx\/index.php?rest_route=\/wp\/v2\/posts"}],"about":[{"href":"https:\/\/estado29.mx\/index.php?rest_route=\/wp\/v2\/types\/post"}],"author":[{"embeddable":true,"href":"https:\/\/estado29.mx\/index.php?rest_route=\/wp\/v2\/users\/4"}],"replies":[{"embeddable":true,"href":"https:\/\/estado29.mx\/index.php?rest_route=%2Fwp%2Fv2%2Fcomments&post=83467"}],"version-history":[{"count":1,"href":"https:\/\/estado29.mx\/index.php?rest_route=\/wp\/v2\/posts\/83467\/revisions"}],"predecessor-version":[{"id":83469,"href":"https:\/\/estado29.mx\/index.php?rest_route=\/wp\/v2\/posts\/83467\/revisions\/83469"}],"wp:featuredmedia":[{"embeddable":true,"href":"https:\/\/estado29.mx\/index.php?rest_route=\/wp\/v2\/media\/83468"}],"wp:attachment":[{"href":"https:\/\/estado29.mx\/index.php?rest_route=%2Fwp%2Fv2%2Fmedia&parent=83467"}],"wp:term":[{"taxonomy":"category","embeddable":true,"href":"https:\/\/estado29.mx\/index.php?rest_route=%2Fwp%2Fv2%2Fcategories&post=83467"},{"taxonomy":"post_tag","embeddable":true,"href":"https:\/\/estado29.mx\/index.php?rest_route=%2Fwp%2Fv2%2Ftags&post=83467"}],"curies":[{"name":"wp","href":"https:\/\/api.w.org\/{rel}","templated":true}]}}