{"id":83470,"date":"2022-11-28T13:37:50","date_gmt":"2022-11-28T13:37:50","guid":{"rendered":"https:\/\/estado29.mx\/?p=83470"},"modified":"2022-11-28T13:37:51","modified_gmt":"2022-11-28T13:37:51","slug":"convoca-iem-a-participar-en-los-16-dias-de-activismo-contra-la-violencia-hacia-las-mujeres","status":"publish","type":"post","link":"https:\/\/estado29.mx\/?p=83470","title":{"rendered":"Convoca IEM a participar en los 16 d\u00edas de activismo contra la violencia hacia las mujeres"},"content":{"rendered":"\n<p>*Habr\u00e1 talleres, cine debates, paneles, conferencias magistrales, conversatorios, cuentacuentos, ferias de emprendimiento e informaci\u00f3n<\/p>\n\n\n\n<p>El gobierno del estado, a trav\u00e9s del Instituto Tlaxcalteca de la Mujer (IEM), invita a la poblaci\u00f3n en general a sumarse a las actividades que forman parte de la campa\u00f1a \u201c16 d\u00edas de Activismo para Erradicar la Violencia contra las Mujeres\u201d, la cual inici\u00f3 el pasado 25 de noviembre y concluir\u00e1 hasta el pr\u00f3ximo 10 de diciembre.<\/p>\n\n\n\n<p>La jornada promovida por la gobernadora Lorena Cu\u00e9llar Cisneros, en conjunto con los poderes Legislativo y Judicial, organismos aut\u00f3nomos y la academia, incluye talleres, cine debates, paneles, cuenta cuentos, conferencias magistrales y conversatorios, con el objetivo de promover la equidad de g\u00e9nero, el acceso a la justicia para las v\u00edctimas de violencia, el empoderamiento de la poblaci\u00f3n femenina, as\u00ed como la difusi\u00f3n de los derechos humanos de mujeres y ni\u00f1as.<\/p>\n\n\n\n<p>Este lunes 28 de noviembre contin\u00faa el ciclo de actividades con la presentaci\u00f3n del \u201cFormulario para la Atenci\u00f3n Inmediata de las Mujeres V\u00edctimas de Violencia\u201d y \u201cla Bater\u00eda de Riesgo para las y los Jueces Municipales en la Implementaci\u00f3n de las \u00d3rdenes de Protecci\u00f3n\u201d, a cargo de la Procuradur\u00eda General de Justicia del Estado (PGJE) en conjunto con la Comisi\u00f3n Estatal de Derechos Humanos (CEDH), esto a las 11:00 horas en el auditorio de la Casa de Justicia para las Mujeres.<\/p>\n\n\n\n<p>El martes 29 de noviembre, a las 10:00 horas, el IEM efectuar\u00e1 la Segunda Edici\u00f3n de la Feria de Financiamiento y Casos de \u00c9xito en Mujeres Emprendedoras en el Instituto Tecnol\u00f3gico de Apizaco (ITA), y a las 16:00 horas, en el Centro C\u00edvico de Huamantla, realizar\u00e1n un cine debate \u201cUna mirada desde el s\u00e9ptimo arte sobre la perspectiva de g\u00e9nero\u201d.<\/p>\n\n\n\n<p>Para el mi\u00e9rcoles 30 de noviembre, el Centro de Investigaciones Interdisciplinarias sobre Desarrollo Regional (Ciisder) llevar\u00e1 a cabo el panel sobre \u201cParidad y violencia pol\u00edtica contra las mujeres en raz\u00f3n de g\u00e9nero en el estado de Tlaxcala\u201d, a las 17:00 horas en la Infoteca Central de la UATx.<\/p>\n\n\n\n<p>Mientras que el jueves 01 de diciembre a las 10:00 horas, el Congreso local abrir\u00e1 un espacio de reflexi\u00f3n para ni\u00f1as en el Sal\u00f3n Blanco del Palacio Legislativo con el cuenta cuentos \u201cMartina vete a la cocina\u201d; y a las 17:00 horas en el Palacio de Justicia, ubicado en la ciudad capital, la periodista y activista Sara Lovera disertar\u00e1 la charla \u201cMis buenas pr\u00e1cticas: c\u00f3mo implementar la perspectiva de g\u00e9nero en las notas period\u00edsticas\u201d.<\/p>\n\n\n\n<p>El viernes 2 de diciembre, a las 12:30 horas, Marcela Lagarde y de los R\u00edos disertar\u00e1 la conferencia magistral \u201cViolencia y acceso de las mujeres a la justicia\u201d en el Centro Cultural Universitario de la UATx; el s\u00e1bado 3 de noviembre, a las 9:00 horas, est\u00e1 programado el foro \u201cMovilidad segura para mujeres a trav\u00e9s de los puntos naranja\u201d, a realizarse en la Hacienda Tepozontitla, ubicada en Nanacamilpa; y el domingo 4 de diciembre, a las 11:00 horas, se llevar\u00e1 a cabo un cine debate con la pel\u00edcula \u201cNi dios, ni patr\u00f3n, ni marido\u201d, en la presidencia municipal de Nopalucan.<\/p>\n\n\n\n<p>Posteriormente, el lunes 5 de diciembre, de las 10:00 a las 14:00 horas, en el Patio Vitral del Congreso local, se impartir\u00e1 el taller \u201cInnovar es para todas\u201d; a las 12:00 horas en las instalaciones de la Universidad Nantlhi Tlaxcala, personal del Instituto de Acceso a la Informaci\u00f3n P\u00fablica y Protecci\u00f3n de Datos Personales del Estado de Tlaxcala (IAIP) impartir\u00e1 una capacitaci\u00f3n sobre la \u201cProtecci\u00f3n de Datos Personales a Mujeres V\u00edctimas de Violencia; m\u00e1s tarde, a las 16:00 horas, la CEDH presentar\u00e1 la conferencia \u201cDerechos, lenguaje y discapacidad: c\u00f3mo habitar el mundo sin discriminaci\u00f3n\u201d, a efectuarse en la sala de reuniones del organismo aut\u00f3nomo.<\/p>\n\n\n\n<p>Nuevamente, el mi\u00e9rcoles 7 de diciembre, en el Patio Vitral del Congreso local, se realizar\u00e1 el taller \u201cInnovar es para todas\u201d, de las 10:00 a las 14:00 horas y a las 16:00 horas en la Pinacoteca del estado \u201cDesiderio Hern\u00e1ndez Xochitiotzin\u201d la CEDH compartir\u00e1 \u201cLos primeros auxilios psicol\u00f3gicos como herramienta pr\u00e1ctica para la intervenci\u00f3n en casos de violencia contra las mujeres\u201d.<\/p>\n\n\n\n<p>Asimismo, el jueves 8 de diciembre, de las 11:00 a las 13:00 horas, se realizar\u00e1 el conversatorio \u201cLa cabilda: memoria y resistencia de lesbianas y bisexualas de Tlaxcala\u201d en el Museo de la Memoria; este mismo d\u00eda, la fundadora y presidenta de la organizaci\u00f3n civil Mukira, Laura Arag\u00f3n Castro expondr\u00e1 de manera virtual la conferencia \u201cEl caso de Marisela Escobedo y el acceso de las mujeres a la justicia\u201d, con un horario de las 17:00 a las 19:00 horas.<\/p>\n\n\n\n<p>Finalmente, el viernes 9 de diciembre, a las 11:00 horas, la CEDH conmemorar\u00e1 con un evento el \u201cD\u00eda Internacional de los Derechos Humanos\u201d, a efectuarse en sus instalaciones y el s\u00e1bado 10 diciembre, de las 10:00 a las 13:00 horas, frente al Palacio de Gobierno, habr\u00e1 una Jornada de Informaci\u00f3n sobre los Avances de la Alerta de Violencia de G\u00e9nero contra las Mujeres (AVGM) en el estado.<\/p>\n\n\n\n<p>Con estas acciones, la administraci\u00f3n que encabeza la gobernadora Lorena Cu\u00e9llar Cisneros reitera su compromiso con la poblaci\u00f3n femenina para garantizar su acceso a una vida plena y libre de violencia.<\/p>\n","protected":false},"excerpt":{"rendered":"<p>*Habr\u00e1 talleres, cine debates, paneles, conferencias magistrales, conversatorios, cuentacuentos, ferias de emprendimiento e informaci\u00f3n El gobierno del estado, a trav\u00e9s del Instituto Tlaxcalteca de la Mujer (IEM), invita a la poblaci\u00f3n en general a sumarse a las actividades que forman parte de la campa\u00f1a \u201c16 d\u00edas de Activismo para Erradicar la Violencia contra las Mujeres\u201d, [&hellip;]<\/p>\n","protected":false},"author":4,"featured_media":83471,"comment_status":"open","ping_status":"open","sticky":false,"template":"","format":"standard","meta":{"om_disable_all_campaigns":false,"_monsterinsights_skip_tracking":false,"_monsterinsights_sitenote_active":false,"_monsterinsights_sitenote_note":"","_monsterinsights_sitenote_category":0,"jnews-multi-image_gallery":[],"jnews_single_post":{"subtitle":"","format":"standard","video":"","gallery":"","source_name":"","source_url":"","via_name":"","via_url":"","override_template":"0","override":[{"template":"1","single_blog_custom":"","parallax":"1","fullscreen":"1","layout":"right-sidebar","sidebar":"default-sidebar","second_sidebar":"default-sidebar","sticky_sidebar":"1","share_position":"top","share_float_style":"share-monocrhome","show_share_counter":"1","show_view_counter":"1","show_featured":"1","show_post_meta":"1","show_post_author":"1","show_post_author_image":"1","show_post_date":"1","post_date_format":"default","post_date_format_custom":"Y\/m\/d","show_post_category":"1","show_post_reading_time":"0","post_reading_time_wpm":"300","show_zoom_button":"0","zoom_button_out_step":"2","zoom_button_in_step":"3","show_post_tag":"1","show_prev_next_post":"1","show_popup_post":"1","number_popup_post":"1","show_author_box":"1","show_post_related":"0","show_inline_post_related":"0"}],"override_image_size":"0","image_override":[{"single_post_thumbnail_size":"crop-500","single_post_gallery_size":"crop-500"}],"trending_post":"0","trending_post_position":"meta","trending_post_label":"Trending","sponsored_post":"0","sponsored_post_label":"Sponsored by","sponsored_post_name":"","sponsored_post_url":"","sponsored_post_logo_enable":"0","sponsored_post_logo":"","sponsored_post_desc":"","disable_ad":"0"},"jnews_primary_category":{"id":""},"footnotes":""},"categories":[43,52],"tags":[150,110,96],"class_list":["post-83470","post","type-post","status-publish","format-standard","has-post-thumbnail","hentry","category-estado","category-gobierno-de-tlaxcala","tag-gobierno-del-estado","tag-municipios","tag-tlaxcala"],"aioseo_notices":[],"_links":{"self":[{"href":"https:\/\/estado29.mx\/index.php?rest_route=\/wp\/v2\/posts\/83470","targetHints":{"allow":["GET"]}}],"collection":[{"href":"https:\/\/estado29.mx\/index.php?rest_route=\/wp\/v2\/posts"}],"about":[{"href":"https:\/\/estado29.mx\/index.php?rest_route=\/wp\/v2\/types\/post"}],"author":[{"embeddable":true,"href":"https:\/\/estado29.mx\/index.php?rest_route=\/wp\/v2\/users\/4"}],"replies":[{"embeddable":true,"href":"https:\/\/estado29.mx\/index.php?rest_route=%2Fwp%2Fv2%2Fcomments&post=83470"}],"version-history":[{"count":1,"href":"https:\/\/estado29.mx\/index.php?rest_route=\/wp\/v2\/posts\/83470\/revisions"}],"predecessor-version":[{"id":83472,"href":"https:\/\/estado29.mx\/index.php?rest_route=\/wp\/v2\/posts\/83470\/revisions\/83472"}],"wp:featuredmedia":[{"embeddable":true,"href":"https:\/\/estado29.mx\/index.php?rest_route=\/wp\/v2\/media\/83471"}],"wp:attachment":[{"href":"https:\/\/estado29.mx\/index.php?rest_route=%2Fwp%2Fv2%2Fmedia&parent=83470"}],"wp:term":[{"taxonomy":"category","embeddable":true,"href":"https:\/\/estado29.mx\/index.php?rest_route=%2Fwp%2Fv2%2Fcategories&post=83470"},{"taxonomy":"post_tag","embeddable":true,"href":"https:\/\/estado29.mx\/index.php?rest_route=%2Fwp%2Fv2%2Ftags&post=83470"}],"curies":[{"name":"wp","href":"https:\/\/api.w.org\/{rel}","templated":true}]}}