{"id":83473,"date":"2022-11-28T13:39:32","date_gmt":"2022-11-28T13:39:32","guid":{"rendered":"https:\/\/estado29.mx\/?p=83473"},"modified":"2022-11-28T13:39:32","modified_gmt":"2022-11-28T13:39:32","slug":"impulsa-styc-la-economia-social-y-solidaria-en-el-estado","status":"publish","type":"post","link":"https:\/\/estado29.mx\/?p=83473","title":{"rendered":"Impulsa STyC la econom\u00eda social y solidaria en el estado"},"content":{"rendered":"\n<p>*Busca apoyar a diversos productores con la venta directa y terminar con los intermediarios<\/p>\n\n\n\n<p>El Gobierno del Estado, a trav\u00e9s de la Secretar\u00eda de Trabajo y Competitividad (STyC), realiza acciones de impulso y fomento a la econom\u00eda social y solidaria en la entidad para apoyar a la poblaci\u00f3n productora a realizar una venta directa y sin intermediarios de sus productos y, a su vez, generar un consumo local.<\/p>\n\n\n\n<p>Durante la primera reuni\u00f3n de trabajo con el Instituto Nacional de la Econom\u00eda Social (Inaes) y dependencias locales, el titular de la dependencia, Ignacio L\u00f3pez S\u00e1nchez subray\u00f3 que esta actividad econ\u00f3mica es promovida por la gobernadora Lorena Cu\u00e9llar Cisneros a favor de las y los ciudadanos tlaxcaltecas.<\/p>\n\n\n\n<p>Revel\u00f3 que actualmente trabajan en este tipo de econom\u00eda social y solidaria con 9 mil panaderos de Huactzinco, para que a trav\u00e9s de cooperativas adquieran sus insumos a un menor costo.<\/p>\n\n\n\n<p>L\u00f3pez S\u00e1nchez indic\u00f3 que se necesita reformar la Ley Org\u00e1nica de la Administraci\u00f3n P\u00fablica del Gobierno del Estado, ya que la econom\u00eda social y solidaria est\u00e1 en el Plan Estatal de Desarrollo (PED) 2021-2027, por lo que la STyC ha trabajado en una iniciativa que se presentar\u00e1 en el Congreso local.<\/p>\n\n\n\n<p>A su vez, el director general del Inaes, Juan Manuel Mart\u00ednez Louvier mencion\u00f3 que su misi\u00f3n es fortalecer a los ejidos, comunidades y cooperativas a trav\u00e9s de la participaci\u00f3n, capacitaci\u00f3n, investigaci\u00f3n, difusi\u00f3n y el apoyo a proyectos productivos de forma gratuita.<\/p>\n\n\n\n<p>En ese sentido, expuso que este primer acercamiento con las autoridades estatales es para acordar los trabajos que desarrollar\u00e1n en la entidad, \u201cestamos justo en la etapa de dise\u00f1o, es muy importante que podamos alinear objetivos comunes de gobiernos afines, para que las personas tengan m\u00e1s herramientas, m\u00e1s capacidades para administrar su bienestar\u201d, se\u00f1al\u00f3.<\/p>\n\n\n\n<p>A la reuni\u00f3n asistieron representantes de la Secretar\u00eda de Desarrollo Econ\u00f3mico (Sedeco), de la Universidad Tecnol\u00f3gica de Tlaxcala (UTT), de El Colegio de Tlaxcala (Coltlax), de las coordinaciones de las Tandas del Bienestar y General de Planeaci\u00f3n e Inversi\u00f3n (CGPI).<\/p>\n","protected":false},"excerpt":{"rendered":"<p>*Busca apoyar a diversos productores con la venta directa y terminar con los intermediarios El Gobierno del Estado, a trav\u00e9s de la Secretar\u00eda de Trabajo y Competitividad (STyC), realiza acciones de impulso y fomento a la econom\u00eda social y solidaria en la entidad para apoyar a la poblaci\u00f3n productora a realizar una venta directa y [&hellip;]<\/p>\n","protected":false},"author":4,"featured_media":83474,"comment_status":"open","ping_status":"open","sticky":false,"template":"","format":"standard","meta":{"om_disable_all_campaigns":false,"_monsterinsights_skip_tracking":false,"_monsterinsights_sitenote_active":false,"_monsterinsights_sitenote_note":"","_monsterinsights_sitenote_category":0,"jnews-multi-image_gallery":[],"jnews_single_post":{"subtitle":"","format":"standard","video":"","gallery":"","source_name":"","source_url":"","via_name":"","via_url":"","override_template":"0","override":[{"template":"1","single_blog_custom":"","parallax":"1","fullscreen":"1","layout":"right-sidebar","sidebar":"default-sidebar","second_sidebar":"default-sidebar","sticky_sidebar":"1","share_position":"top","share_float_style":"share-monocrhome","show_share_counter":"1","show_view_counter":"1","show_featured":"1","show_post_meta":"1","show_post_author":"1","show_post_author_image":"1","show_post_date":"1","post_date_format":"default","post_date_format_custom":"Y\/m\/d","show_post_category":"1","show_post_reading_time":"0","post_reading_time_wpm":"300","show_zoom_button":"0","zoom_button_out_step":"2","zoom_button_in_step":"3","show_post_tag":"1","show_prev_next_post":"1","show_popup_post":"1","number_popup_post":"1","show_author_box":"1","show_post_related":"0","show_inline_post_related":"0"}],"override_image_size":"0","image_override":[{"single_post_thumbnail_size":"crop-500","single_post_gallery_size":"crop-500"}],"trending_post":"0","trending_post_position":"meta","trending_post_label":"Trending","sponsored_post":"0","sponsored_post_label":"Sponsored by","sponsored_post_name":"","sponsored_post_url":"","sponsored_post_logo_enable":"0","sponsored_post_logo":"","sponsored_post_desc":"","disable_ad":"0"},"jnews_primary_category":{"id":""},"footnotes":""},"categories":[43,52],"tags":[150,110,96],"class_list":["post-83473","post","type-post","status-publish","format-standard","has-post-thumbnail","hentry","category-estado","category-gobierno-de-tlaxcala","tag-gobierno-del-estado","tag-municipios","tag-tlaxcala"],"aioseo_notices":[],"_links":{"self":[{"href":"https:\/\/estado29.mx\/index.php?rest_route=\/wp\/v2\/posts\/83473","targetHints":{"allow":["GET"]}}],"collection":[{"href":"https:\/\/estado29.mx\/index.php?rest_route=\/wp\/v2\/posts"}],"about":[{"href":"https:\/\/estado29.mx\/index.php?rest_route=\/wp\/v2\/types\/post"}],"author":[{"embeddable":true,"href":"https:\/\/estado29.mx\/index.php?rest_route=\/wp\/v2\/users\/4"}],"replies":[{"embeddable":true,"href":"https:\/\/estado29.mx\/index.php?rest_route=%2Fwp%2Fv2%2Fcomments&post=83473"}],"version-history":[{"count":1,"href":"https:\/\/estado29.mx\/index.php?rest_route=\/wp\/v2\/posts\/83473\/revisions"}],"predecessor-version":[{"id":83475,"href":"https:\/\/estado29.mx\/index.php?rest_route=\/wp\/v2\/posts\/83473\/revisions\/83475"}],"wp:featuredmedia":[{"embeddable":true,"href":"https:\/\/estado29.mx\/index.php?rest_route=\/wp\/v2\/media\/83474"}],"wp:attachment":[{"href":"https:\/\/estado29.mx\/index.php?rest_route=%2Fwp%2Fv2%2Fmedia&parent=83473"}],"wp:term":[{"taxonomy":"category","embeddable":true,"href":"https:\/\/estado29.mx\/index.php?rest_route=%2Fwp%2Fv2%2Fcategories&post=83473"},{"taxonomy":"post_tag","embeddable":true,"href":"https:\/\/estado29.mx\/index.php?rest_route=%2Fwp%2Fv2%2Ftags&post=83473"}],"curies":[{"name":"wp","href":"https:\/\/api.w.org\/{rel}","templated":true}]}}