{"id":83494,"date":"2022-11-29T13:37:22","date_gmt":"2022-11-29T13:37:22","guid":{"rendered":"https:\/\/estado29.mx\/?p=83494"},"modified":"2022-11-29T13:37:23","modified_gmt":"2022-11-29T13:37:23","slug":"recibe-tlaxcala-apoyo-para-beneficiar-los-servicios-de-educacion-especial","status":"publish","type":"post","link":"https:\/\/estado29.mx\/?p=83494","title":{"rendered":"Recibe Tlaxcala apoyo para beneficiar los servicios de educaci\u00f3n especial"},"content":{"rendered":"\n<p>*Se beneficiar\u00e1n a m\u00e1s de 7 mil ni\u00f1as, ni\u00f1os y adolescentes de 20 CAM y 70 Usaer<\/p>\n\n\n\n<p>La Secretar\u00eda de Educaci\u00f3n P\u00fablica del Estado (SEPE), a trav\u00e9s del Programa de Fortalecimiento a los Servicios de Educaci\u00f3n Especial (Pfsee), inici\u00f3 con la primera fase de entrega de materiales para beneficiar a 7 mil 204 ni\u00f1as, ni\u00f1os y adolescentes de los 20 Centros de Atenci\u00f3n M\u00faltiple (CAM) y 70 Unidades de Servicios de Apoyo a la Educaci\u00f3n Regular (Usaer).<\/p>\n\n\n\n<p>La jefa del departamento de Educaci\u00f3n Especial, Yolanda Espinoza D\u00e1vila agradeci\u00f3 a la gobernadora Lorena Cu\u00e9llar Cisneros y al secretario de Educaci\u00f3n, Homero Meneses Hern\u00e1ndez, por la gesti\u00f3n de recursos federales de 5 millones 200 mil pesos.<\/p>\n\n\n\n<p>El material en su totalidad contempla una alarma de luz, 10 l\u00e1mparas de proyecci\u00f3n de estrellas, 10 cortinas de luces LED, 10 microscopios, 10 t\u00faneles de pelotas, 20 electrodos est\u00e1ndar, 20 conos deportivos, 20 polainas con velcro reforzados, as\u00ed como 20 bandas de resistencia.<\/p>\n\n\n\n<p>Espinoza D\u00e1vila resalt\u00f3 que este programa federal est\u00e1 orientado a mejorar las condiciones de funcionamiento, organizaci\u00f3n y formaci\u00f3n de alumnas y alumnos con discapacidad y aptitudes sobresalientes, \u201cactualmente se ha beneficiado a nuestra poblaci\u00f3n de CAM y Usaer con proyectores, telescopios, bocinas, instrumentos musicales, l\u00e1mparas, ca\u00f1ones, iPad y equipo de rob\u00f3tica\u201d.<\/p>\n\n\n\n<p>Asimismo, coment\u00f3 que seguir\u00e1n con el v\u00ednculo interinstitucional con la Universidad Polit\u00e9cnica de Tlaxcala (UPTx) para apoyar a alumnos con aptitudes sobresalientes en rob\u00f3tica, de manera que \u201ccontinuaremos equipando nuestros centros y lograr as\u00ed una nueva historia para el estado\u201d.<\/p>\n\n\n\n<p>En tanto, el director del programa Pfsee, David Hern\u00e1ndez coment\u00f3 que el material servir\u00e1 para equipar las aulas multisensoriales de algunos CAM y para el v\u00ednculo interinstitucional con el Centro de Rehabilitaci\u00f3n Integral (CRI).<\/p>\n","protected":false},"excerpt":{"rendered":"<p>*Se beneficiar\u00e1n a m\u00e1s de 7 mil ni\u00f1as, ni\u00f1os y adolescentes de 20 CAM y 70 Usaer La Secretar\u00eda de Educaci\u00f3n P\u00fablica del Estado (SEPE), a trav\u00e9s del Programa de Fortalecimiento a los Servicios de Educaci\u00f3n Especial (Pfsee), inici\u00f3 con la primera fase de entrega de materiales para beneficiar a 7 mil 204 ni\u00f1as, ni\u00f1os [&hellip;]<\/p>\n","protected":false},"author":4,"featured_media":83495,"comment_status":"open","ping_status":"open","sticky":false,"template":"","format":"standard","meta":{"om_disable_all_campaigns":false,"_monsterinsights_skip_tracking":false,"_monsterinsights_sitenote_active":false,"_monsterinsights_sitenote_note":"","_monsterinsights_sitenote_category":0,"jnews-multi-image_gallery":[],"jnews_single_post":{"subtitle":"","format":"standard","video":"","gallery":"","source_name":"","source_url":"","via_name":"","via_url":"","override_template":"0","override":[{"template":"1","single_blog_custom":"","parallax":"1","fullscreen":"1","layout":"right-sidebar","sidebar":"default-sidebar","second_sidebar":"default-sidebar","sticky_sidebar":"1","share_position":"top","share_float_style":"share-monocrhome","show_share_counter":"1","show_view_counter":"1","show_featured":"1","show_post_meta":"1","show_post_author":"1","show_post_author_image":"1","show_post_date":"1","post_date_format":"default","post_date_format_custom":"Y\/m\/d","show_post_category":"1","show_post_reading_time":"0","post_reading_time_wpm":"300","show_zoom_button":"0","zoom_button_out_step":"2","zoom_button_in_step":"3","show_post_tag":"1","show_prev_next_post":"1","show_popup_post":"1","number_popup_post":"1","show_author_box":"1","show_post_related":"0","show_inline_post_related":"0"}],"override_image_size":"0","image_override":[{"single_post_thumbnail_size":"crop-500","single_post_gallery_size":"crop-500"}],"trending_post":"0","trending_post_position":"meta","trending_post_label":"Trending","sponsored_post":"0","sponsored_post_label":"Sponsored by","sponsored_post_name":"","sponsored_post_url":"","sponsored_post_logo_enable":"0","sponsored_post_logo":"","sponsored_post_desc":"","disable_ad":"0"},"jnews_primary_category":{"id":""},"footnotes":""},"categories":[43,52],"tags":[150,110,96],"class_list":["post-83494","post","type-post","status-publish","format-standard","has-post-thumbnail","hentry","category-estado","category-gobierno-de-tlaxcala","tag-gobierno-del-estado","tag-municipios","tag-tlaxcala"],"aioseo_notices":[],"_links":{"self":[{"href":"https:\/\/estado29.mx\/index.php?rest_route=\/wp\/v2\/posts\/83494","targetHints":{"allow":["GET"]}}],"collection":[{"href":"https:\/\/estado29.mx\/index.php?rest_route=\/wp\/v2\/posts"}],"about":[{"href":"https:\/\/estado29.mx\/index.php?rest_route=\/wp\/v2\/types\/post"}],"author":[{"embeddable":true,"href":"https:\/\/estado29.mx\/index.php?rest_route=\/wp\/v2\/users\/4"}],"replies":[{"embeddable":true,"href":"https:\/\/estado29.mx\/index.php?rest_route=%2Fwp%2Fv2%2Fcomments&post=83494"}],"version-history":[{"count":1,"href":"https:\/\/estado29.mx\/index.php?rest_route=\/wp\/v2\/posts\/83494\/revisions"}],"predecessor-version":[{"id":83496,"href":"https:\/\/estado29.mx\/index.php?rest_route=\/wp\/v2\/posts\/83494\/revisions\/83496"}],"wp:featuredmedia":[{"embeddable":true,"href":"https:\/\/estado29.mx\/index.php?rest_route=\/wp\/v2\/media\/83495"}],"wp:attachment":[{"href":"https:\/\/estado29.mx\/index.php?rest_route=%2Fwp%2Fv2%2Fmedia&parent=83494"}],"wp:term":[{"taxonomy":"category","embeddable":true,"href":"https:\/\/estado29.mx\/index.php?rest_route=%2Fwp%2Fv2%2Fcategories&post=83494"},{"taxonomy":"post_tag","embeddable":true,"href":"https:\/\/estado29.mx\/index.php?rest_route=%2Fwp%2Fv2%2Ftags&post=83494"}],"curies":[{"name":"wp","href":"https:\/\/api.w.org\/{rel}","templated":true}]}}