{"id":83497,"date":"2022-11-29T13:38:35","date_gmt":"2022-11-29T13:38:35","guid":{"rendered":"https:\/\/estado29.mx\/?p=83497"},"modified":"2022-11-29T13:38:35","modified_gmt":"2022-11-29T13:38:35","slug":"realiza-pgje-conferencia-sobre-ordenes-de-proteccion-a-las-victimas","status":"publish","type":"post","link":"https:\/\/estado29.mx\/?p=83497","title":{"rendered":"Realiza PGJE conferencia sobre \u00f3rdenes de protecci\u00f3n a las v\u00edctimas"},"content":{"rendered":"\n<p>*La ponencia forma parte de las actividades conmemorativas a los 16 D\u00edas de Activismo contra la Violencia de G\u00e9nero<\/p>\n\n\n\n<p>Con la conferencia \u201cCu\u00e1l es el proceso unificado que utilizar\u00e1n los Ministerios P\u00fablicos despu\u00e9s de que reciban las \u00f3rdenes de protecci\u00f3n emitidas por las y los jueces municipales\u201d, la Procuradur\u00eda General de Justicia del Estado (PGJE) se sum\u00f3 a los 16 D\u00edas de Activismo contra la Violencia de G\u00e9nero, con el objetivo de erradicar las agresiones contra ni\u00f1as y mujeres.<\/p>\n\n\n\n<p>En las instalaciones del Centro Estatal de Evaluaci\u00f3n y Control de Confianza (C3), la coordinadora de m\u00f3dulos de violencia intrafamiliar y g\u00e9nero, Mar\u00eda del Carmen M\u00e1rquez Ram\u00edrez destac\u00f3 que la titular de la PGJE, Ernestina Carro Rold\u00e1n, ha instruido al personal de la Procuradur\u00eda para atender de manera c\u00e1lida, segura y con pleno respeto a sus derechos, a las mujeres v\u00edctimas de violencia que acudan a presentar su denuncia.<\/p>\n\n\n\n<p>Durante la ponencia, M\u00e1rquez Ram\u00edrez explic\u00f3 a los asistentes en qu\u00e9 consisten las \u00f3rdenes de protecci\u00f3n, las autoridades responsables de emitirlas, as\u00ed como quienes son los encargados de notificar o corroborar que se d\u00e9 cumplimiento a dichos mandamientos, adem\u00e1s del proceso que deben seguir los agentes del Ministerio P\u00fablico.<\/p>\n\n\n\n<p>De manera previa, juezas municipales realizaron la presentaci\u00f3n del \u201cFormulario para la atenci\u00f3n inmediata de las mujeres v\u00edctimas de violencia\u201d, mientras que personal de la Comisi\u00f3n Estatal de Derechos Humanos (CEDH) explic\u00f3 la \u201cBater\u00eda de riesgo para las y los jueces municipales en la implementaci\u00f3n de las \u00f3rdenes de protecci\u00f3n\u201d.<\/p>\n\n\n\n<p>Cabe se\u00f1alar que el Formulario y la Bater\u00eda de riesgo tienen el prop\u00f3sito de que las dependencias encargadas de atender a las v\u00edctimas de alg\u00fan tipo de violencia, conozcan el contexto en el que se han desarrollado las mujeres, a fin de que reciban una atenci\u00f3n eficiente y eficaz.<\/p>\n","protected":false},"excerpt":{"rendered":"<p>*La ponencia forma parte de las actividades conmemorativas a los 16 D\u00edas de Activismo contra la Violencia de G\u00e9nero Con la conferencia \u201cCu\u00e1l es el proceso unificado que utilizar\u00e1n los Ministerios P\u00fablicos despu\u00e9s de que reciban las \u00f3rdenes de protecci\u00f3n emitidas por las y los jueces municipales\u201d, la Procuradur\u00eda General de Justicia del Estado (PGJE) [&hellip;]<\/p>\n","protected":false},"author":4,"featured_media":83498,"comment_status":"open","ping_status":"open","sticky":false,"template":"","format":"standard","meta":{"om_disable_all_campaigns":false,"_monsterinsights_skip_tracking":false,"_monsterinsights_sitenote_active":false,"_monsterinsights_sitenote_note":"","_monsterinsights_sitenote_category":0,"jnews-multi-image_gallery":[],"jnews_single_post":{"subtitle":"","format":"standard","video":"","gallery":"","source_name":"","source_url":"","via_name":"","via_url":"","override_template":"0","override":[{"template":"1","single_blog_custom":"","parallax":"1","fullscreen":"1","layout":"right-sidebar","sidebar":"default-sidebar","second_sidebar":"default-sidebar","sticky_sidebar":"1","share_position":"top","share_float_style":"share-monocrhome","show_share_counter":"1","show_view_counter":"1","show_featured":"1","show_post_meta":"1","show_post_author":"1","show_post_author_image":"1","show_post_date":"1","post_date_format":"default","post_date_format_custom":"Y\/m\/d","show_post_category":"1","show_post_reading_time":"0","post_reading_time_wpm":"300","show_zoom_button":"0","zoom_button_out_step":"2","zoom_button_in_step":"3","show_post_tag":"1","show_prev_next_post":"1","show_popup_post":"1","number_popup_post":"1","show_author_box":"1","show_post_related":"0","show_inline_post_related":"0"}],"override_image_size":"0","image_override":[{"single_post_thumbnail_size":"crop-500","single_post_gallery_size":"crop-500"}],"trending_post":"0","trending_post_position":"meta","trending_post_label":"Trending","sponsored_post":"0","sponsored_post_label":"Sponsored by","sponsored_post_name":"","sponsored_post_url":"","sponsored_post_logo_enable":"0","sponsored_post_logo":"","sponsored_post_desc":"","disable_ad":"0"},"jnews_primary_category":{"id":""},"footnotes":""},"categories":[43,52],"tags":[150,110,96],"class_list":["post-83497","post","type-post","status-publish","format-standard","has-post-thumbnail","hentry","category-estado","category-gobierno-de-tlaxcala","tag-gobierno-del-estado","tag-municipios","tag-tlaxcala"],"aioseo_notices":[],"_links":{"self":[{"href":"https:\/\/estado29.mx\/index.php?rest_route=\/wp\/v2\/posts\/83497","targetHints":{"allow":["GET"]}}],"collection":[{"href":"https:\/\/estado29.mx\/index.php?rest_route=\/wp\/v2\/posts"}],"about":[{"href":"https:\/\/estado29.mx\/index.php?rest_route=\/wp\/v2\/types\/post"}],"author":[{"embeddable":true,"href":"https:\/\/estado29.mx\/index.php?rest_route=\/wp\/v2\/users\/4"}],"replies":[{"embeddable":true,"href":"https:\/\/estado29.mx\/index.php?rest_route=%2Fwp%2Fv2%2Fcomments&post=83497"}],"version-history":[{"count":1,"href":"https:\/\/estado29.mx\/index.php?rest_route=\/wp\/v2\/posts\/83497\/revisions"}],"predecessor-version":[{"id":83499,"href":"https:\/\/estado29.mx\/index.php?rest_route=\/wp\/v2\/posts\/83497\/revisions\/83499"}],"wp:featuredmedia":[{"embeddable":true,"href":"https:\/\/estado29.mx\/index.php?rest_route=\/wp\/v2\/media\/83498"}],"wp:attachment":[{"href":"https:\/\/estado29.mx\/index.php?rest_route=%2Fwp%2Fv2%2Fmedia&parent=83497"}],"wp:term":[{"taxonomy":"category","embeddable":true,"href":"https:\/\/estado29.mx\/index.php?rest_route=%2Fwp%2Fv2%2Fcategories&post=83497"},{"taxonomy":"post_tag","embeddable":true,"href":"https:\/\/estado29.mx\/index.php?rest_route=%2Fwp%2Fv2%2Ftags&post=83497"}],"curies":[{"name":"wp","href":"https:\/\/api.w.org\/{rel}","templated":true}]}}