{"id":83503,"date":"2022-11-29T13:57:23","date_gmt":"2022-11-29T13:57:23","guid":{"rendered":"https:\/\/estado29.mx\/?p=83503"},"modified":"2022-11-29T13:57:24","modified_gmt":"2022-11-29T13:57:24","slug":"se-suman-legisladoras-a-los-16-dias-de-activismo-como-parte-de-la-lucha-contra-la-violencia-de-genero","status":"publish","type":"post","link":"https:\/\/estado29.mx\/?p=83503","title":{"rendered":"Se suman legisladoras a los 16 d\u00edas de activismo como parte de la lucha contra la violencia de g\u00e9nero"},"content":{"rendered":"\n<p>Dentro del marco del D\u00eda Internacional de la Eliminaci\u00f3n de la Violencia Contra las Mujeres, la presidenta de la Mesa Directiva del Congreso, Leticia Mart\u00ednez Cer\u00f3n; la presidenta de la Comisi\u00f3n de Igualdad de G\u00e9nero y Contra la Trata de Personas, Lorena Ruiz Garc\u00eda; y la presidenta de la Comisi\u00f3n de Educaci\u00f3n, Cultura, Ciencia y Tecnolog\u00eda, Laura Alejandra Ram\u00edrez Ortiz; se sumaron a la &#8220;Declaratoria y arranque de los 16 d\u00edas de activismo&#8221; organizado por el Instituto Estatal de la Mujer (IEM).<\/p>\n\n\n\n<p>Las congresistas de la LXIV Legislatura se unieron a las actividades para acercar de manera directa a las mujeres tlaxcaltecas con sus instituciones, a fin de que conozcan las funciones que desempe\u00f1an, pero sobre todo, conozcan a d\u00f3nde deben acudir en caso de ser v\u00edctima de alg\u00fan tipo de violencia.<\/p>\n\n\n\n<p>Este fin de semana, en el Teatro Universitario de la capital, la gobernadora de Tlaxcala, Lorena Cu\u00e9llar Cisneros, las legisladoras y funcionarias de distintos niveles de gobierno, arrancaron los 16 d\u00edas de activismo a favor del reconocimiento de los derechos de las mujeres, ni\u00f1as y adolescentes, que bajo contextos de vulnerabilidad, sufren da\u00f1os contra su dignidad.<\/p>\n\n\n\n<p>En el marco del D\u00eda Internacional de la Eliminaci\u00f3n de la Violencia contra la Mujer, a nombre del Poder Legislativo, la presidenta de la Comisi\u00f3n de Igualdad de G\u00e9nero y Contra la Trata de Personas, Lorena Ruiz Garc\u00eda, se\u00f1al\u00f3 que desde el trabajo legislativo se han tenido grandes avances, como la iniciativa en la que se ampl\u00edan las medidas de protecci\u00f3n; sin embargo, la lucha a\u00fan continua para garantizar una vida libre de violencia.<\/p>\n\n\n\n<p>&#8220;Tengamos siempre presente qu\u00e9 hacer y d\u00f3nde solicitar apoyo, esto puede salvar vidas, nuestro mayor inter\u00e9s con este tipo de actividades es prevenir y eliminar la violencia de g\u00e9nero, y eso s\u00f3lo podemos hacer, a trav\u00e9s de brindar atenci\u00f3n y defensa a las mujeres y ni\u00f1as del Estado&#8221;, manifest\u00f3.<\/p>\n\n\n\n<p>A este importante evento se cont\u00f3 con la presencia de la Gobernadora del Estado; Lorena Cu\u00e9llar Cisneros; la Presidenta del Tribunal Superior de Justicia del Estado, Mary Cruz Cort\u00e9s Ornelas; la Directora del Instituto Estatal de la Mujer, Margarita Cisneros Tzoni; la Presidenta de la Comisi\u00f3n Estatal de Derechos Humanos (CEDH), Jakqueline Ordo\u00f1ez Brasdefer; la procuradora del Estado, Ernestina Carro Rold\u00e1n; y el Rector de la Universidad Aut\u00f3noma de Tlaxcala, Seraf\u00edn Ortiz Ortiz.<\/p>\n","protected":false},"excerpt":{"rendered":"<p>Dentro del marco del D\u00eda Internacional de la Eliminaci\u00f3n de la Violencia Contra las Mujeres, la presidenta de la Mesa Directiva del Congreso, Leticia Mart\u00ednez Cer\u00f3n; la presidenta de la Comisi\u00f3n de Igualdad de G\u00e9nero y Contra la Trata de Personas, Lorena Ruiz Garc\u00eda; y la presidenta de la Comisi\u00f3n de Educaci\u00f3n, Cultura, Ciencia y [&hellip;]<\/p>\n","protected":false},"author":4,"featured_media":83504,"comment_status":"open","ping_status":"open","sticky":false,"template":"","format":"standard","meta":{"om_disable_all_campaigns":false,"_monsterinsights_skip_tracking":false,"_monsterinsights_sitenote_active":false,"_monsterinsights_sitenote_note":"","_monsterinsights_sitenote_category":0,"jnews-multi-image_gallery":[],"jnews_single_post":{"subtitle":"","format":"standard","video":"","gallery":"","source_name":"","source_url":"","via_name":"","via_url":"","override_template":"0","override":[{"template":"1","single_blog_custom":"","parallax":"1","fullscreen":"1","layout":"right-sidebar","sidebar":"default-sidebar","second_sidebar":"default-sidebar","sticky_sidebar":"1","share_position":"top","share_float_style":"share-monocrhome","show_share_counter":"1","show_view_counter":"1","show_featured":"1","show_post_meta":"1","show_post_author":"1","show_post_author_image":"1","show_post_date":"1","post_date_format":"default","post_date_format_custom":"Y\/m\/d","show_post_category":"1","show_post_reading_time":"0","post_reading_time_wpm":"300","show_zoom_button":"0","zoom_button_out_step":"2","zoom_button_in_step":"3","show_post_tag":"1","show_prev_next_post":"1","show_popup_post":"1","number_popup_post":"1","show_author_box":"1","show_post_related":"0","show_inline_post_related":"0"}],"override_image_size":"0","image_override":[{"single_post_thumbnail_size":"crop-500","single_post_gallery_size":"crop-500"}],"trending_post":"0","trending_post_position":"meta","trending_post_label":"Trending","sponsored_post":"0","sponsored_post_label":"Sponsored by","sponsored_post_name":"","sponsored_post_url":"","sponsored_post_logo_enable":"0","sponsored_post_logo":"","sponsored_post_desc":"","disable_ad":"0"},"jnews_primary_category":{"id":""},"footnotes":""},"categories":[53,43],"tags":[180,96],"class_list":["post-83503","post","type-post","status-publish","format-standard","has-post-thumbnail","hentry","category-congreso","category-estado","tag-congreso-del-estado","tag-tlaxcala"],"aioseo_notices":[],"_links":{"self":[{"href":"https:\/\/estado29.mx\/index.php?rest_route=\/wp\/v2\/posts\/83503","targetHints":{"allow":["GET"]}}],"collection":[{"href":"https:\/\/estado29.mx\/index.php?rest_route=\/wp\/v2\/posts"}],"about":[{"href":"https:\/\/estado29.mx\/index.php?rest_route=\/wp\/v2\/types\/post"}],"author":[{"embeddable":true,"href":"https:\/\/estado29.mx\/index.php?rest_route=\/wp\/v2\/users\/4"}],"replies":[{"embeddable":true,"href":"https:\/\/estado29.mx\/index.php?rest_route=%2Fwp%2Fv2%2Fcomments&post=83503"}],"version-history":[{"count":1,"href":"https:\/\/estado29.mx\/index.php?rest_route=\/wp\/v2\/posts\/83503\/revisions"}],"predecessor-version":[{"id":83505,"href":"https:\/\/estado29.mx\/index.php?rest_route=\/wp\/v2\/posts\/83503\/revisions\/83505"}],"wp:featuredmedia":[{"embeddable":true,"href":"https:\/\/estado29.mx\/index.php?rest_route=\/wp\/v2\/media\/83504"}],"wp:attachment":[{"href":"https:\/\/estado29.mx\/index.php?rest_route=%2Fwp%2Fv2%2Fmedia&parent=83503"}],"wp:term":[{"taxonomy":"category","embeddable":true,"href":"https:\/\/estado29.mx\/index.php?rest_route=%2Fwp%2Fv2%2Fcategories&post=83503"},{"taxonomy":"post_tag","embeddable":true,"href":"https:\/\/estado29.mx\/index.php?rest_route=%2Fwp%2Fv2%2Ftags&post=83503"}],"curies":[{"name":"wp","href":"https:\/\/api.w.org\/{rel}","templated":true}]}}