{"id":83514,"date":"2022-11-30T13:23:08","date_gmt":"2022-11-30T13:23:08","guid":{"rendered":"https:\/\/estado29.mx\/?p=83514"},"modified":"2022-11-30T13:23:08","modified_gmt":"2022-11-30T13:23:08","slug":"genera-uatx-espacios-para-personajes-reconocidos-por-la-institucion","status":"publish","type":"post","link":"https:\/\/estado29.mx\/?p=83514","title":{"rendered":"Genera UATx espacios para personajes reconocidos por la instituci\u00f3n"},"content":{"rendered":"\n<p><strong>\u2022&nbsp;&nbsp;&nbsp;&nbsp;&nbsp;&nbsp;&nbsp;&nbsp;&nbsp; Inaugur\u00f3 las galer\u00edas Doctor Honoris Causa y Visitantes Distinguidos, as\u00ed como la Sala Ad Hon\u00f3rem<\/strong><\/p>\n\n\n\n<p>La Universidad Aut\u00f3noma de Tlaxcala (UATx), en el marco de los eventos alusivos a su 46 aniversario, efectu\u00f3 la inauguraci\u00f3n de las galer\u00edas Doctor Honoris Causa y de Visitantes Distinguidos, as\u00ed como la develaci\u00f3n de la placa alusiva de la Sala Ad Hon\u00f3rem \u201cDr. Rodolfo Ortiz\u201d, las cuales re\u00fane a los 16 galardonados que la m\u00e1xima Casa de Estudios ha reconocido, as\u00ed como a los personajes nacionales e internacionales que han aportado al desarrollo de la instituci\u00f3n, ubicadas en el Centro Cultural Universitario (CCU).<\/p>\n\n\n\n<p>Al dirigir su mensaje, el Rector de la UATx, Doctor Seraf\u00edn Ortiz, se\u00f1al\u00f3 que, a lo largo de una d\u00e9cada, lo que se conoc\u00eda como sala multiprop\u00f3sitos del CCU, es un espacio que ha recibido eventos acad\u00e9micos, culturales y sociales, pero, a partir de esta fecha, llevar\u00e1 el nombre de un universitario que, con una gran trayectoria, talento y trabajo fecundo, coadyuv\u00f3 al engrandecimiento del alma m\u00e1ter de la entidad.<\/p>\n\n\n\n<p>Expres\u00f3 que esta \u00e1rea servir\u00e1 para reconocer a personajes nacionales e internacionales en temas de cultura, academia, ciencia, tecnolog\u00eda y en el desarrollo human\u00edstico, adem\u00e1s de que se podr\u00e1 visualizar la trayectoria que la Aut\u00f3noma de Tlaxcala ha tenido para vincularse con destacados intelectuales del pa\u00eds y del extranjero.<\/p>\n\n\n\n<p>En su oportunidad, el Ingeniero Ren\u00e9 Grada Yautenzi, exrector y Coordinador de la Unidad Acad\u00e9mica Multidisciplinaria Campus Calpulalpan (UAMCC), mencion\u00f3 que, el Doctor Rodolfo Ortiz, se caracteriz\u00f3 por ser un excelente acad\u00e9mico, dentro y fuera de la instituci\u00f3n, realiz\u00f3 diferentes publicaciones editoriales que han sido consultadas por educandos de todo el pa\u00eds, y su labor como docente y profesional del derecho dejaron huella en la vida de su familia, amigos y de quienes tuvieron la fortuna de conocerle.<\/p>\n\n\n\n<p>Este acto, cont\u00f3 con la presencia de los ex rectores de la UATx: Licenciado Juan M\u00e9ndez V\u00e1zquez; Maestro Eugenio Romero Melgarejo; Maestro Sandino Leonel Lelis S\u00e1nchez y el Doctor V\u00edctor Job Paredes Cuahquentzi, as\u00ed como de la estructura directiva de la instituci\u00f3n.<\/p>\n","protected":false},"excerpt":{"rendered":"<p>\u2022&nbsp;&nbsp;&nbsp;&nbsp;&nbsp;&nbsp;&nbsp;&nbsp;&nbsp; Inaugur\u00f3 las galer\u00edas Doctor Honoris Causa y Visitantes Distinguidos, as\u00ed como la Sala Ad Hon\u00f3rem La Universidad Aut\u00f3noma de Tlaxcala (UATx), en el marco de los eventos alusivos a su 46 aniversario, efectu\u00f3 la inauguraci\u00f3n de las galer\u00edas Doctor Honoris Causa y de Visitantes Distinguidos, as\u00ed como la develaci\u00f3n de la placa alusiva de [&hellip;]<\/p>\n","protected":false},"author":4,"featured_media":82474,"comment_status":"open","ping_status":"open","sticky":false,"template":"","format":"standard","meta":{"om_disable_all_campaigns":false,"_monsterinsights_skip_tracking":false,"_monsterinsights_sitenote_active":false,"_monsterinsights_sitenote_note":"","_monsterinsights_sitenote_category":0,"jnews-multi-image_gallery":[],"jnews_single_post":[],"jnews_primary_category":[],"footnotes":""},"categories":[43,52],"tags":[875,110,96],"class_list":["post-83514","post","type-post","status-publish","format-standard","has-post-thumbnail","hentry","category-estado","category-gobierno-de-tlaxcala","tag-autx","tag-municipios","tag-tlaxcala"],"aioseo_notices":[],"_links":{"self":[{"href":"https:\/\/estado29.mx\/index.php?rest_route=\/wp\/v2\/posts\/83514","targetHints":{"allow":["GET"]}}],"collection":[{"href":"https:\/\/estado29.mx\/index.php?rest_route=\/wp\/v2\/posts"}],"about":[{"href":"https:\/\/estado29.mx\/index.php?rest_route=\/wp\/v2\/types\/post"}],"author":[{"embeddable":true,"href":"https:\/\/estado29.mx\/index.php?rest_route=\/wp\/v2\/users\/4"}],"replies":[{"embeddable":true,"href":"https:\/\/estado29.mx\/index.php?rest_route=%2Fwp%2Fv2%2Fcomments&post=83514"}],"version-history":[{"count":1,"href":"https:\/\/estado29.mx\/index.php?rest_route=\/wp\/v2\/posts\/83514\/revisions"}],"predecessor-version":[{"id":83515,"href":"https:\/\/estado29.mx\/index.php?rest_route=\/wp\/v2\/posts\/83514\/revisions\/83515"}],"wp:featuredmedia":[{"embeddable":true,"href":"https:\/\/estado29.mx\/index.php?rest_route=\/wp\/v2\/media\/82474"}],"wp:attachment":[{"href":"https:\/\/estado29.mx\/index.php?rest_route=%2Fwp%2Fv2%2Fmedia&parent=83514"}],"wp:term":[{"taxonomy":"category","embeddable":true,"href":"https:\/\/estado29.mx\/index.php?rest_route=%2Fwp%2Fv2%2Fcategories&post=83514"},{"taxonomy":"post_tag","embeddable":true,"href":"https:\/\/estado29.mx\/index.php?rest_route=%2Fwp%2Fv2%2Ftags&post=83514"}],"curies":[{"name":"wp","href":"https:\/\/api.w.org\/{rel}","templated":true}]}}