{"id":83528,"date":"2022-11-30T13:37:36","date_gmt":"2022-11-30T13:37:36","guid":{"rendered":"https:\/\/estado29.mx\/?p=83528"},"modified":"2022-11-30T13:37:36","modified_gmt":"2022-11-30T13:37:36","slug":"pone-en-marcha-gobernadora-lorena-cuellar-sistema-hidrico-de-proceso-industrial-cero-descarga-del-grupo-providencia","status":"publish","type":"post","link":"https:\/\/estado29.mx\/?p=83528","title":{"rendered":"Pone en marcha gobernadora Lorena Cu\u00e9llar sistema h\u00eddrico de proceso industrial \u201ccero descarga\u201d del grupo providencia"},"content":{"rendered":"\n<p>*El objetivo es impulsar en las industrias el tratamiento de sus aguas residuales para uso productivo y cuidado del medio ambiente<\/p>\n\n\n\n<p>La gobernadora Lorena Cu\u00e9llar Cisneros puso en marcha el Sistema H\u00eddrico de Proceso Industrial \u201cCero Descarga\u201d en la empresa textil Providencia, ubicada en el municipio de Contla, acci\u00f3n que se integra a la visi\u00f3n de la administraci\u00f3n estatal de impulsar en las industrias el tratamiento de sus aguas residuales para uso productivo y cuidado del medio ambiente.<\/p>\n\n\n\n<p>En su visita a las instalaciones de esta empresa, la titular del Ejecutivo local refiri\u00f3 que esta compa\u00f1\u00eda es pionera en la industria textil al lograr cero descargas de aguas industriales, por lo que \u201cpara nosotros, como gobierno, ha sido muy importante trabajar estos temas desde la creaci\u00f3n de la Secretar\u00eda de Medio Ambiente y de la Procuradur\u00eda de Medio Ambiente, para prevenir descargas que afectan al medio ambiente, pero tambi\u00e9n a la salud de las y los tlaxcaltecas\u201d.<\/p>\n\n\n\n<p>Destac\u00f3 la asistencia del director general de la Comisi\u00f3n Nacional del Agua (Conagua), Germ\u00e1n Mart\u00ednez Santoyo, al ser testigo del gran esfuerzo que realiza el gobierno, a fin de exhortar a las empresas a ser responsables con el medio ambiente. Puntualiz\u00f3 que a trav\u00e9s de la Comisi\u00f3n Estatal de Agua de Tlaxcala (CEAT) y de la Direcci\u00f3n local de Conagua, se brind\u00f3 capacitaci\u00f3n y asesor\u00eda.<\/p>\n\n\n\n<p>\u201cFelicito a Providencia por este gran esfuerzo, mi reconocimiento por sumarse a estos trabajos del gobierno, tienen el respaldo del director general, que viene a contribuir para que vayamos cumpliendo nuevos retos y cuando nos vayamos dejemos una nueva historia del medio ambiente para Tlaxcala\u201d, expres\u00f3 Cu\u00e9llar Cisneros.&nbsp;<\/p>\n\n\n\n<p>Mientras, Mart\u00ednez Santoyo expuso que esta empresa es un ejemplo para la sociedad y las industrias en Tlaxcala y el pa\u00eds, al generar procesos de apoyo a la econom\u00eda de M\u00e9xico, productos de calidad y coadyuvar a la conservaci\u00f3n del medio ambiente, con mejores condiciones de no descarga de aguas residuales a causes nacionales y cumplir al 100 por ciento con las normas oficiales 001 y 002.<\/p>\n\n\n\n<p>Se\u00f1al\u00f3 que la reutilizaci\u00f3n del agua y de los productos es ejemplo de muchas industrias, \u201cme congratulo, para m\u00ed va a ser un punto de comparaci\u00f3n para muchos otros industriales, para muchas otras empresas que deben seguir este ejemplo por todo Tlaxcala y el pa\u00eds\u201d.&nbsp;<\/p>\n\n\n\n<p>En su intervenci\u00f3n, el director general de Grupo Providencia, Jos\u00e9 Antonio Torre Mendoza agradeci\u00f3 el compromiso del Gobierno del Estado al iniciar con trabajo de conciencia con empresarios para que descarguen agua limpia, \u201ces un gran orgullo para nosotros saber que se inici\u00f3 este proyecto hace un a\u00f1o y aqu\u00ed estamos disfrutando, sobre todo una de las empresas que producen m\u00e1s en el estado, quiere decir que es posible cuando se quieren hacer las cosas\u201d.<\/p>\n\n\n\n<p>Finalmente, Rafael y Jos\u00e9 Antonio Torre Lamu\u00f1o, de Grupo Providencia, expusieron que fue un gran esfuerzo invertir en la segunda fase de la Planta de Tratamiento de Agua Residuales (PTAR), para lograr el 100 por ciento de su agua industrial, adem\u00e1s de estar enfocados totalmente en la sustentabilidad, al reutilizar anualmente 392 millones de botellas para la elaboraci\u00f3n de sus productos.<\/p>\n\n\n\n<p>Acompa\u00f1ada de autoridades federales, estatales y de la empresa, la mandataria estatal devel\u00f3 la placa conmemorativa a la inauguraci\u00f3n de la segunda etapa de la PTAR Providencia, Cero Descargas de Aguas Industriales, la cual emplea un proceso primario avanzado y fisicoqu\u00edmico, un ciclo de clarificaci\u00f3n por filtraci\u00f3n de membrana fina y de desinfecci\u00f3n, para cumplir con las condiciones necesarias para ser utilizada al 100 por ciento en su proceso productivo.<\/p>\n","protected":false},"excerpt":{"rendered":"<p>*El objetivo es impulsar en las industrias el tratamiento de sus aguas residuales para uso productivo y cuidado del medio ambiente La gobernadora Lorena Cu\u00e9llar Cisneros puso en marcha el Sistema H\u00eddrico de Proceso Industrial \u201cCero Descarga\u201d en la empresa textil Providencia, ubicada en el municipio de Contla, acci\u00f3n que se integra a la visi\u00f3n [&hellip;]<\/p>\n","protected":false},"author":4,"featured_media":83529,"comment_status":"open","ping_status":"open","sticky":false,"template":"","format":"standard","meta":{"om_disable_all_campaigns":false,"_monsterinsights_skip_tracking":false,"_monsterinsights_sitenote_active":false,"_monsterinsights_sitenote_note":"","_monsterinsights_sitenote_category":0,"jnews-multi-image_gallery":[],"jnews_single_post":{"subtitle":"","format":"standard","video":"","gallery":"","source_name":"","source_url":"","via_name":"","via_url":"","override_template":"0","override":[{"template":"1","single_blog_custom":"","parallax":"1","fullscreen":"1","layout":"right-sidebar","sidebar":"default-sidebar","second_sidebar":"default-sidebar","sticky_sidebar":"1","share_position":"top","share_float_style":"share-monocrhome","show_share_counter":"1","show_view_counter":"1","show_featured":"1","show_post_meta":"1","show_post_author":"1","show_post_author_image":"1","show_post_date":"1","post_date_format":"default","post_date_format_custom":"Y\/m\/d","show_post_category":"1","show_post_reading_time":"0","post_reading_time_wpm":"300","show_zoom_button":"0","zoom_button_out_step":"2","zoom_button_in_step":"3","show_post_tag":"1","show_prev_next_post":"1","show_popup_post":"1","number_popup_post":"1","show_author_box":"1","show_post_related":"0","show_inline_post_related":"0"}],"override_image_size":"0","image_override":[{"single_post_thumbnail_size":"crop-500","single_post_gallery_size":"crop-500"}],"trending_post":"0","trending_post_position":"meta","trending_post_label":"Trending","sponsored_post":"0","sponsored_post_label":"Sponsored by","sponsored_post_name":"","sponsored_post_url":"","sponsored_post_logo_enable":"0","sponsored_post_logo":"","sponsored_post_desc":"","disable_ad":"0"},"jnews_primary_category":{"id":""},"footnotes":""},"categories":[43,52],"tags":[150,110,96],"class_list":["post-83528","post","type-post","status-publish","format-standard","has-post-thumbnail","hentry","category-estado","category-gobierno-de-tlaxcala","tag-gobierno-del-estado","tag-municipios","tag-tlaxcala"],"aioseo_notices":[],"_links":{"self":[{"href":"https:\/\/estado29.mx\/index.php?rest_route=\/wp\/v2\/posts\/83528","targetHints":{"allow":["GET"]}}],"collection":[{"href":"https:\/\/estado29.mx\/index.php?rest_route=\/wp\/v2\/posts"}],"about":[{"href":"https:\/\/estado29.mx\/index.php?rest_route=\/wp\/v2\/types\/post"}],"author":[{"embeddable":true,"href":"https:\/\/estado29.mx\/index.php?rest_route=\/wp\/v2\/users\/4"}],"replies":[{"embeddable":true,"href":"https:\/\/estado29.mx\/index.php?rest_route=%2Fwp%2Fv2%2Fcomments&post=83528"}],"version-history":[{"count":1,"href":"https:\/\/estado29.mx\/index.php?rest_route=\/wp\/v2\/posts\/83528\/revisions"}],"predecessor-version":[{"id":83530,"href":"https:\/\/estado29.mx\/index.php?rest_route=\/wp\/v2\/posts\/83528\/revisions\/83530"}],"wp:featuredmedia":[{"embeddable":true,"href":"https:\/\/estado29.mx\/index.php?rest_route=\/wp\/v2\/media\/83529"}],"wp:attachment":[{"href":"https:\/\/estado29.mx\/index.php?rest_route=%2Fwp%2Fv2%2Fmedia&parent=83528"}],"wp:term":[{"taxonomy":"category","embeddable":true,"href":"https:\/\/estado29.mx\/index.php?rest_route=%2Fwp%2Fv2%2Fcategories&post=83528"},{"taxonomy":"post_tag","embeddable":true,"href":"https:\/\/estado29.mx\/index.php?rest_route=%2Fwp%2Fv2%2Ftags&post=83528"}],"curies":[{"name":"wp","href":"https:\/\/api.w.org\/{rel}","templated":true}]}}