{"id":83531,"date":"2022-11-30T13:39:21","date_gmt":"2022-11-30T13:39:21","guid":{"rendered":"https:\/\/estado29.mx\/?p=83531"},"modified":"2022-11-30T13:39:21","modified_gmt":"2022-11-30T13:39:21","slug":"rescata-ssc-71-migrantes-y-detiene-a-una-persona","status":"publish","type":"post","link":"https:\/\/estado29.mx\/?p=83531","title":{"rendered":"Rescata SSC 71 migrantes y detiene a una persona\u00a0"},"content":{"rendered":"\n<p>\u2022Se trata de 35 hombres, 26 mujeres, seis ni\u00f1os y cuatro ni\u00f1as, provenientes de Nicaragua, El Salvador, Cuba, Guatemala y Honduras&nbsp;<\/p>\n\n\n\n<p>Mediante un reporte al 911 del Centro de Control, Comando, Comunicaciones y C\u00f3mputo (C4), elementos de la Secretar\u00eda de Seguridad Ciudadana (SSC) participaron en un operativo donde rescataron a 71 personas de&nbsp;origen centroamericano que viajaba a bordo de un autob\u00fas con direcci\u00f3n a Texcoco, Estado de M\u00e9xico, sobre la carretera federal M\u00e9xico-Veracruz, a la altura del municipio de Yauhquemehcan.&nbsp;<\/p>\n\n\n\n<p>Las delegaciones de Apizaco y Mu\u00f1oz de Domingo Arenas de la Direcci\u00f3n de Seguridad P\u00fablica, en coordinaci\u00f3n con Guardia Nacional (GN) y el Instituto Nacional de Migraci\u00f3n (INM), lograron detener al autob\u00fas de la l\u00ednea de Autotransportes Tlaxcala Apizaco Huamantla, S.A., Econ\u00f3mico, con n\u00famero F01341, placas de circulaci\u00f3n 155-HV-4; donde viajaban 35 hombres, 26 mujeres, seis ni\u00f1os y cuatro ni\u00f1as, provenientes de Nicaragua, El Salvador, Cuba, Guatemala y Honduras.&nbsp;<\/p>\n\n\n\n<p>Al darles alcance se confirm\u00f3 que se trata de personas que no cuentan con la calidad migratoria legal para estar en el pa\u00eds, por lo que se procedi\u00f3 junto con INM, al traslado de estas personas a una zona segura.&nbsp;<\/p>\n\n\n\n<p>En este contexto, por parte de la SSC, se asegur\u00f3 al conductor identificado como H\u00e9ctor N., de 38 a\u00f1os de edad, originario del estado de Puebla, as\u00ed como la unidad vehicular para ser puestos a disposici\u00f3n de la autoridad competente y continuar con su procedimiento legal.&nbsp;<\/p>\n\n\n\n<p>Finalmente, se cont\u00f3 con la presencia de param\u00e9dicos y m\u00e9dicos de la SSC, qui\u00e9nes brindaron los primeros auxilios y atenci\u00f3n m\u00e9dica.&nbsp;<\/p>\n\n\n\n<p>Con lo anterior, la Secretar\u00eda de Seguridad Ciudadana mantiene vigilancia en las carreteras y caminos del estado para inhibir todo acto que infrinja la ley.&nbsp;<\/p>\n","protected":false},"excerpt":{"rendered":"<p>\u2022Se trata de 35 hombres, 26 mujeres, seis ni\u00f1os y cuatro ni\u00f1as, provenientes de Nicaragua, El Salvador, Cuba, Guatemala y Honduras&nbsp; Mediante un reporte al 911 del Centro de Control, Comando, Comunicaciones y C\u00f3mputo (C4), elementos de la Secretar\u00eda de Seguridad Ciudadana (SSC) participaron en un operativo donde rescataron a 71 personas de&nbsp;origen centroamericano que [&hellip;]<\/p>\n","protected":false},"author":4,"featured_media":83532,"comment_status":"open","ping_status":"open","sticky":false,"template":"","format":"standard","meta":{"om_disable_all_campaigns":false,"_monsterinsights_skip_tracking":false,"_monsterinsights_sitenote_active":false,"_monsterinsights_sitenote_note":"","_monsterinsights_sitenote_category":0,"jnews-multi-image_gallery":[],"jnews_single_post":{"subtitle":"","format":"standard","video":"","gallery":"","source_name":"","source_url":"","via_name":"","via_url":"","override_template":"0","override":[{"template":"1","single_blog_custom":"","parallax":"1","fullscreen":"1","layout":"right-sidebar","sidebar":"default-sidebar","second_sidebar":"default-sidebar","sticky_sidebar":"1","share_position":"top","share_float_style":"share-monocrhome","show_share_counter":"1","show_view_counter":"1","show_featured":"1","show_post_meta":"1","show_post_author":"1","show_post_author_image":"1","show_post_date":"1","post_date_format":"default","post_date_format_custom":"Y\/m\/d","show_post_category":"1","show_post_reading_time":"0","post_reading_time_wpm":"300","show_zoom_button":"0","zoom_button_out_step":"2","zoom_button_in_step":"3","show_post_tag":"1","show_prev_next_post":"1","show_popup_post":"1","number_popup_post":"1","show_author_box":"1","show_post_related":"0","show_inline_post_related":"0"}],"override_image_size":"0","image_override":[{"single_post_thumbnail_size":"crop-500","single_post_gallery_size":"crop-500"}],"trending_post":"0","trending_post_position":"meta","trending_post_label":"Trending","sponsored_post":"0","sponsored_post_label":"Sponsored by","sponsored_post_name":"","sponsored_post_url":"","sponsored_post_logo_enable":"0","sponsored_post_logo":"","sponsored_post_desc":"","disable_ad":"0"},"jnews_primary_category":{"id":""},"footnotes":""},"categories":[43,52],"tags":[150,110,119],"class_list":["post-83531","post","type-post","status-publish","format-standard","has-post-thumbnail","hentry","category-estado","category-gobierno-de-tlaxcala","tag-gobierno-del-estado","tag-municipios","tag-seguridad"],"aioseo_notices":[],"_links":{"self":[{"href":"https:\/\/estado29.mx\/index.php?rest_route=\/wp\/v2\/posts\/83531","targetHints":{"allow":["GET"]}}],"collection":[{"href":"https:\/\/estado29.mx\/index.php?rest_route=\/wp\/v2\/posts"}],"about":[{"href":"https:\/\/estado29.mx\/index.php?rest_route=\/wp\/v2\/types\/post"}],"author":[{"embeddable":true,"href":"https:\/\/estado29.mx\/index.php?rest_route=\/wp\/v2\/users\/4"}],"replies":[{"embeddable":true,"href":"https:\/\/estado29.mx\/index.php?rest_route=%2Fwp%2Fv2%2Fcomments&post=83531"}],"version-history":[{"count":1,"href":"https:\/\/estado29.mx\/index.php?rest_route=\/wp\/v2\/posts\/83531\/revisions"}],"predecessor-version":[{"id":83533,"href":"https:\/\/estado29.mx\/index.php?rest_route=\/wp\/v2\/posts\/83531\/revisions\/83533"}],"wp:featuredmedia":[{"embeddable":true,"href":"https:\/\/estado29.mx\/index.php?rest_route=\/wp\/v2\/media\/83532"}],"wp:attachment":[{"href":"https:\/\/estado29.mx\/index.php?rest_route=%2Fwp%2Fv2%2Fmedia&parent=83531"}],"wp:term":[{"taxonomy":"category","embeddable":true,"href":"https:\/\/estado29.mx\/index.php?rest_route=%2Fwp%2Fv2%2Fcategories&post=83531"},{"taxonomy":"post_tag","embeddable":true,"href":"https:\/\/estado29.mx\/index.php?rest_route=%2Fwp%2Fv2%2Ftags&post=83531"}],"curies":[{"name":"wp","href":"https:\/\/api.w.org\/{rel}","templated":true}]}}