{"id":83546,"date":"2022-11-30T13:52:21","date_gmt":"2022-11-30T13:52:21","guid":{"rendered":"https:\/\/estado29.mx\/?p=83546"},"modified":"2022-11-30T13:52:21","modified_gmt":"2022-11-30T13:52:21","slug":"suman-esfuerzos-la-secretaria-de-cultura-y-el-inali-a-favor-de-comunidades-indigenas","status":"publish","type":"post","link":"https:\/\/estado29.mx\/?p=83546","title":{"rendered":"Suman esfuerzos la secretar\u00eda de cultura y el INALI a favor de comunidades ind\u00edgenas"},"content":{"rendered":"\n<p>*Buscan promover la igualdad en derechos de los hablantes de lenguas nativas<\/p>\n\n\n\n<p>El gobierno del estado, a trav\u00e9s de la Secretar\u00eda de Cultura (SC), y el Instituto Nacional de Lenguas Ind\u00edgenas (Inali), signaron un convenio de colaboraci\u00f3n a efecto de identificar canales e instancias en las comunidades ind\u00edgenas que favorezcan la promoci\u00f3n del conocimiento y ejercicio de los derechos ling\u00fc\u00edsticos, as\u00ed como desarrollar mecanismos para facilitar datos de int\u00e9rpretes y\/o traductores que ayuden a la mayor comunicaci\u00f3n con la sociedad.<\/p>\n\n\n\n<p>En representaci\u00f3n de la gobernadora Lorena Cu\u00e9llar Cisneros, el secretario de Gobierno, Sergio Gonz\u00e1lez Hern\u00e1ndez habl\u00f3 de la importancia de que las futuras generaciones tlaxcaltecas se sientan orgullosas de sus ra\u00edces y tradiciones, as\u00ed como para llevarlas a la pr\u00e1ctica en el plano educativo.<\/p>\n\n\n\n<p>\u201cRefrendamos el compromiso de nuestra gobernadora con los derechos de las y los tlaxcaltecas, es importante destacar el sentido de pertenencia que nos da el hablar una lengua originaria, y estoy seguro que por parte de los alcaldes tambi\u00e9n existe un gran compromiso con sus habitantes para que las futuras generaciones se sientan orgullosas\u201d, expres\u00f3.<\/p>\n\n\n\n<p>Asimismo, el secretario de Cultura, Antonio Mart\u00ednez Vel\u00e1zquez expuso que \u201ceste convenio le permite dar cuerpo legal e institucional a una de las pol\u00edticas m\u00e1s importantes de la gobernadora, de no dejar a nadie atr\u00e1s, generar en todos los niveles una pol\u00edtica de inclusi\u00f3n\u201d.<\/p>\n\n\n\n<p>En su oportunidad, la coordinadora general de Pol\u00edticas Ling\u00fc\u00edsticas del Inali, Rosa Almandina C\u00e1rdenas Demay asegur\u00f3 que para el instituto es de relevancia la firma de este convenio, en el marco del Decenio Internacional de las Lenguas Ind\u00edgenas 2022-2032, cuyo prop\u00f3sito es ejecutar actividades para frenar la desaparici\u00f3n de los idiomas nativos a nivel mundial.<\/p>\n\n\n\n<p>Asimismo, puntualiz\u00f3 que de acuerdo con el Instituto Nacional de Estad\u00edstica y Geograf\u00eda (Inegi), en el Censo de Poblaci\u00f3n y Vivienda 2020, se identific\u00f3 en Tlaxcala que alrededor de 30 mil personas de tres a\u00f1os o m\u00e1s, son quienes hablan una lengua ind\u00edgena.<\/p>\n\n\n\n<p>Por lo que record\u00f3 el Plan de Acci\u00f3n Global del Decenio y el Plan de Acci\u00f3n de M\u00e9xico, que est\u00e1n sustentados en el principio de la centralidad de los pueblos ind\u00edgenas, bajo el lema \u201cnada para nosotros sin nosotros\u201d y augur\u00f3 \u00e9xito para el trabajo que se realizar\u00e1 entre la SC de Tlaxcala y el Gobierno de M\u00e9xico, a trav\u00e9s del Inali.<\/p>\n","protected":false},"excerpt":{"rendered":"<p>*Buscan promover la igualdad en derechos de los hablantes de lenguas nativas El gobierno del estado, a trav\u00e9s de la Secretar\u00eda de Cultura (SC), y el Instituto Nacional de Lenguas Ind\u00edgenas (Inali), signaron un convenio de colaboraci\u00f3n a efecto de identificar canales e instancias en las comunidades ind\u00edgenas que favorezcan la promoci\u00f3n del conocimiento y [&hellip;]<\/p>\n","protected":false},"author":4,"featured_media":83547,"comment_status":"open","ping_status":"open","sticky":false,"template":"","format":"standard","meta":{"om_disable_all_campaigns":false,"_monsterinsights_skip_tracking":false,"_monsterinsights_sitenote_active":false,"_monsterinsights_sitenote_note":"","_monsterinsights_sitenote_category":0,"jnews-multi-image_gallery":[],"jnews_single_post":{"subtitle":"","format":"standard","video":"","gallery":"","source_name":"","source_url":"","via_name":"","via_url":"","override_template":"0","override":[{"template":"1","single_blog_custom":"","parallax":"1","fullscreen":"1","layout":"right-sidebar","sidebar":"default-sidebar","second_sidebar":"default-sidebar","sticky_sidebar":"1","share_position":"top","share_float_style":"share-monocrhome","show_share_counter":"1","show_view_counter":"1","show_featured":"1","show_post_meta":"1","show_post_author":"1","show_post_author_image":"1","show_post_date":"1","post_date_format":"default","post_date_format_custom":"Y\/m\/d","show_post_category":"1","show_post_reading_time":"0","post_reading_time_wpm":"300","show_zoom_button":"0","zoom_button_out_step":"2","zoom_button_in_step":"3","show_post_tag":"1","show_prev_next_post":"1","show_popup_post":"1","number_popup_post":"1","show_author_box":"1","show_post_related":"0","show_inline_post_related":"0"}],"override_image_size":"0","image_override":[{"single_post_thumbnail_size":"crop-500","single_post_gallery_size":"crop-500"}],"trending_post":"0","trending_post_position":"meta","trending_post_label":"Trending","sponsored_post":"0","sponsored_post_label":"Sponsored by","sponsored_post_name":"","sponsored_post_url":"","sponsored_post_logo_enable":"0","sponsored_post_logo":"","sponsored_post_desc":"","disable_ad":"0"},"jnews_primary_category":{"id":""},"footnotes":""},"categories":[82,80,43,52],"tags":[185,150,110,96],"class_list":["post-83546","post","type-post","status-publish","format-standard","has-post-thumbnail","hentry","category-cultura","category-educacion","category-estado","category-gobierno-de-tlaxcala","tag-cultura","tag-gobierno-del-estado","tag-municipios","tag-tlaxcala"],"aioseo_notices":[],"_links":{"self":[{"href":"https:\/\/estado29.mx\/index.php?rest_route=\/wp\/v2\/posts\/83546","targetHints":{"allow":["GET"]}}],"collection":[{"href":"https:\/\/estado29.mx\/index.php?rest_route=\/wp\/v2\/posts"}],"about":[{"href":"https:\/\/estado29.mx\/index.php?rest_route=\/wp\/v2\/types\/post"}],"author":[{"embeddable":true,"href":"https:\/\/estado29.mx\/index.php?rest_route=\/wp\/v2\/users\/4"}],"replies":[{"embeddable":true,"href":"https:\/\/estado29.mx\/index.php?rest_route=%2Fwp%2Fv2%2Fcomments&post=83546"}],"version-history":[{"count":1,"href":"https:\/\/estado29.mx\/index.php?rest_route=\/wp\/v2\/posts\/83546\/revisions"}],"predecessor-version":[{"id":83548,"href":"https:\/\/estado29.mx\/index.php?rest_route=\/wp\/v2\/posts\/83546\/revisions\/83548"}],"wp:featuredmedia":[{"embeddable":true,"href":"https:\/\/estado29.mx\/index.php?rest_route=\/wp\/v2\/media\/83547"}],"wp:attachment":[{"href":"https:\/\/estado29.mx\/index.php?rest_route=%2Fwp%2Fv2%2Fmedia&parent=83546"}],"wp:term":[{"taxonomy":"category","embeddable":true,"href":"https:\/\/estado29.mx\/index.php?rest_route=%2Fwp%2Fv2%2Fcategories&post=83546"},{"taxonomy":"post_tag","embeddable":true,"href":"https:\/\/estado29.mx\/index.php?rest_route=%2Fwp%2Fv2%2Ftags&post=83546"}],"curies":[{"name":"wp","href":"https:\/\/api.w.org\/{rel}","templated":true}]}}