{"id":83552,"date":"2022-11-30T13:57:09","date_gmt":"2022-11-30T13:57:09","guid":{"rendered":"https:\/\/estado29.mx\/?p=83552"},"modified":"2022-11-30T13:57:10","modified_gmt":"2022-11-30T13:57:10","slug":"inauguro-gobernadora-lorena-cuellar-instalaciones-del-crumt-en-chiautempan","status":"publish","type":"post","link":"https:\/\/estado29.mx\/?p=83552","title":{"rendered":"Inaugur\u00f3 gobernadora Lorena Cu\u00e9llar instalaciones del CRUMT en Chiautempan"},"content":{"rendered":"\n<p>*Refrenda el gobierno del estado el compromiso con el sector salud<\/p>\n\n\n\n<p>La gobernadora Lorena Cu\u00e9llar Cisneros inaugur\u00f3 las nuevas instalaciones del Centro Regulador de Urgencias M\u00e9dicas de Tlaxcala (Crumt), con una inversi\u00f3n de 9 millones 948 mil 751 pesos, que beneficiar\u00e1 a personal m\u00e9dico y param\u00e9dico, que tiene como sede el municipio de Chiautempan.<\/p>\n\n\n\n<p>Durante el acto inaugural, la titular del Ejecutivo local expres\u00f3 que era necesario dignificar el trabajo que d\u00eda con d\u00eda ejecutan los param\u00e9dicos, al estar al pendiente de las urgencias m\u00e9dicas de la poblaci\u00f3n tlaxcalteca, por lo que agradeci\u00f3 el trabajo de las dependencias involucradas, as\u00ed como a la Cruz Roja y al presidente municipal en este y otros proyectos que traer\u00e1n grandes beneficios y mejor seguridad.<\/p>\n\n\n\n<p>\u201cMe emociona saber que en este gobierno nos encontramos servidores p\u00fablicos que aman lo que hacen, que todos los d\u00edas, de lunes a domingo, ponen su mejor entrega para hacer realidad muchas cosas, por eso agradezco a mis compa\u00f1eros que han amado su trabajo\u201d, expres\u00f3.<\/p>\n\n\n\n<p>Asimismo, refrend\u00f3 su compromiso con la poblaci\u00f3n, al recordar el inicio de este proyecto, as\u00ed como la inversi\u00f3n en 21 ambulancias para los municipios. Por ello, enunci\u00f3 que \u201cvamos creciendo en equipamiento, en infraestructura, en medicamentos, en todos los rubros, porque tenemos compromiso\u201d.<\/p>\n\n\n\n<p>El secretario de Salud, Rigoberto Zamudio Meneses agradeci\u00f3 el apoyo del gobierno del estado por las nuevas instalaciones y explic\u00f3 la necesidad de mantener buenas condiciones para el Crumt y los trabajadores de la salud, pues enfatiz\u00f3 que en el estado se registran 2 mil 609 accidentes, en su mayor\u00eda automotrices, seguido por ca\u00eddas, as\u00ed como personas inconscientes y los primeros respondientes por salvaguardar la vida de los afectados son los param\u00e9dicos.<\/p>\n\n\n\n<p>Asimismo, reconoci\u00f3 a los param\u00e9dicos su labor de lucha ante la pandemia porque \u201cahorita vivimos una nueva era, pero ustedes estuvieron al frente de los traslados Covid que nadie quer\u00eda hacer, ustedes salvaron a pacientes\u201d.<\/p>\n\n\n\n<p>En su intervenci\u00f3n, el coordinador del Crumt, Alejandro Garrido Calva reconoci\u00f3 a la administraci\u00f3n que encabeza la gobernadora Lorena Cu\u00e9llar, por el desarrollo que ha mostrado el Centro en los \u00faltimos meses, con nuevas instalaciones, ambulancias, as\u00ed como el helic\u00f3ptero para transporte m\u00e9dico de urgencias.<\/p>\n\n\n\n<p>Posteriormente, las autoridades realizaron un recorrido por las instalaciones y participaron en la realizaci\u00f3n de un simulacro de activaci\u00f3n del servicio de solicitud de una ambulancia, a efecto de verificar y demostrar el funcionamiento de cada una de las \u00e1reas que integra el edificio de 441.90 m2, que se construy\u00f3 en 122 d\u00edas naturales, para beneficiar al personal m\u00e9dico y param\u00e9dico.<\/p>\n\n\n\n<p>La obra se ubica en Chiautempan y consta de planta baja con sala, comedor, cocina integral y medio ba\u00f1o para hombres y mujeres; as\u00ed como una planta alta con dos habitaciones con ba\u00f1o completo para hombres y mujeres; un m\u00f3dulo de comando y control, encargadas de monitoreo de videovigilancia, con conexi\u00f3n directa con el C5i, para la coordinaci\u00f3n y canalizaci\u00f3n adecuada de los incidentes.<\/p>\n\n\n\n<p>Al evento asistieron la presidenta honor\u00edfica del Comit\u00e9 Consultivo de Bienestar y Desarrollo Social del Estado, Fernanda Espinosa de los Monteros Cu\u00e9llar; el secretario de Infraestructura, Alfonso S\u00e1nchez Garc\u00eda; el delegado estatal de Cruz Roja Mexicana, Miguel Garc\u00eda M\u00e9ndez Salazar; el presidente municipal de Chiautempan, Gustavo Jim\u00e9nez, as\u00ed como los titulares de la Secretar\u00eda de Desarrollo Econ\u00f3mico, Javier Marroqu\u00edn y la secretaria de Turismo, Josefina Rodr\u00edguez Zamora, entre otros funcionarios y los param\u00e9dicos de la salud.<\/p>\n","protected":false},"excerpt":{"rendered":"<p>*Refrenda el gobierno del estado el compromiso con el sector salud La gobernadora Lorena Cu\u00e9llar Cisneros inaugur\u00f3 las nuevas instalaciones del Centro Regulador de Urgencias M\u00e9dicas de Tlaxcala (Crumt), con una inversi\u00f3n de 9 millones 948 mil 751 pesos, que beneficiar\u00e1 a personal m\u00e9dico y param\u00e9dico, que tiene como sede el municipio de Chiautempan. Durante [&hellip;]<\/p>\n","protected":false},"author":4,"featured_media":83553,"comment_status":"open","ping_status":"open","sticky":false,"template":"","format":"standard","meta":{"om_disable_all_campaigns":false,"_monsterinsights_skip_tracking":false,"_monsterinsights_sitenote_active":false,"_monsterinsights_sitenote_note":"","_monsterinsights_sitenote_category":0,"jnews-multi-image_gallery":[],"jnews_single_post":{"subtitle":"","format":"standard","video":"","gallery":"","source_name":"","source_url":"","via_name":"","via_url":"","override_template":"0","override":[{"template":"1","single_blog_custom":"","parallax":"1","fullscreen":"1","layout":"right-sidebar","sidebar":"default-sidebar","second_sidebar":"default-sidebar","sticky_sidebar":"1","share_position":"top","share_float_style":"share-monocrhome","show_share_counter":"1","show_view_counter":"1","show_featured":"1","show_post_meta":"1","show_post_author":"1","show_post_author_image":"1","show_post_date":"1","post_date_format":"default","post_date_format_custom":"Y\/m\/d","show_post_category":"1","show_post_reading_time":"0","post_reading_time_wpm":"300","show_zoom_button":"0","zoom_button_out_step":"2","zoom_button_in_step":"3","show_post_tag":"1","show_prev_next_post":"1","show_popup_post":"1","number_popup_post":"1","show_author_box":"1","show_post_related":"0","show_inline_post_related":"0"}],"override_image_size":"0","image_override":[{"single_post_thumbnail_size":"crop-500","single_post_gallery_size":"crop-500"}],"trending_post":"0","trending_post_position":"meta","trending_post_label":"Trending","sponsored_post":"0","sponsored_post_label":"Sponsored by","sponsored_post_name":"","sponsored_post_url":"","sponsored_post_logo_enable":"0","sponsored_post_logo":"","sponsored_post_desc":"","disable_ad":"0"},"jnews_primary_category":{"id":""},"footnotes":""},"categories":[43,52],"tags":[150,110,141,119,96],"class_list":["post-83552","post","type-post","status-publish","format-standard","has-post-thumbnail","hentry","category-estado","category-gobierno-de-tlaxcala","tag-gobierno-del-estado","tag-municipios","tag-salud","tag-seguridad","tag-tlaxcala"],"aioseo_notices":[],"_links":{"self":[{"href":"https:\/\/estado29.mx\/index.php?rest_route=\/wp\/v2\/posts\/83552","targetHints":{"allow":["GET"]}}],"collection":[{"href":"https:\/\/estado29.mx\/index.php?rest_route=\/wp\/v2\/posts"}],"about":[{"href":"https:\/\/estado29.mx\/index.php?rest_route=\/wp\/v2\/types\/post"}],"author":[{"embeddable":true,"href":"https:\/\/estado29.mx\/index.php?rest_route=\/wp\/v2\/users\/4"}],"replies":[{"embeddable":true,"href":"https:\/\/estado29.mx\/index.php?rest_route=%2Fwp%2Fv2%2Fcomments&post=83552"}],"version-history":[{"count":1,"href":"https:\/\/estado29.mx\/index.php?rest_route=\/wp\/v2\/posts\/83552\/revisions"}],"predecessor-version":[{"id":83554,"href":"https:\/\/estado29.mx\/index.php?rest_route=\/wp\/v2\/posts\/83552\/revisions\/83554"}],"wp:featuredmedia":[{"embeddable":true,"href":"https:\/\/estado29.mx\/index.php?rest_route=\/wp\/v2\/media\/83553"}],"wp:attachment":[{"href":"https:\/\/estado29.mx\/index.php?rest_route=%2Fwp%2Fv2%2Fmedia&parent=83552"}],"wp:term":[{"taxonomy":"category","embeddable":true,"href":"https:\/\/estado29.mx\/index.php?rest_route=%2Fwp%2Fv2%2Fcategories&post=83552"},{"taxonomy":"post_tag","embeddable":true,"href":"https:\/\/estado29.mx\/index.php?rest_route=%2Fwp%2Fv2%2Ftags&post=83552"}],"curies":[{"name":"wp","href":"https:\/\/api.w.org\/{rel}","templated":true}]}}