{"id":83565,"date":"2022-12-01T13:27:28","date_gmt":"2022-12-01T13:27:28","guid":{"rendered":"https:\/\/estado29.mx\/?p=83565"},"modified":"2022-12-01T13:27:29","modified_gmt":"2022-12-01T13:27:29","slug":"realiza-iem-segunda-feria-de-fuentes-de-financiamiento-y-casos-de-exito","status":"publish","type":"post","link":"https:\/\/estado29.mx\/?p=83565","title":{"rendered":"Realiza IEM segunda feria de fuentes de financiamiento y casos de \u00e9xito"},"content":{"rendered":"\n<p>*Diversas dependencias sumaron esfuerzos con el IEM para lograr el empoderamiento econ\u00f3mico de la mujer en Tlaxcala<\/p>\n\n\n\n<p>El Instituto Estatal de la Mujer (IEM), la Procuradur\u00eda General de Justicia del Estado (PGJE) y la Comisi\u00f3n Estatal de Derechos Humanos (CEDH), efectuaron la segunda edici\u00f3n de la Feria de Fuentes de Financiamiento y Casos de \u00c9xito de Mujeres Emprendedoras, en el Tecnol\u00f3gico Nacional de M\u00e9xico, campus Apizaco.<\/p>\n\n\n\n<p>Lo anterior, como parte de las estrategias que encabeza Lorena Cu\u00e9llar Cisneros, para promover la autonom\u00eda econ\u00f3mica y patrimonial del sector femenil, as\u00ed como reconocer los casos de \u00e9xito de las mujeres que inspiren a la poblaci\u00f3n a desafiar los retos y lograr as\u00ed su empoderamiento.<\/p>\n\n\n\n<p>En su mensaje, la directora del IEM, Margarita Cisneros Tzoni agradeci\u00f3 a las instituciones por la suma de esfuerzos que permitir\u00e1 crear una nueva historia para la autonom\u00eda econ\u00f3mica de las mujeres que han padecido casos de violencia.<\/p>\n\n\n\n<p>Asimismo, se\u00f1al\u00f3 que uno de los objetivos de visitar la instituci\u00f3n educativa, es invitar a m\u00e1s mujeres estudiantes a emprender para crear herramientas que permitan su desarrollo personal y laboral, as\u00ed como la comercializaci\u00f3n de los productos que elaboran.<\/p>\n\n\n\n<p>Por ello, destac\u00f3 la importancia del emprendimiento y la vinculaci\u00f3n del sector femenil hacia las empresas, ya que mencion\u00f3 que a trav\u00e9s de estas estrategias se debe abatir la violencia.<\/p>\n\n\n\n<p>Al evento asisti\u00f3 el secretario de Impulso Agropecuario (SIA), Rafael de la Pe\u00f1a Bernal y los representantes del Fondo Macro para el Desarrollo Integral de Tlaxcala (Fomtlax), del Tribunal Superior de Justicia del Estado (TSJE) y de la Universidad Aut\u00f3noma de Tlaxcala (UATx).<\/p>\n","protected":false},"excerpt":{"rendered":"<p>*Diversas dependencias sumaron esfuerzos con el IEM para lograr el empoderamiento econ\u00f3mico de la mujer en Tlaxcala El Instituto Estatal de la Mujer (IEM), la Procuradur\u00eda General de Justicia del Estado (PGJE) y la Comisi\u00f3n Estatal de Derechos Humanos (CEDH), efectuaron la segunda edici\u00f3n de la Feria de Fuentes de Financiamiento y Casos de \u00c9xito [&hellip;]<\/p>\n","protected":false},"author":4,"featured_media":83566,"comment_status":"open","ping_status":"open","sticky":false,"template":"","format":"standard","meta":{"om_disable_all_campaigns":false,"_monsterinsights_skip_tracking":false,"_monsterinsights_sitenote_active":false,"_monsterinsights_sitenote_note":"","_monsterinsights_sitenote_category":0,"jnews-multi-image_gallery":[],"jnews_single_post":{"subtitle":"","format":"standard","video":"","gallery":"","source_name":"","source_url":"","via_name":"","via_url":"","override_template":"0","override":[{"template":"1","single_blog_custom":"","parallax":"1","fullscreen":"1","layout":"right-sidebar","sidebar":"default-sidebar","second_sidebar":"default-sidebar","sticky_sidebar":"1","share_position":"top","share_float_style":"share-monocrhome","show_share_counter":"1","show_view_counter":"1","show_featured":"1","show_post_meta":"1","show_post_author":"1","show_post_author_image":"1","show_post_date":"1","post_date_format":"default","post_date_format_custom":"Y\/m\/d","show_post_category":"1","show_post_reading_time":"0","post_reading_time_wpm":"300","show_zoom_button":"0","zoom_button_out_step":"2","zoom_button_in_step":"3","show_post_tag":"1","show_prev_next_post":"1","show_popup_post":"1","number_popup_post":"1","show_author_box":"1","show_post_related":"0","show_inline_post_related":"0"}],"override_image_size":"0","image_override":[{"single_post_thumbnail_size":"crop-500","single_post_gallery_size":"crop-500"}],"trending_post":"0","trending_post_position":"meta","trending_post_label":"Trending","sponsored_post":"0","sponsored_post_label":"Sponsored by","sponsored_post_name":"","sponsored_post_url":"","sponsored_post_logo_enable":"0","sponsored_post_logo":"","sponsored_post_desc":"","disable_ad":"0"},"jnews_primary_category":{"id":""},"footnotes":""},"categories":[43,52],"tags":[150,110,96],"class_list":["post-83565","post","type-post","status-publish","format-standard","has-post-thumbnail","hentry","category-estado","category-gobierno-de-tlaxcala","tag-gobierno-del-estado","tag-municipios","tag-tlaxcala"],"aioseo_notices":[],"_links":{"self":[{"href":"https:\/\/estado29.mx\/index.php?rest_route=\/wp\/v2\/posts\/83565","targetHints":{"allow":["GET"]}}],"collection":[{"href":"https:\/\/estado29.mx\/index.php?rest_route=\/wp\/v2\/posts"}],"about":[{"href":"https:\/\/estado29.mx\/index.php?rest_route=\/wp\/v2\/types\/post"}],"author":[{"embeddable":true,"href":"https:\/\/estado29.mx\/index.php?rest_route=\/wp\/v2\/users\/4"}],"replies":[{"embeddable":true,"href":"https:\/\/estado29.mx\/index.php?rest_route=%2Fwp%2Fv2%2Fcomments&post=83565"}],"version-history":[{"count":1,"href":"https:\/\/estado29.mx\/index.php?rest_route=\/wp\/v2\/posts\/83565\/revisions"}],"predecessor-version":[{"id":83567,"href":"https:\/\/estado29.mx\/index.php?rest_route=\/wp\/v2\/posts\/83565\/revisions\/83567"}],"wp:featuredmedia":[{"embeddable":true,"href":"https:\/\/estado29.mx\/index.php?rest_route=\/wp\/v2\/media\/83566"}],"wp:attachment":[{"href":"https:\/\/estado29.mx\/index.php?rest_route=%2Fwp%2Fv2%2Fmedia&parent=83565"}],"wp:term":[{"taxonomy":"category","embeddable":true,"href":"https:\/\/estado29.mx\/index.php?rest_route=%2Fwp%2Fv2%2Fcategories&post=83565"},{"taxonomy":"post_tag","embeddable":true,"href":"https:\/\/estado29.mx\/index.php?rest_route=%2Fwp%2Fv2%2Ftags&post=83565"}],"curies":[{"name":"wp","href":"https:\/\/api.w.org\/{rel}","templated":true}]}}